{"id":60870,"date":"2025-10-29T21:12:16","date_gmt":"2025-10-30T00:12:16","guid":{"rendered":"https:\/\/radiorevelacionfm.cl\/?p=60870"},"modified":"2025-10-29T21:12:16","modified_gmt":"2025-10-30T00:12:16","slug":"historia-del-disfraz-de-los-rituales-sagrados-al-halloween-moderno","status":"publish","type":"post","link":"https:\/\/radiorevelacionfm.cl\/?p=60870","title":{"rendered":"Historia del disfraz: De los rituales sagrados al Halloween moderno"},"content":{"rendered":"<div class=\"flex_column av_one_full  flex_column_div av-zero-column-padding first  avia-builder-el-0  el_before_av_one_full  avia-builder-el-first  \" style='border-radius:0px; '><div  class='avia-image-container  av-styling-    avia-builder-el-1  avia-builder-el-no-sibling  avia-align-center '  itemprop=\"image\" itemscope=\"itemscope\" itemtype=\"https:\/\/schema.org\/ImageObject\"  ><div class='avia-image-container-inner'><div class='avia-image-overlay-wrap'><img decoding=\"async\" class='wp-image-60871 avia-img-lazy-loading-not-60871 avia_image' src=\"https:\/\/radiorevelacionfm.cl\/wp-content\/uploads\/2025\/10\/La-historia-del-disfraz-7-1-1.jpeg\" alt='' title='La historia del disfraz (7) (1) (1)' height=\"600\" width=\"891\"  itemprop=\"thumbnailUrl\" srcset=\"https:\/\/radiorevelacionfm.cl\/wp-content\/uploads\/2025\/10\/La-historia-del-disfraz-7-1-1.jpeg 891w, https:\/\/radiorevelacionfm.cl\/wp-content\/uploads\/2025\/10\/La-historia-del-disfraz-7-1-1-300x202.jpeg 300w, https:\/\/radiorevelacionfm.cl\/wp-content\/uploads\/2025\/10\/La-historia-del-disfraz-7-1-1-768x517.jpeg 768w, https:\/\/radiorevelacionfm.cl\/wp-content\/uploads\/2025\/10\/La-historia-del-disfraz-7-1-1-705x475.jpeg 705w, https:\/\/radiorevelacionfm.cl\/wp-content\/uploads\/2025\/10\/La-historia-del-disfraz-7-1-1-450x303.jpeg 450w, https:\/\/radiorevelacionfm.cl\/wp-content\/uploads\/2025\/10\/La-historia-del-disfraz-7-1-1-600x404.jpeg 600w\" sizes=\"(max-width: 891px) 100vw, 891px\" \/><\/div><\/div><\/div><\/div><div class=\"flex_column av_one_full  flex_column_div av-zero-column-padding first  avia-builder-el-2  el_after_av_one_full  el_before_av_one_full  column-top-margin\" style='border-radius:0px; '><section class=\"av_textblock_section \"  itemscope=\"itemscope\" itemtype=\"https:\/\/schema.org\/BlogPosting\" itemprop=\"blogPost\" ><div class='avia_textblock  '   itemprop=\"text\" ><p style=\"text-align: center;\"><strong><span style=\"font-size: 18pt;\">Historia del disfraz: De los rituales sagrados al Halloween moderno<\/span><\/strong><\/p>\n<div id=\"gtx-trans\" style=\"position: absolute; left: -50px; top: 4.31534px;\">\n<div class=\"gtx-trans-icon\"><\/div>\n<\/div>\n<\/div><\/section><\/div><div class=\"flex_column av_one_full  flex_column_div av-zero-column-padding first  avia-builder-el-4  el_after_av_one_full  el_before_av_hr  column-top-margin\" style='border-radius:0px; '><section class=\"av_textblock_section \"  itemscope=\"itemscope\" itemtype=\"https:\/\/schema.org\/BlogPosting\" itemprop=\"blogPost\" ><div class='avia_textblock  '   itemprop=\"text\" ><p style=\"text-align: justify;\">Antes de transformarse en una fiesta de dulces y m\u00e1scaras aterradoras, Halloween fue una celebraci\u00f3n profundamente espiritual. Sus ra\u00edces, al igual que las del disfraz, se remontan a antiguas tradiciones humanas que usaban la indumentaria para proteger, conectar y trascender.<\/p>\n<p style=\"text-align: justify;\">Halloween es una de esas celebraciones que llegaron para quedarse y es que los disfraces y los dulces son la excusa perfecta para celebrar en una \u00e9poca del a\u00f1o en que el clima llama a salir, por fin, de la casa.<\/p>\n<p style=\"text-align: justify;\">La historia de Halloween en s\u00ed es ampliamente conocida, pero \u00bfc\u00f3mo comenzamos los seres humanos a usar disfraces?, \u00bfpor qu\u00e9 nos disfrazamos?<\/p>\n<p style=\"text-align: justify;\">Seg\u00fan <strong>Javiera Fernandoy<\/strong>, acad\u00e9mica de Dise\u00f1o de Vestuario y Textil del Campus Creativo de la Universidad Andr\u00e9s Bello (UNAB), el acto de cubrir el cuerpo con ornamentos o textiles tiene una historia mucho m\u00e1s antigua que el entretenimiento.<\/p>\n<p style=\"text-align: justify;\">\u201cEl uso de textiles y ornamentos para cubrir el cuerpo se remonta a la prehistoria, y su prop\u00f3sito responde <strong>a funciones pr\u00e1cticas<\/strong>, como protegerlo de los elementos, as\u00ed como tambi\u00e9n a funciones de <strong>car\u00e1cter simb\u00f3lico e identitario<\/strong>\u201d, explica. En esas ra\u00edces, agrega, puede encontrarse el origen mismo de la pr\u00e1ctica de disfrazarse.<\/p>\n<p style=\"text-align: justify;\">En las culturas prehist\u00f3ricas y tradicionales, las m\u00e1scaras, pinturas corporales y pieles de animales eran s\u00edmbolos de conexi\u00f3n con lo divino. Vestirse como un ser espiritual o animal sagrado no era un juego, sino una forma de adquirir su poder o protecci\u00f3n.<\/p>\n<h3 style=\"text-align: justify;\"><span style=\"font-size: 14pt;\"><strong>Teatros y carnavales <\/strong><\/span><\/h3>\n<p style=\"text-align: justify;\">Con el tiempo, esa funci\u00f3n ritual deriv\u00f3 en usos m\u00e1s seculares, como el teatro en la antig\u00fcedad cl\u00e1sica, donde las m\u00e1scaras ayudaban a representar emociones y arquetipos reconocibles. \u201cLes permit\u00edan a los actores despersonalizarse y representar distintos personajes, mientras que al p\u00fablico le facilitaban identificarse con los ideales que se representaban\u201d, comenta Fernandoy.<\/p>\n<p style=\"text-align: justify;\">El siguiente gran salto vino con los carnavales y las fiestas populares europeas. Desde los cultos a Dionisio hasta el Carnaval de Venecia, el disfraz se transform\u00f3 en una herramienta de liberaci\u00f3n y transgresi\u00f3n.<\/p>\n<p style=\"text-align: justify;\">Las m\u00e1scaras ofrec\u00edan anonimato en contextos donde las normas sociales eran r\u00edgidas. \u201cAl esconder su identidad, las personas se encontraban protegidas ante la mirada juiciosa de la sociedad, pudiendo liberar sus pasiones e instintos m\u00e1s reprimidos\u201d, se\u00f1ala la acad\u00e9mica.<\/p>\n<p style=\"text-align: justify;\">En eventos como las Saturnales romanas o los bailes de m\u00e1scaras de la Europa moderna, el disfraz permit\u00eda invertir temporalmente el orden social: reyes que se vest\u00edan de campesinos, bufones que jugaban a ser nobles.<\/p>\n<h3 style=\"text-align: justify;\"><span style=\"font-size: 14pt;\"><strong>Democratizaci\u00f3n del disfraz <\/strong><\/span><\/h3>\n<p style=\"text-align: justify;\">Con la <strong>Revoluci\u00f3n Industrial<\/strong>, el disfraz se democratiz\u00f3. Los avances textiles y el surgimiento de una clase media con mayor poder adquisitivo hicieron posible su producci\u00f3n masiva. \u201cEl siglo XIX y XX marcaron la estandarizaci\u00f3n y comercializaci\u00f3n del disfraz, especialmente con el auge del cine, la televisi\u00f3n y los c\u00f3mics\u201d, explica Fernandoy.<\/p>\n<p style=\"text-align: justify;\">Empresas como Ben Cooper Inc. o Rubie\u2019s Costume transformaron esta pr\u00e1ctica en una industria global, ligada al ocio y el consumo.<\/p>\n<h3 style=\"text-align: justify;\"><span style=\"font-size: 14pt;\"><strong>Halloween y el D\u00eda de los Muertos <\/strong><\/span><\/h3>\n<p style=\"text-align: justify;\">Halloween, tal como lo conocemos hoy, es fruto de esa evoluci\u00f3n. Su origen est\u00e1 en la festividad celta de <strong>Samhain<\/strong>, que marcaba el fin de la cosecha y el inicio del invierno, cuando \u201cel velo entre el mundo de los vivos y los muertos se hac\u00eda m\u00e1s delgado\u201d.<\/p>\n<p style=\"text-align: justify;\">Para ahuyentar a los esp\u00edritus, las personas se vest\u00edan con pieles y m\u00e1scaras que los ayudaban a mimetizarse con ellos. Con el tiempo, y tras la influencia del cristianismo y las migraciones irlandesas a Estados Unidos, la tradici\u00f3n mut\u00f3 hacia una celebraci\u00f3n secular y comercial, enfocada en la infancia y en el entretenimiento comunitario.<\/p>\n<p style=\"text-align: justify;\">En tanto el D\u00eda de los Muertos tiene su origen en rituales prehisp\u00e1nicos, Mesoamericanos, quienes celebraban a sus ancestros y, a diferencia de la visi\u00f3n celta, ve\u00edan a la muerte como una parte de vida.<\/p>\n<p style=\"text-align: justify;\">En ese contexto la celebraci\u00f3n del D\u00eda de Muertos ten\u00eda un fin m\u00e1s bien conmemorativo en que familiares y amigos homenajean a los fallecidos, con altares y ofrendas de alimentos y bebidas. Entre los elementos distintivos est\u00e1n las calaveras y flores de cempas\u00fachil para honrar a los difuntos.<\/p>\n<p style=\"text-align: justify;\">Fernandoy distingue dos grandes formas contempor\u00e1neas de entender la festividad: \u201cMientras en M\u00e9xico el D\u00eda de los Muertos representa una experiencia comunitaria y ritual de identidad y memoria colectiva, el Halloween estadounidense se centra en la performance individual, en una liberaci\u00f3n moral y simb\u00f3lica donde el disfraz permite explorar identidades tab\u00faes, grotescas o burlescas\u201d.<\/p>\n<h3 style=\"text-align: justify;\"><span style=\"font-size: 14pt;\"><strong>Disfrazarse para transformar<\/strong><\/span><\/h3>\n<p style=\"text-align: justify;\">En ambos casos, el disfraz sigue cumpliendo una funci\u00f3n ancestral: <strong>conectar al individuo con aquello que teme, desea o imagina ser. <\/strong>Desde las m\u00e1scaras de animales sagrados hasta los trajes de superh\u00e9roes o monstruos, lo que cambia no es la intenci\u00f3n, sino el contexto. \u201c<strong>El disfraz ha sido siempre un medio para transformar, aunque sea por unas horas, qui\u00e9nes somos y c\u00f3mo nos mostramos ante los dem\u00e1s<\/strong>\u201d, concluye Fernandoy.<\/p>\n<p style=\"text-align: justify;\">As\u00ed, entre lo sagrado y lo l\u00fadico, el disfraz contin\u00faa siendo un espejo de nuestra identidad: un lenguaje visual que atraviesa los siglos, capaz de reflejar tanto nuestras sombras como nuestros sue\u00f1os.<\/p>\n<\/div><\/section><\/div><div  style='height:50px' class='hr hr-invisible   avia-builder-el-6  el_after_av_one_full  el_before_av_social_share '><span class='hr-inner ' ><span class='hr-inner-style'><\/span><\/span><\/div><\/p>\n<div  class='av-social-sharing-box  avia-builder-el-7  el_after_av_hr  el_before_av_hr  '><div class='av-share-box'><h5 class='av-share-link-description av-no-toc '>Compartir esta noticia<\/h5><ul class='av-share-box-list noLightbox'><li class='av-share-link av-social-link-facebook' ><a target=\"_blank\" aria-label=\"Compartir en Facebook\" href='https:\/\/www.facebook.com\/sharer.php?u=https:\/\/radiorevelacionfm.cl\/?p=60870&#038;t=Historia%20del%20disfraz%3A%20De%20los%20rituales%20sagrados%20al%20Halloween%20moderno' aria-hidden='false' data-av_icon='\ue8f3' data-av_iconfont='entypo-fontello' title='' data-avia-related-tooltip='Compartir en Facebook' rel=\"noopener\"><span class='avia_hidden_link_text'>Compartir en Facebook<\/span><\/a><\/li><li class='av-share-link av-social-link-twitter' ><a target=\"_blank\" aria-label=\"Compartir en Twitter\" href='https:\/\/twitter.com\/share?text=Historia%20del%20disfraz%3A%20De%20los%20rituales%20sagrados%20al%20Halloween%20moderno&#038;url=https:\/\/radiorevelacionfm.cl\/?p=60870' aria-hidden='false' data-av_icon='\ue8f1' data-av_iconfont='entypo-fontello' title='' data-avia-related-tooltip='Compartir en Twitter' rel=\"noopener\"><span class='avia_hidden_link_text'>Compartir en Twitter<\/span><\/a><\/li><li class='av-share-link av-social-link-whatsapp' ><a target=\"_blank\" aria-label=\"Compartir en Whatsapp\" href='https:\/\/api.whatsapp.com\/send?text=https:\/\/radiorevelacionfm.cl\/?p=60870' aria-hidden='false' data-av_icon='\uf232' data-av_iconfont='entypo-fontello' title='' data-avia-related-tooltip='Compartir en Whatsapp' rel=\"noopener\"><span class='avia_hidden_link_text'>Compartir en Whatsapp<\/span><\/a><\/li><li class='av-share-link av-social-link-linkedin' ><a target=\"_blank\" aria-label=\"Compartir en LinkedIn\" href='https:\/\/linkedin.com\/shareArticle?mini=true&#038;title=Historia%20del%20disfraz%3A%20De%20los%20rituales%20sagrados%20al%20Halloween%20moderno&#038;url=https:\/\/radiorevelacionfm.cl\/?p=60870' aria-hidden='false' data-av_icon='\ue8fc' data-av_iconfont='entypo-fontello' title='' data-avia-related-tooltip='Compartir en LinkedIn' rel=\"noopener\"><span class='avia_hidden_link_text'>Compartir en LinkedIn<\/span><\/a><\/li><li class='av-share-link av-social-link-mail' ><a  aria-label=\"Compartir por correo\" href='mailto:?subject=Historia%20del%20disfraz%3A%20De%20los%20rituales%20sagrados%20al%20Halloween%20moderno&#038;body=https:\/\/radiorevelacionfm.cl\/?p=60870' aria-hidden='false' data-av_icon='\ue805' data-av_iconfont='entypo-fontello' title='' data-avia-related-tooltip='Compartir por correo'><span class='avia_hidden_link_text'>Compartir por correo<\/span><\/a><\/li><\/ul><\/div><\/div>\n<div  style='height:50px' class='hr hr-invisible   avia-builder-el-8  el_after_av_social_share  el_before_av_comments_list '><span class='hr-inner ' ><span class='hr-inner-style'><\/span><\/span><\/div>\n<div  class='av-buildercomment  av-blog-meta-html-info-disabled av-blog-meta-tag-disabled  '><\/div>\n","protected":false},"excerpt":{"rendered":"","protected":false},"author":1,"featured_media":60871,"comment_status":"closed","ping_status":"closed","sticky":false,"template":"","format":"standard","meta":{"footnotes":""},"categories":[61],"tags":[],"class_list":["post-60870","post","type-post","status-publish","format-standard","has-post-thumbnail","hentry","category-nacional"],"jetpack_featured_media_url":"https:\/\/radiorevelacionfm.cl\/wp-content\/uploads\/2025\/10\/La-historia-del-disfraz-7-1-1.jpeg","_links":{"self":[{"href":"https:\/\/radiorevelacionfm.cl\/index.php?rest_route=\/wp\/v2\/posts\/60870","targetHints":{"allow":["GET"]}}],"collection":[{"href":"https:\/\/radiorevelacionfm.cl\/index.php?rest_route=\/wp\/v2\/posts"}],"about":[{"href":"https:\/\/radiorevelacionfm.cl\/index.php?rest_route=\/wp\/v2\/types\/post"}],"author":[{"embeddable":true,"href":"https:\/\/radiorevelacionfm.cl\/index.php?rest_route=\/wp\/v2\/users\/1"}],"replies":[{"embeddable":true,"href":"https:\/\/radiorevelacionfm.cl\/index.php?rest_route=%2Fwp%2Fv2%2Fcomments&post=60870"}],"version-history":[{"count":2,"href":"https:\/\/radiorevelacionfm.cl\/index.php?rest_route=\/wp\/v2\/posts\/60870\/revisions"}],"predecessor-version":[{"id":60946,"href":"https:\/\/radiorevelacionfm.cl\/index.php?rest_route=\/wp\/v2\/posts\/60870\/revisions\/60946"}],"wp:featuredmedia":[{"embeddable":true,"href":"https:\/\/radiorevelacionfm.cl\/index.php?rest_route=\/wp\/v2\/media\/60871"}],"wp:attachment":[{"href":"https:\/\/radiorevelacionfm.cl\/index.php?rest_route=%2Fwp%2Fv2%2Fmedia&parent=60870"}],"wp:term":[{"taxonomy":"category","embeddable":true,"href":"https:\/\/radiorevelacionfm.cl\/index.php?rest_route=%2Fwp%2Fv2%2Fcategories&post=60870"},{"taxonomy":"post_tag","embeddable":true,"href":"https:\/\/radiorevelacionfm.cl\/index.php?rest_route=%2Fwp%2Fv2%2Ftags&post=60870"}],"curies":[{"name":"wp","href":"https:\/\/api.w.org\/{rel}","templated":true}]}}