{"id":60866,"date":"2025-10-29T12:16:33","date_gmt":"2025-10-29T15:16:33","guid":{"rendered":"https:\/\/radiorevelacionfm.cl\/?p=60866"},"modified":"2025-10-29T12:16:33","modified_gmt":"2025-10-29T15:16:33","slug":"edelaysen-refuerza-su-compromiso-ambiental-junto-al-jardin-infantil-martin-pescador-de-coyhaique","status":"publish","type":"post","link":"https:\/\/radiorevelacionfm.cl\/?p=60866","title":{"rendered":"Edelaysen refuerza su compromiso ambiental junto al Jard\u00edn Infantil Mart\u00edn Pescador de Coyhaique"},"content":{"rendered":"<div class=\"flex_column av_one_full  flex_column_div av-zero-column-padding first  avia-builder-el-0  el_before_av_one_full  avia-builder-el-first  \" style='border-radius:0px; '><div  class='avia-image-container  av-styling-    avia-builder-el-1  avia-builder-el-no-sibling  avia-align-center '  itemprop=\"image\" itemscope=\"itemscope\" itemtype=\"https:\/\/schema.org\/ImageObject\"  ><div class='avia-image-container-inner'><div class='avia-image-overlay-wrap'><img decoding=\"async\" class='wp-image-60867 avia-img-lazy-loading-not-60867 avia_image' src=\"https:\/\/radiorevelacionfm.cl\/wp-content\/uploads\/2025\/10\/sala-cuna-y-jardin-martin-pescador-1-1_optimized-1.jpeg\" alt='' title='sala-cuna-y-jard\u00edn-mart\u00edn-pescador-(1)-(1)_optimized (1)' height=\"600\" width=\"1067\"  itemprop=\"thumbnailUrl\" srcset=\"https:\/\/radiorevelacionfm.cl\/wp-content\/uploads\/2025\/10\/sala-cuna-y-jardin-martin-pescador-1-1_optimized-1.jpeg 1067w, https:\/\/radiorevelacionfm.cl\/wp-content\/uploads\/2025\/10\/sala-cuna-y-jardin-martin-pescador-1-1_optimized-1-300x169.jpeg 300w, https:\/\/radiorevelacionfm.cl\/wp-content\/uploads\/2025\/10\/sala-cuna-y-jardin-martin-pescador-1-1_optimized-1-1030x579.jpeg 1030w, https:\/\/radiorevelacionfm.cl\/wp-content\/uploads\/2025\/10\/sala-cuna-y-jardin-martin-pescador-1-1_optimized-1-768x432.jpeg 768w, https:\/\/radiorevelacionfm.cl\/wp-content\/uploads\/2025\/10\/sala-cuna-y-jardin-martin-pescador-1-1_optimized-1-705x396.jpeg 705w, https:\/\/radiorevelacionfm.cl\/wp-content\/uploads\/2025\/10\/sala-cuna-y-jardin-martin-pescador-1-1_optimized-1-450x253.jpeg 450w, https:\/\/radiorevelacionfm.cl\/wp-content\/uploads\/2025\/10\/sala-cuna-y-jardin-martin-pescador-1-1_optimized-1-600x337.jpeg 600w\" sizes=\"(max-width: 1067px) 100vw, 1067px\" \/><\/div><\/div><\/div><\/div><div class=\"flex_column av_one_full  flex_column_div av-zero-column-padding first  avia-builder-el-2  el_after_av_one_full  el_before_av_one_full  column-top-margin\" style='border-radius:0px; '><section class=\"av_textblock_section \"  itemscope=\"itemscope\" itemtype=\"https:\/\/schema.org\/BlogPosting\" itemprop=\"blogPost\" ><div class='avia_textblock  '   itemprop=\"text\" ><p style=\"text-align: center;\"><strong><span style=\"font-size: 18pt;\">Edelaysen refuerza su compromiso ambiental junto al Jard\u00edn Infantil Mart\u00edn Pescador de Coyhaique<\/span><\/strong><\/p>\n<div id=\"gtx-trans\" style=\"position: absolute; left: -50px; top: 4.31534px;\">\n<div class=\"gtx-trans-icon\"><\/div>\n<\/div>\n<\/div><\/section><\/div><div class=\"flex_column av_one_full  flex_column_div av-zero-column-padding first  avia-builder-el-4  el_after_av_one_full  el_before_av_hr  column-top-margin\" style='border-radius:0px; '><section class=\"av_textblock_section \"  itemscope=\"itemscope\" itemtype=\"https:\/\/schema.org\/BlogPosting\" itemprop=\"blogPost\" ><div class='avia_textblock  '   itemprop=\"text\" ><p style=\"text-align: justify;\">En el marco de la campa\u00f1a \u201cPatagonia, \u00a1ponte las pilas!\u201d, visitaron el establecimiento invitando a su comunidad educativa a sumarse a la recolecci\u00f3n de pilas en desuso para proteger el medioambiente.<\/p>\n<p style=\"text-align: justify;\">Edelaysen contin\u00faa desarrollando acciones que promueven el cuidado del medioambiente y la gesti\u00f3n responsable de los residuos en la Regi\u00f3n de Ays\u00e9n. En esta oportunidad, la el\u00e9ctrica visit\u00f3 al Jard\u00edn y Sala Cuna Mart\u00edn Pescador de Coyhaique, establecimiento que se sum\u00f3 a la campa\u00f1a \u201cPatagonia, \u00a1ponte las pilas!\u201d, impulsada por el Grupo Saesa para fomentar la recolecci\u00f3n y reciclaje de pilas en desuso.<\/p>\n<p style=\"text-align: justify;\">Durante la visita, representantes de Edelaysen compartieron con educadoras y ni\u00f1os del jard\u00edn una jornada educativa y participativa, en la que se abordaron los efectos que provocan las pilas cuando no se disponen correctamente, y c\u00f3mo su reciclaje contribuye a proteger los suelos, el agua y la biodiversidad local. Adem\u00e1s, se habilit\u00f3 un punto de acopio en el establecimiento, para que las familias puedan depositar sus pilas usadas y contribuir activamente a esta causa ambiental.<\/p>\n<p style=\"text-align: justify;\">En tal sentido, Yasna Vera, ejecutiva de relacionamiento de Edelaysen destac\u00f3 que: \u201cPara Edelaysen es muy importante llegar a los m\u00e1s peque\u00f1os, porque son ellos quienes transmiten a sus familias el valor del cuidado del entorno. Queremos que esta campa\u00f1a siga creciendo y que m\u00e1s comunidades educativas se sumen. En ese sentido, quiero recordarles que la campa\u00f1a est\u00e1 vigente hasta el 30 de noviembre para que se acerquen a depositar sus pilas en desuso\u201d.<\/p>\n<p style=\"text-align: justify;\">Por su parte Malvina Aguilera, directora del Jard\u00edn Infantil y Sala Cuna Mart\u00edn Pescador mencion\u00f3 que: \u201cPara nosotros es muy importante incorporarnos a estas iniciativas que hay en la comuna ya que aporta a los ni\u00f1os, sus familias y toda la comunidad, en el cuidado del medio ambiente. Es algo que nosotros estamos trabajando permanentemente en el jard\u00edn infantil, tenemos un punto limpio tambi\u00e9n y nos hemos ido sumando a varias iniciativas del cuidado del planeta. As\u00ed que estamos muy felices de este nexo que tenemos ahora con Edelaysen, con el almacenaje de las pilas que muchas veces quedan por ah\u00ed, no sabemos qu\u00e9 hacer con ellas, y ahora pueden venir al jard\u00edn a dejar sus pilas\u201d.<\/p>\n<p style=\"text-align: justify;\">Con este tipo de iniciativas, Edelaysen reafirma su compromiso con el desarrollo sostenible y con la promoci\u00f3n de una cultura ambiental en toda la regi\u00f3n, trabajando junto a la comunidad para construir un futuro m\u00e1s limpio y consciente.<\/p>\n<\/div><\/section><\/div><div  style='height:50px' class='hr hr-invisible   avia-builder-el-6  el_after_av_one_full  el_before_av_social_share '><span class='hr-inner ' ><span class='hr-inner-style'><\/span><\/span><\/div><\/p>\n<div  class='av-social-sharing-box  avia-builder-el-7  el_after_av_hr  el_before_av_hr  '><div class='av-share-box'><h5 class='av-share-link-description av-no-toc '>Compartir esta noticia<\/h5><ul class='av-share-box-list noLightbox'><li class='av-share-link av-social-link-facebook' ><a target=\"_blank\" aria-label=\"Compartir en Facebook\" href='https:\/\/www.facebook.com\/sharer.php?u=https:\/\/radiorevelacionfm.cl\/?p=60866&#038;t=Edelaysen%20refuerza%20su%20compromiso%20ambiental%20junto%20al%20Jard%C3%ADn%20Infantil%20Mart%C3%ADn%20Pescador%20de%20Coyhaique' aria-hidden='false' data-av_icon='\ue8f3' data-av_iconfont='entypo-fontello' title='' data-avia-related-tooltip='Compartir en Facebook' rel=\"noopener\"><span class='avia_hidden_link_text'>Compartir en Facebook<\/span><\/a><\/li><li class='av-share-link av-social-link-twitter' ><a target=\"_blank\" aria-label=\"Compartir en Twitter\" href='https:\/\/twitter.com\/share?text=Edelaysen%20refuerza%20su%20compromiso%20ambiental%20junto%20al%20Jard%C3%ADn%20Infantil%20Mart%C3%ADn%20Pescador%20de%20Coyhaique&#038;url=https:\/\/radiorevelacionfm.cl\/?p=60866' aria-hidden='false' data-av_icon='\ue8f1' data-av_iconfont='entypo-fontello' title='' data-avia-related-tooltip='Compartir en Twitter' rel=\"noopener\"><span class='avia_hidden_link_text'>Compartir en Twitter<\/span><\/a><\/li><li class='av-share-link av-social-link-whatsapp' ><a target=\"_blank\" aria-label=\"Compartir en Whatsapp\" href='https:\/\/api.whatsapp.com\/send?text=https:\/\/radiorevelacionfm.cl\/?p=60866' aria-hidden='false' data-av_icon='\uf232' data-av_iconfont='entypo-fontello' title='' data-avia-related-tooltip='Compartir en Whatsapp' rel=\"noopener\"><span class='avia_hidden_link_text'>Compartir en Whatsapp<\/span><\/a><\/li><li class='av-share-link av-social-link-linkedin' ><a target=\"_blank\" aria-label=\"Compartir en LinkedIn\" href='https:\/\/linkedin.com\/shareArticle?mini=true&#038;title=Edelaysen%20refuerza%20su%20compromiso%20ambiental%20junto%20al%20Jard%C3%ADn%20Infantil%20Mart%C3%ADn%20Pescador%20de%20Coyhaique&#038;url=https:\/\/radiorevelacionfm.cl\/?p=60866' aria-hidden='false' data-av_icon='\ue8fc' data-av_iconfont='entypo-fontello' title='' data-avia-related-tooltip='Compartir en LinkedIn' rel=\"noopener\"><span class='avia_hidden_link_text'>Compartir en LinkedIn<\/span><\/a><\/li><li class='av-share-link av-social-link-mail' ><a  aria-label=\"Compartir por correo\" href='mailto:?subject=Edelaysen%20refuerza%20su%20compromiso%20ambiental%20junto%20al%20Jard%C3%ADn%20Infantil%20Mart%C3%ADn%20Pescador%20de%20Coyhaique&#038;body=https:\/\/radiorevelacionfm.cl\/?p=60866' aria-hidden='false' data-av_icon='\ue805' data-av_iconfont='entypo-fontello' title='' data-avia-related-tooltip='Compartir por correo'><span class='avia_hidden_link_text'>Compartir por correo<\/span><\/a><\/li><\/ul><\/div><\/div>\n<div  style='height:50px' class='hr hr-invisible   avia-builder-el-8  el_after_av_social_share  el_before_av_comments_list '><span class='hr-inner ' ><span class='hr-inner-style'><\/span><\/span><\/div>\n<div  class='av-buildercomment  av-blog-meta-html-info-disabled av-blog-meta-tag-disabled  '><\/div>\n","protected":false},"excerpt":{"rendered":"","protected":false},"author":1,"featured_media":60867,"comment_status":"closed","ping_status":"closed","sticky":false,"template":"","format":"standard","meta":{"footnotes":""},"categories":[38],"tags":[],"class_list":["post-60866","post","type-post","status-publish","format-standard","has-post-thumbnail","hentry","category-regional"],"jetpack_featured_media_url":"https:\/\/radiorevelacionfm.cl\/wp-content\/uploads\/2025\/10\/sala-cuna-y-jardin-martin-pescador-1-1_optimized-1.jpeg","_links":{"self":[{"href":"https:\/\/radiorevelacionfm.cl\/index.php?rest_route=\/wp\/v2\/posts\/60866","targetHints":{"allow":["GET"]}}],"collection":[{"href":"https:\/\/radiorevelacionfm.cl\/index.php?rest_route=\/wp\/v2\/posts"}],"about":[{"href":"https:\/\/radiorevelacionfm.cl\/index.php?rest_route=\/wp\/v2\/types\/post"}],"author":[{"embeddable":true,"href":"https:\/\/radiorevelacionfm.cl\/index.php?rest_route=\/wp\/v2\/users\/1"}],"replies":[{"embeddable":true,"href":"https:\/\/radiorevelacionfm.cl\/index.php?rest_route=%2Fwp%2Fv2%2Fcomments&post=60866"}],"version-history":[{"count":2,"href":"https:\/\/radiorevelacionfm.cl\/index.php?rest_route=\/wp\/v2\/posts\/60866\/revisions"}],"predecessor-version":[{"id":60876,"href":"https:\/\/radiorevelacionfm.cl\/index.php?rest_route=\/wp\/v2\/posts\/60866\/revisions\/60876"}],"wp:featuredmedia":[{"embeddable":true,"href":"https:\/\/radiorevelacionfm.cl\/index.php?rest_route=\/wp\/v2\/media\/60867"}],"wp:attachment":[{"href":"https:\/\/radiorevelacionfm.cl\/index.php?rest_route=%2Fwp%2Fv2%2Fmedia&parent=60866"}],"wp:term":[{"taxonomy":"category","embeddable":true,"href":"https:\/\/radiorevelacionfm.cl\/index.php?rest_route=%2Fwp%2Fv2%2Fcategories&post=60866"},{"taxonomy":"post_tag","embeddable":true,"href":"https:\/\/radiorevelacionfm.cl\/index.php?rest_route=%2Fwp%2Fv2%2Ftags&post=60866"}],"curies":[{"name":"wp","href":"https:\/\/api.w.org\/{rel}","templated":true}]}}