{"id":60863,"date":"2025-10-29T12:59:32","date_gmt":"2025-10-29T15:59:32","guid":{"rendered":"https:\/\/radiorevelacionfm.cl\/?p=60863"},"modified":"2025-10-29T12:59:32","modified_gmt":"2025-10-29T15:59:32","slug":"diputada-raphael-cuestiona-falta-de-claridad-en-construccion-de-barcaza-complementaria-para-el-lago-general-carrera","status":"publish","type":"post","link":"https:\/\/radiorevelacionfm.cl\/?p=60863","title":{"rendered":"Diputada Raphael cuestiona falta de claridad en construcci\u00f3n de barcaza complementaria para el Lago General Carrera"},"content":{"rendered":"<div class=\"flex_column av_one_full  flex_column_div av-zero-column-padding first  avia-builder-el-0  el_before_av_one_full  avia-builder-el-first  \" style='border-radius:0px; '><div  class='avia-image-container  av-styling-    avia-builder-el-1  avia-builder-el-no-sibling  avia-align-center '  itemprop=\"image\" itemscope=\"itemscope\" itemtype=\"https:\/\/schema.org\/ImageObject\"  ><div class='avia-image-container-inner'><div class='avia-image-overlay-wrap'><img decoding=\"async\" class='wp-image-60864 avia-img-lazy-loading-not-60864 avia_image' src=\"https:\/\/radiorevelacionfm.cl\/wp-content\/uploads\/2025\/10\/Diputada-Raphael-incidentes-1-1.jpg\" alt='' title='Diputada Raphael - incidentes (1) (1)' height=\"600\" width=\"1075\"  itemprop=\"thumbnailUrl\" srcset=\"https:\/\/radiorevelacionfm.cl\/wp-content\/uploads\/2025\/10\/Diputada-Raphael-incidentes-1-1.jpg 1075w, https:\/\/radiorevelacionfm.cl\/wp-content\/uploads\/2025\/10\/Diputada-Raphael-incidentes-1-1-300x167.jpg 300w, https:\/\/radiorevelacionfm.cl\/wp-content\/uploads\/2025\/10\/Diputada-Raphael-incidentes-1-1-1030x575.jpg 1030w, https:\/\/radiorevelacionfm.cl\/wp-content\/uploads\/2025\/10\/Diputada-Raphael-incidentes-1-1-768x429.jpg 768w, https:\/\/radiorevelacionfm.cl\/wp-content\/uploads\/2025\/10\/Diputada-Raphael-incidentes-1-1-705x393.jpg 705w, https:\/\/radiorevelacionfm.cl\/wp-content\/uploads\/2025\/10\/Diputada-Raphael-incidentes-1-1-450x251.jpg 450w, https:\/\/radiorevelacionfm.cl\/wp-content\/uploads\/2025\/10\/Diputada-Raphael-incidentes-1-1-600x335.jpg 600w\" sizes=\"(max-width: 1075px) 100vw, 1075px\" \/><\/div><\/div><\/div><\/div><div class=\"flex_column av_one_full  flex_column_div av-zero-column-padding first  avia-builder-el-2  el_after_av_one_full  el_before_av_one_full  column-top-margin\" style='border-radius:0px; '><section class=\"av_textblock_section \"  itemscope=\"itemscope\" itemtype=\"https:\/\/schema.org\/BlogPosting\" itemprop=\"blogPost\" ><div class='avia_textblock  '   itemprop=\"text\" ><p style=\"text-align: center;\"><strong><span style=\"font-size: 18pt;\">Diputada Raphael cuestiona falta de claridad en construcci\u00f3n de barcaza complementaria para el Lago General Carrera<\/span><\/strong><\/p>\n<div id=\"gtx-trans\" style=\"position: absolute; left: -50px; top: 4.31534px;\">\n<div class=\"gtx-trans-icon\"><\/div>\n<\/div>\n<\/div><\/section><\/div><div class=\"flex_column av_one_full  flex_column_div av-zero-column-padding first  avia-builder-el-4  el_after_av_one_full  el_before_av_hr  column-top-margin\" style='border-radius:0px; '><section class=\"av_textblock_section \"  itemscope=\"itemscope\" itemtype=\"https:\/\/schema.org\/BlogPosting\" itemprop=\"blogPost\" ><div class='avia_textblock  '   itemprop=\"text\" ><p style=\"text-align: justify;\"><em>La diputada Raphael anunci\u00f3 acciones fiscalizadoras a fin de poder conocer en detalle, si existe un atraso y cu\u00e1les ser\u00edan los plazos para avanzar en la construcci\u00f3n, considerando que debe contarse con la nave antes de septiembre de 2027 que se realizar\u00e1 la carena en seco de la Tehuelche.<\/em><\/p>\n<p style=\"text-align: justify;\">En hora de incidentes de la C\u00e1mara de Diputados, la representante de la regi\u00f3n de Ays\u00e9n, Marcia Raphael Mora, expuso la preocupaci\u00f3n de la comunidad de R\u00edo Ib\u00e1\u00f1ez, Chile Chico y localidades aleda\u00f1as ante la falta de informaci\u00f3n por el trato directo que permitir\u00eda avanzar en la construcci\u00f3n de una nueva barcaza complementaria para el Lago General Carrera. Anunciando con el apoyo de sus pares oficios de fiscalizaci\u00f3n a la Ministra de Obras P\u00fablicas y a la Direcci\u00f3n de Obras Portuarias a fin de que se transparente la informaci\u00f3n y los plazos que se tendr\u00edan para esta obra.<\/p>\n<p style=\"text-align: justify;\">En su intervenci\u00f3n, la diputada, Marcia Raphael, detall\u00f3 que \u201cquienes conocemos la realidad de la regi\u00f3n de Ays\u00e9n, sabemos que su geograf\u00eda impone desaf\u00edos enormes. La dispersi\u00f3n territorial, las grandes distancias y las condiciones clim\u00e1ticas adversas hacen que el transporte por el Lago\u00a0General Carrera\u00a0no sea un lujo, sino una necesidad b\u00e1sica para cientos de familias. La barcaza que cruza el lago\u00a0es literalmente un camino flotante que mantiene unidas a nuestras comunidades. Por eso, en mayo de 2025, se anunci\u00f3 la licitaci\u00f3n para la construcci\u00f3n de una nueva nave destinada a reforzar este servicio\u201d.<\/p>\n<p style=\"text-align: justify;\">\u201cSin embargo, la licitaci\u00f3n enfrenta dificultades y se ha optado por un trato directo para concretar la obra en un plazo m\u00e1ximo de treinta y cinco d\u00edas.\u00a0Hoy, varios meses despu\u00e9s, no se tienen noticias claras sobre este compromiso\u201d, agreg\u00f3.<\/p>\n<p style=\"text-align: justify;\">En esa l\u00ednea, enfatiz\u00f3 la parlamentaria que \u201cla preocupaci\u00f3n est\u00e1 en que la carena en seco de la actual barcaza Tehuelche est\u00e1 programada para septiembre de 2027 y ser\u00e1 retirada durante varios meses. Entonces, hay que preguntarse\u00a0si\u00a0en septiembre de 2027, \u00bfestar\u00e1 lista la nueva barcaza? No queremos m\u00e1s justificaciones ni explicaciones, ni que la comunidad viva nuevamente en la dificultad de quedarse sin barcaza\u201d.<\/p>\n<p style=\"text-align: justify;\">\u201cDe ser as\u00ed, tendr\u00edamos nuevamente\u00a0problemas de acceso a la salud, de abastecimiento, se afectar\u00eda la econom\u00eda local\u00a0y el turismo se ver\u00eda una vez m\u00e1s golpeado\u201d, coment\u00f3 Raphael.<\/p>\n<p style=\"text-align: justify;\">Finalmente, la diputada de Renovaci\u00f3n Nacional, afirm\u00f3 que se realizar\u00e1n acciones fiscalizadoras con autoridades nacionales. \u201cLos operadores tur\u00edsticos esperan la temporada estival, que es muy corta en nuestra regi\u00f3n. Por ello, hemos oficiado a la ministra del MOP y a la Direcci\u00f3n de Obras Portuarias para que se nos informe con claridad el estado actual del proceso de construcci\u00f3n de la barcaza, los plazos comprometidos y las previsiones reales para su puesta en operaci\u00f3n. Necesitamos gestiones y no que las cosas solamente fluyan\u201d.<\/p>\n<\/div><\/section><\/div><div  style='height:50px' class='hr hr-invisible   avia-builder-el-6  el_after_av_one_full  el_before_av_social_share '><span class='hr-inner ' ><span class='hr-inner-style'><\/span><\/span><\/div><\/p>\n<div  class='av-social-sharing-box  avia-builder-el-7  el_after_av_hr  el_before_av_hr  '><div class='av-share-box'><h5 class='av-share-link-description av-no-toc '>Compartir esta noticia<\/h5><ul class='av-share-box-list noLightbox'><li class='av-share-link av-social-link-facebook' ><a target=\"_blank\" aria-label=\"Compartir en Facebook\" href='https:\/\/www.facebook.com\/sharer.php?u=https:\/\/radiorevelacionfm.cl\/?p=60863&#038;t=Diputada%20Raphael%20cuestiona%20falta%20de%20claridad%20en%20construcci%C3%B3n%20de%20barcaza%20complementaria%20para%20el%20Lago%20General%20Carrera' aria-hidden='false' data-av_icon='\ue8f3' data-av_iconfont='entypo-fontello' title='' data-avia-related-tooltip='Compartir en Facebook' rel=\"noopener\"><span class='avia_hidden_link_text'>Compartir en Facebook<\/span><\/a><\/li><li class='av-share-link av-social-link-twitter' ><a target=\"_blank\" aria-label=\"Compartir en Twitter\" href='https:\/\/twitter.com\/share?text=Diputada%20Raphael%20cuestiona%20falta%20de%20claridad%20en%20construcci%C3%B3n%20de%20barcaza%20complementaria%20para%20el%20Lago%20General%20Carrera&#038;url=https:\/\/radiorevelacionfm.cl\/?p=60863' aria-hidden='false' data-av_icon='\ue8f1' data-av_iconfont='entypo-fontello' title='' data-avia-related-tooltip='Compartir en Twitter' rel=\"noopener\"><span class='avia_hidden_link_text'>Compartir en Twitter<\/span><\/a><\/li><li class='av-share-link av-social-link-whatsapp' ><a target=\"_blank\" aria-label=\"Compartir en Whatsapp\" href='https:\/\/api.whatsapp.com\/send?text=https:\/\/radiorevelacionfm.cl\/?p=60863' aria-hidden='false' data-av_icon='\uf232' data-av_iconfont='entypo-fontello' title='' data-avia-related-tooltip='Compartir en Whatsapp' rel=\"noopener\"><span class='avia_hidden_link_text'>Compartir en Whatsapp<\/span><\/a><\/li><li class='av-share-link av-social-link-linkedin' ><a target=\"_blank\" aria-label=\"Compartir en LinkedIn\" href='https:\/\/linkedin.com\/shareArticle?mini=true&#038;title=Diputada%20Raphael%20cuestiona%20falta%20de%20claridad%20en%20construcci%C3%B3n%20de%20barcaza%20complementaria%20para%20el%20Lago%20General%20Carrera&#038;url=https:\/\/radiorevelacionfm.cl\/?p=60863' aria-hidden='false' data-av_icon='\ue8fc' data-av_iconfont='entypo-fontello' title='' data-avia-related-tooltip='Compartir en LinkedIn' rel=\"noopener\"><span class='avia_hidden_link_text'>Compartir en LinkedIn<\/span><\/a><\/li><li class='av-share-link av-social-link-mail' ><a  aria-label=\"Compartir por correo\" href='mailto:?subject=Diputada%20Raphael%20cuestiona%20falta%20de%20claridad%20en%20construcci%C3%B3n%20de%20barcaza%20complementaria%20para%20el%20Lago%20General%20Carrera&#038;body=https:\/\/radiorevelacionfm.cl\/?p=60863' aria-hidden='false' data-av_icon='\ue805' data-av_iconfont='entypo-fontello' title='' data-avia-related-tooltip='Compartir por correo'><span class='avia_hidden_link_text'>Compartir por correo<\/span><\/a><\/li><\/ul><\/div><\/div>\n<div  style='height:50px' class='hr hr-invisible   avia-builder-el-8  el_after_av_social_share  el_before_av_comments_list '><span class='hr-inner ' ><span class='hr-inner-style'><\/span><\/span><\/div>\n<div  class='av-buildercomment  av-blog-meta-html-info-disabled av-blog-meta-tag-disabled  '><\/div>\n","protected":false},"excerpt":{"rendered":"","protected":false},"author":1,"featured_media":60864,"comment_status":"closed","ping_status":"closed","sticky":false,"template":"","format":"standard","meta":{"footnotes":""},"categories":[35],"tags":[],"class_list":["post-60863","post","type-post","status-publish","format-standard","has-post-thumbnail","hentry","category-politica"],"jetpack_featured_media_url":"https:\/\/radiorevelacionfm.cl\/wp-content\/uploads\/2025\/10\/Diputada-Raphael-incidentes-1-1.jpg","_links":{"self":[{"href":"https:\/\/radiorevelacionfm.cl\/index.php?rest_route=\/wp\/v2\/posts\/60863","targetHints":{"allow":["GET"]}}],"collection":[{"href":"https:\/\/radiorevelacionfm.cl\/index.php?rest_route=\/wp\/v2\/posts"}],"about":[{"href":"https:\/\/radiorevelacionfm.cl\/index.php?rest_route=\/wp\/v2\/types\/post"}],"author":[{"embeddable":true,"href":"https:\/\/radiorevelacionfm.cl\/index.php?rest_route=\/wp\/v2\/users\/1"}],"replies":[{"embeddable":true,"href":"https:\/\/radiorevelacionfm.cl\/index.php?rest_route=%2Fwp%2Fv2%2Fcomments&post=60863"}],"version-history":[{"count":2,"href":"https:\/\/radiorevelacionfm.cl\/index.php?rest_route=\/wp\/v2\/posts\/60863\/revisions"}],"predecessor-version":[{"id":60884,"href":"https:\/\/radiorevelacionfm.cl\/index.php?rest_route=\/wp\/v2\/posts\/60863\/revisions\/60884"}],"wp:featuredmedia":[{"embeddable":true,"href":"https:\/\/radiorevelacionfm.cl\/index.php?rest_route=\/wp\/v2\/media\/60864"}],"wp:attachment":[{"href":"https:\/\/radiorevelacionfm.cl\/index.php?rest_route=%2Fwp%2Fv2%2Fmedia&parent=60863"}],"wp:term":[{"taxonomy":"category","embeddable":true,"href":"https:\/\/radiorevelacionfm.cl\/index.php?rest_route=%2Fwp%2Fv2%2Fcategories&post=60863"},{"taxonomy":"post_tag","embeddable":true,"href":"https:\/\/radiorevelacionfm.cl\/index.php?rest_route=%2Fwp%2Fv2%2Ftags&post=60863"}],"curies":[{"name":"wp","href":"https:\/\/api.w.org\/{rel}","templated":true}]}}