{"id":60859,"date":"2025-10-28T20:53:11","date_gmt":"2025-10-28T23:53:11","guid":{"rendered":"https:\/\/radiorevelacionfm.cl\/?p=60859"},"modified":"2025-10-28T20:53:11","modified_gmt":"2025-10-28T23:53:11","slug":"con-exito-se-desarrollo-seminario-taller-futuro-del-trabajo-en-puerto-aysen","status":"publish","type":"post","link":"https:\/\/radiorevelacionfm.cl\/?p=60859","title":{"rendered":"Con \u00e9xito se desarroll\u00f3 seminario taller \u201cFuturo del Trabajo\u201d en Puerto Ays\u00e9n"},"content":{"rendered":"<div class=\"flex_column av_one_full  flex_column_div av-zero-column-padding first  avia-builder-el-0  el_before_av_one_full  avia-builder-el-first  \" style='border-radius:0px; '><div  class='avia-image-container  av-styling-    avia-builder-el-1  avia-builder-el-no-sibling  avia-align-center '  itemprop=\"image\" itemscope=\"itemscope\" itemtype=\"https:\/\/schema.org\/ImageObject\"  ><div class='avia-image-container-inner'><div class='avia-image-overlay-wrap'><img decoding=\"async\" class='wp-image-60860 avia-img-lazy-loading-not-60860 avia_image' src=\"https:\/\/radiorevelacionfm.cl\/wp-content\/uploads\/2025\/10\/seminario-taller-1_optimized.jpg\" alt='' title='seminario-taller-(1)_optimized' height=\"600\" width=\"923\"  itemprop=\"thumbnailUrl\" srcset=\"https:\/\/radiorevelacionfm.cl\/wp-content\/uploads\/2025\/10\/seminario-taller-1_optimized.jpg 923w, https:\/\/radiorevelacionfm.cl\/wp-content\/uploads\/2025\/10\/seminario-taller-1_optimized-300x195.jpg 300w, https:\/\/radiorevelacionfm.cl\/wp-content\/uploads\/2025\/10\/seminario-taller-1_optimized-768x499.jpg 768w, https:\/\/radiorevelacionfm.cl\/wp-content\/uploads\/2025\/10\/seminario-taller-1_optimized-705x458.jpg 705w, https:\/\/radiorevelacionfm.cl\/wp-content\/uploads\/2025\/10\/seminario-taller-1_optimized-450x293.jpg 450w, https:\/\/radiorevelacionfm.cl\/wp-content\/uploads\/2025\/10\/seminario-taller-1_optimized-600x390.jpg 600w\" sizes=\"(max-width: 923px) 100vw, 923px\" \/><\/div><\/div><\/div><\/div><div class=\"flex_column av_one_full  flex_column_div av-zero-column-padding first  avia-builder-el-2  el_after_av_one_full  el_before_av_one_full  column-top-margin\" style='border-radius:0px; '><section class=\"av_textblock_section \"  itemscope=\"itemscope\" itemtype=\"https:\/\/schema.org\/BlogPosting\" itemprop=\"blogPost\" ><div class='avia_textblock  '   itemprop=\"text\" ><p style=\"text-align: center;\"><strong><span style=\"font-size: 18pt;\">Con \u00e9xito se desarroll\u00f3 seminario taller \u201cFuturo del Trabajo\u201d en Puerto Ays\u00e9n<\/span><\/strong><\/p>\n<div id=\"gtx-trans\" style=\"position: absolute; left: -50px; top: 4.31534px;\">\n<div class=\"gtx-trans-icon\"><\/div>\n<\/div>\n<\/div><\/section><\/div><div class=\"flex_column av_one_full  flex_column_div av-zero-column-padding first  avia-builder-el-4  el_after_av_one_full  el_before_av_hr  column-top-margin\" style='border-radius:0px; '><section class=\"av_textblock_section \"  itemscope=\"itemscope\" itemtype=\"https:\/\/schema.org\/BlogPosting\" itemprop=\"blogPost\" ><div class='avia_textblock  '   itemprop=\"text\" ><ul>\n<li style=\"text-align: justify;\"><em>La actividad realizada los d\u00edas 22 y 23 de octubre fue el fruto de un trabajo en conjunto entre el Observatorio Laboral de Ays\u00e9n, la Direcci\u00f3n del Trabajo y el Servicio Nacional de la Mujer y Equidad de G\u00e9nero.<\/em><\/li>\n<\/ul>\n<p style=\"text-align: justify;\">De manera gratuita y con un total de 8 horas cronol\u00f3gicas certificadas, se desarroll\u00f3 este interesante seminario taller que abord\u00f3 las tem\u00e1ticas de Mercado laboral y principales indicadores del mercado; Cambio demogr\u00e1fico: migraciones, envejecimiento poblacional y requerimientos de cuidados; Experiencias laborales y desaf\u00edos del empleo en la regi\u00f3n; y Cambio tecnol\u00f3gico y su efecto en el empleo.<\/p>\n<p style=\"text-align: justify;\">Esta actividad ten\u00eda como p\u00fablico objetivo trabajadores y dirigentes sindicales quienes, de manera entusiasta, aprovecharon la instancia para intercambiar opiniones, aprender nuevos conceptos y afianzar sus competencias como l\u00edderes sindicales.<\/p>\n<p style=\"text-align: justify;\"><strong><u>La coordinaci\u00f3n interinstitucional<\/u><\/strong><\/p>\n<p style=\"text-align: justify;\">Un aspecto relevante de esta jornada fue el trabajo colaborativo de las instituciones, ya que hubo una alianza estrat\u00e9gica entre el Observatorio Laboral, programa de la Subsecretar\u00eda del Trabajo, ejecutado por el Centro de Formaci\u00f3n T\u00e9cnica Estatal de la regi\u00f3n de Ays\u00e9n, la Direcci\u00f3n del Trabajo y el Servicio Nacional de la Mujer y Equidad de G\u00e9nero, los cuales apoyaron la realizaci\u00f3n de la jornada y aprovecharon la instancia de poner en perspectiva temas atingentes a lo que trabajan sus respectivos servicios.<\/p>\n<p style=\"text-align: justify;\">Es as\u00ed como Christian Aros Troncoso, director regional de la Direcci\u00f3n del Trabajo califica como excelente este trabajo en conjunto, sobre todo, valorando la disposici\u00f3n de la academia, en este caso, representada por el Centro de Formaci\u00f3n T\u00e9cnica Estatal de Ays\u00e9n, que permite a los dirigentes sindicales acceder a informaci\u00f3n y preparaci\u00f3n valiosa para ejecutar sus funciones de liderazgo dentro de sus bases.<\/p>\n<p style=\"text-align: justify;\"><em>\u201cCreemos que, acerc\u00e1ndonos las dos instituciones, pudiendo hacer actividades juntos, pudiendo entregar nuestro conocimiento de, por ejemplo, en el caso de nosotros, c\u00f3mo convocar, d\u00f3nde hacerlo, c\u00f3mo hacerlo, qu\u00e9 es lo que los dirigentes necesitan, y por el lado del CFT, todo lo que tiene que ver con la entrega de los conocimientos, podemos llegar a instancias muy provechosas como esta, donde nuestros dirigentes y dirigentas puedan aprender todas aquellas cosas a las que no tienen acceso, porque nosotros no podemos entreg\u00e1rselo o porque ellos no pueden buscarlo en otros lugares o no tienen los recursos o no tienen la forma. Para nosotros, esto es una excelente forma de capacitar a nuestros dirigentes y nuestras dirigentas, acercarnos tambi\u00e9n a la comunidad, creando nuevos dirigentes y dirigentas, y tambi\u00e9n fomentando el di\u00e1logo social, que para nosotros como instituci\u00f3n es fundamental\u201d, <\/em>coment\u00f3 Aros.<\/p>\n<p style=\"text-align: justify;\">Bajo la misma l\u00ednea, del trabajo colaborativo, C\u00e9sar G\u00f3mez Berrocal, director del Observatorio Laboral, repas\u00f3 sobre la importancia de los t\u00f3picos abordados y la importancia de aquello para los asistentes, quienes tendr\u00e1n mayor conocimiento para la toma de decisiones.<\/p>\n<p style=\"text-align: justify;\"><em>\u201cA trav\u00e9s de distintas exposiciones que estuvieron focalizadas, por ejemplo, en temas\u00a0asociados a conocer los indicadores del mercado de trabajo, la tasa de sindicalizaci\u00f3n que existe\u00a0hoy por hoy en el pa\u00eds y tambi\u00e9n datos duros como los que puede entregar el INE a trav\u00e9s de datos\u00a0del censo, envejecimiento poblacional, migraciones y requerimientos de cuidados, pudimos ir avanzando\u00a0en poder recoger datos de esta estad\u00edstica regional para que de esta manera tanto los usuarios\u00a0en este caso de este programa, ya sea los sindicatos como las l\u00edderes que est\u00e1n asociados al programa de SernamEG, puedan tener insumos, \u00bfpara qu\u00e9? para las mesas de trabajo que ellos ejecutan, para las negociaciones que llevan a cabo con su empleador y puedan tener alg\u00fan grado de incidencia\u00a0obviamente en la toma de decisiones en su territorio\u201d <\/em><\/p>\n<p style=\"text-align: justify;\"><strong><u>La mirada desde lo educativo<\/u><\/strong><\/p>\n<p style=\"text-align: justify;\">El Observatorio Laboral es parte de la Estrategia Nacional de Prospecci\u00f3n Laboral, a trav\u00e9s de un convenio firmado entre el Centro de Formaci\u00f3n T\u00e9cnica Estatal de Ays\u00e9n y la Subsecretar\u00eda del Trabajo, representada por la Seremi de Trabajo y Previsi\u00f3n Social.<\/p>\n<p style=\"text-align: justify;\">Bajo esa perspectiva, este seminario taller cont\u00f3 con la presencia tanto del seremi (s) de Trabajo y Previsi\u00f3n Social, Rodrigo D\u00edaz Cordaro y el rector (i) del CFT Estatal, Christopher Contreras Escobar.<\/p>\n<p style=\"text-align: justify;\">El Seremi(s) D\u00edaz destac\u00f3 la asistencia y la participaci\u00f3n de los presentes, recalcando que este tipo de instancias deben ser mucho m\u00e1s frecuentes.<\/p>\n<p style=\"text-align: justify;\"><em>\u201cFue estupendo, liderado por el Observatorio Laboral, que, en conjunto, bajo el alero del CFT, est\u00e1 haciendo un trabajo extraordinario. Todos los asistentes se retiraron muy contentos y contentas. Tuvimos una gran asistencia tocando distintos temas y centrados en los dirigentes sindicales y su relaci\u00f3n con la empresa, as\u00ed que yo creo que fue muy provechoso. Esperamos seguir profundizando esto y ojal\u00e1 tener m\u00e1s de estas actividades\u201d, <\/em>coment\u00f3 la autoridad.<\/p>\n<p style=\"text-align: justify;\">Desde la casa de estudios de la ciudad porte\u00f1a, su rector (i) fue enf\u00e1tico en recalcar como el CFT est\u00e1 atento a este tipo de instancias que tienen que ver con tem\u00e1ticas de empleo y posible formaci\u00f3n de carreras, puesto que, para la instituci\u00f3n, es un objetivo primordial satisfacer y atender a las necesidades de la regi\u00f3n.<\/p>\n<p style=\"text-align: justify;\"><em>\u201cNosotros como instituci\u00f3n de educaci\u00f3n superior estamos siempre atentos\u00a0y expectantes a lo que ocurre en los desaf\u00edos y demandas laborales\u00a0y mirando siempre c\u00f3mo eso puede tributar a lo que es nuestra formaci\u00f3n\u00a0en las carreras t\u00e9cnicas de nivel superior, mirando nuestros planes\u00a0y programas de estudio, lo que son nuestras capacitaciones,\u00a0con el objeto de satisfacer y atender las necesidades que tiene actualmente\u00a0esta din\u00e1mica laboral en el territorio y tambi\u00e9n mirar los desaf\u00edos propios\u00a0que se nos avecinan. As\u00ed que bastante contentos por esta exitosa jornada y agradecer tambi\u00e9n a todos quienes participaron activamente\u00a0y se certifican en el d\u00eda de hoy en este taller de prospecci\u00f3n laboral\u00a0y de desaf\u00edos del mercado laboral en la regi\u00f3n\u201d.<\/em><\/p>\n<p style=\"text-align: justify;\"><strong><u>La metodolog\u00eda<\/u><\/strong><\/p>\n<p style=\"text-align: justify;\">Durante 2 d\u00edas se realizaron los m\u00f3dulos de trabajo que contaron con expositores como la investigadora Daniela Olivares, integrantes del INE regional, el seremi de Econom\u00eda, Fomento y Turismo, Felipe Rojas y el presidente del sindicato de Friosur, Rub\u00e9n Leal.<\/p>\n<p style=\"text-align: justify;\">Este \u00faltimo expositor, que dirigi\u00f3 el m\u00f3dulo, \u201cExperiencias laborales y desaf\u00edos del empleo en la regi\u00f3n\u201d destac\u00f3 la jornada por la variedad de temas tratados y sobre todo por generarse un espacio de bajada de informaci\u00f3n descentralizada, atingente a la regi\u00f3n.<\/p>\n<p style=\"text-align: justify;\">\u201c<em>Es sumamente importante que los dirigentes reciban esta informaci\u00f3n porque basado en ello,\u00a0ellos despu\u00e9s pueden elevar esta informaci\u00f3n a sus bases porque es b\u00e1sico dentro de la comunidad, de la econom\u00eda que tiene cada comunidad,\u00a0ver c\u00f3mo se comporta y ah\u00ed es el rol fundamental de los dirigentes de poder,\u00a0sobre todo, ver con sus autoridades regionales de c\u00f3mo enfocar esa econom\u00eda y en materia educativa, para nosotros es fundamental tener esta bajada\u00a0porque tambi\u00e9n podemos visualizar rubros que a lo mejor a futuro puedan haber\u00a0\u00f3 oportunidades que los trabajadores puedan tener, entonces estas bajadas de informaci\u00f3n son fundamentales\u201d <\/em>expres\u00f3 el l\u00edder sindical.<\/p>\n<p style=\"text-align: justify;\">Otra exposici\u00f3n fue la del seremi de Econom\u00eda, Fomento y Turismo, Felipe Rojas Pizarro quien habl\u00f3 sobre \u201cCambio tecnol\u00f3gico y su efecto en el empleo\u201d y, adem\u00e1s, relev\u00f3 el rol que est\u00e1 cumpliendo el Observatorio Laboral en el territorio.<\/p>\n<p style=\"text-align: justify;\"><em>\u201cEl Observatorio Laboral del CFT es fundamental para conocer el trabajo del presente y tambi\u00e9n del futuro en Ays\u00e9n. Como Seremi de Econom\u00eda, participamos de esta instancia de taller y agradecemos la invitaci\u00f3n, ya que fue una buena manera de conocer m\u00e1s sobre c\u00f3mo desde la estructura productiva que posee la regi\u00f3n, podemos proyectar el mundo del trabajo mirando hacia el futuro. La rob\u00f3tica y la digitalizaci\u00f3n son una fuente de oportunidades para los trabajadores de la regi\u00f3n, pero tambi\u00e9n son desaf\u00edos para el rol que cumplir\u00e1n los sindicatos a futuro. Esperamos que la conversaci\u00f3n entre gremios y sindicatos en el largo plazo logre buenos acuerdos y se incremente el bienestar de la poblaci\u00f3n de Ays\u00e9n\u201d.<\/em><\/p>\n<\/div><\/section><\/div><div  style='height:50px' class='hr hr-invisible   avia-builder-el-6  el_after_av_one_full  el_before_av_social_share '><span class='hr-inner ' ><span class='hr-inner-style'><\/span><\/span><\/div><\/p>\n<div  class='av-social-sharing-box  avia-builder-el-7  el_after_av_hr  el_before_av_hr  '><div class='av-share-box'><h5 class='av-share-link-description av-no-toc '>Compartir esta noticia<\/h5><ul class='av-share-box-list noLightbox'><li class='av-share-link av-social-link-facebook' ><a target=\"_blank\" aria-label=\"Compartir en Facebook\" href='https:\/\/www.facebook.com\/sharer.php?u=https:\/\/radiorevelacionfm.cl\/?p=60859&#038;t=Con%20%C3%A9xito%20se%20desarroll%C3%B3%20seminario%20taller%20%E2%80%9CFuturo%20del%20Trabajo%E2%80%9D%20en%20Puerto%20Ays%C3%A9n' aria-hidden='false' data-av_icon='\ue8f3' data-av_iconfont='entypo-fontello' title='' data-avia-related-tooltip='Compartir en Facebook' rel=\"noopener\"><span class='avia_hidden_link_text'>Compartir en Facebook<\/span><\/a><\/li><li class='av-share-link av-social-link-twitter' ><a target=\"_blank\" aria-label=\"Compartir en Twitter\" href='https:\/\/twitter.com\/share?text=Con%20%C3%A9xito%20se%20desarroll%C3%B3%20seminario%20taller%20%E2%80%9CFuturo%20del%20Trabajo%E2%80%9D%20en%20Puerto%20Ays%C3%A9n&#038;url=https:\/\/radiorevelacionfm.cl\/?p=60859' aria-hidden='false' data-av_icon='\ue8f1' data-av_iconfont='entypo-fontello' title='' data-avia-related-tooltip='Compartir en Twitter' rel=\"noopener\"><span class='avia_hidden_link_text'>Compartir en Twitter<\/span><\/a><\/li><li class='av-share-link av-social-link-whatsapp' ><a target=\"_blank\" aria-label=\"Compartir en Whatsapp\" href='https:\/\/api.whatsapp.com\/send?text=https:\/\/radiorevelacionfm.cl\/?p=60859' aria-hidden='false' data-av_icon='\uf232' data-av_iconfont='entypo-fontello' title='' data-avia-related-tooltip='Compartir en Whatsapp' rel=\"noopener\"><span class='avia_hidden_link_text'>Compartir en Whatsapp<\/span><\/a><\/li><li class='av-share-link av-social-link-linkedin' ><a target=\"_blank\" aria-label=\"Compartir en LinkedIn\" href='https:\/\/linkedin.com\/shareArticle?mini=true&#038;title=Con%20%C3%A9xito%20se%20desarroll%C3%B3%20seminario%20taller%20%E2%80%9CFuturo%20del%20Trabajo%E2%80%9D%20en%20Puerto%20Ays%C3%A9n&#038;url=https:\/\/radiorevelacionfm.cl\/?p=60859' aria-hidden='false' data-av_icon='\ue8fc' data-av_iconfont='entypo-fontello' title='' data-avia-related-tooltip='Compartir en LinkedIn' rel=\"noopener\"><span class='avia_hidden_link_text'>Compartir en LinkedIn<\/span><\/a><\/li><li class='av-share-link av-social-link-mail' ><a  aria-label=\"Compartir por correo\" href='mailto:?subject=Con%20%C3%A9xito%20se%20desarroll%C3%B3%20seminario%20taller%20%E2%80%9CFuturo%20del%20Trabajo%E2%80%9D%20en%20Puerto%20Ays%C3%A9n&#038;body=https:\/\/radiorevelacionfm.cl\/?p=60859' aria-hidden='false' data-av_icon='\ue805' data-av_iconfont='entypo-fontello' title='' data-avia-related-tooltip='Compartir por correo'><span class='avia_hidden_link_text'>Compartir por correo<\/span><\/a><\/li><\/ul><\/div><\/div>\n<div  style='height:50px' class='hr hr-invisible   avia-builder-el-8  el_after_av_social_share  el_before_av_comments_list '><span class='hr-inner ' ><span class='hr-inner-style'><\/span><\/span><\/div>\n<div  class='av-buildercomment  av-blog-meta-html-info-disabled av-blog-meta-tag-disabled  '><\/div>\n","protected":false},"excerpt":{"rendered":"","protected":false},"author":1,"featured_media":60860,"comment_status":"closed","ping_status":"closed","sticky":false,"template":"","format":"standard","meta":{"footnotes":""},"categories":[38],"tags":[],"class_list":["post-60859","post","type-post","status-publish","format-standard","has-post-thumbnail","hentry","category-regional"],"jetpack_featured_media_url":"https:\/\/radiorevelacionfm.cl\/wp-content\/uploads\/2025\/10\/seminario-taller-1_optimized.jpg","_links":{"self":[{"href":"https:\/\/radiorevelacionfm.cl\/index.php?rest_route=\/wp\/v2\/posts\/60859","targetHints":{"allow":["GET"]}}],"collection":[{"href":"https:\/\/radiorevelacionfm.cl\/index.php?rest_route=\/wp\/v2\/posts"}],"about":[{"href":"https:\/\/radiorevelacionfm.cl\/index.php?rest_route=\/wp\/v2\/types\/post"}],"author":[{"embeddable":true,"href":"https:\/\/radiorevelacionfm.cl\/index.php?rest_route=\/wp\/v2\/users\/1"}],"replies":[{"embeddable":true,"href":"https:\/\/radiorevelacionfm.cl\/index.php?rest_route=%2Fwp%2Fv2%2Fcomments&post=60859"}],"version-history":[{"count":2,"href":"https:\/\/radiorevelacionfm.cl\/index.php?rest_route=\/wp\/v2\/posts\/60859\/revisions"}],"predecessor-version":[{"id":60869,"href":"https:\/\/radiorevelacionfm.cl\/index.php?rest_route=\/wp\/v2\/posts\/60859\/revisions\/60869"}],"wp:featuredmedia":[{"embeddable":true,"href":"https:\/\/radiorevelacionfm.cl\/index.php?rest_route=\/wp\/v2\/media\/60860"}],"wp:attachment":[{"href":"https:\/\/radiorevelacionfm.cl\/index.php?rest_route=%2Fwp%2Fv2%2Fmedia&parent=60859"}],"wp:term":[{"taxonomy":"category","embeddable":true,"href":"https:\/\/radiorevelacionfm.cl\/index.php?rest_route=%2Fwp%2Fv2%2Fcategories&post=60859"},{"taxonomy":"post_tag","embeddable":true,"href":"https:\/\/radiorevelacionfm.cl\/index.php?rest_route=%2Fwp%2Fv2%2Ftags&post=60859"}],"curies":[{"name":"wp","href":"https:\/\/api.w.org\/{rel}","templated":true}]}}