{"id":60852,"date":"2025-10-28T17:10:13","date_gmt":"2025-10-28T20:10:13","guid":{"rendered":"https:\/\/radiorevelacionfm.cl\/?p=60852"},"modified":"2025-10-28T17:10:13","modified_gmt":"2025-10-28T20:10:13","slug":"seminario-de-corporacion-chelenko-reunira-a-vecinos-y-sectores-productivos-para-dialogar-sobre-el-uso-del-agua-en-la-cuenca","status":"publish","type":"post","link":"https:\/\/radiorevelacionfm.cl\/?p=60852","title":{"rendered":"Seminario de Corporaci\u00f3n Chelenko reunir\u00e1 a vecinos y sectores productivos para dialogar sobre el uso del agua en la cuenca"},"content":{"rendered":"<div class=\"flex_column av_one_full  flex_column_div av-zero-column-padding first  avia-builder-el-0  el_before_av_one_full  avia-builder-el-first  \" style='border-radius:0px; '><div  class='avia-image-container  av-styling-    avia-builder-el-1  avia-builder-el-no-sibling  avia-align-center '  itemprop=\"image\" itemscope=\"itemscope\" itemtype=\"https:\/\/schema.org\/ImageObject\"  ><div class='avia-image-container-inner'><div class='avia-image-overlay-wrap'><img decoding=\"async\" class='wp-image-60853 avia-img-lazy-loading-not-60853 avia_image' src=\"https:\/\/radiorevelacionfm.cl\/wp-content\/uploads\/2025\/10\/afiche-chelenko-seminario-30-oct_2-1_optimized-1.jpg\" alt='' title='afiche-chelenko-seminario-30-oct_2-(1)_optimized (1)' height=\"600\" width=\"801\"  itemprop=\"thumbnailUrl\" srcset=\"https:\/\/radiorevelacionfm.cl\/wp-content\/uploads\/2025\/10\/afiche-chelenko-seminario-30-oct_2-1_optimized-1.jpg 801w, https:\/\/radiorevelacionfm.cl\/wp-content\/uploads\/2025\/10\/afiche-chelenko-seminario-30-oct_2-1_optimized-1-300x225.jpg 300w, https:\/\/radiorevelacionfm.cl\/wp-content\/uploads\/2025\/10\/afiche-chelenko-seminario-30-oct_2-1_optimized-1-768x575.jpg 768w, https:\/\/radiorevelacionfm.cl\/wp-content\/uploads\/2025\/10\/afiche-chelenko-seminario-30-oct_2-1_optimized-1-705x528.jpg 705w, https:\/\/radiorevelacionfm.cl\/wp-content\/uploads\/2025\/10\/afiche-chelenko-seminario-30-oct_2-1_optimized-1-450x337.jpg 450w, https:\/\/radiorevelacionfm.cl\/wp-content\/uploads\/2025\/10\/afiche-chelenko-seminario-30-oct_2-1_optimized-1-600x449.jpg 600w\" sizes=\"(max-width: 801px) 100vw, 801px\" \/><\/div><\/div><\/div><\/div><div class=\"flex_column av_one_full  flex_column_div av-zero-column-padding first  avia-builder-el-2  el_after_av_one_full  el_before_av_one_full  column-top-margin\" style='border-radius:0px; '><section class=\"av_textblock_section \"  itemscope=\"itemscope\" itemtype=\"https:\/\/schema.org\/BlogPosting\" itemprop=\"blogPost\" ><div class='avia_textblock  '   itemprop=\"text\" ><p style=\"text-align: center;\"><span style=\"font-size: 18pt;\"><b><span lang=\"ES-TRAD\">Seminario de Corporaci\u00f3n Chelenko reunir\u00e1 a vecinos y sectores productivos para dialogar sobre el uso del agua en la cuenca<\/span><\/b><\/span><\/p>\n<div id=\"gtx-trans\" style=\"position: absolute; left: -50px; top: 4.31534px;\">\n<div class=\"gtx-trans-icon\"><\/div>\n<\/div>\n<\/div><\/section><\/div><div class=\"flex_column av_one_full  flex_column_div av-zero-column-padding first  avia-builder-el-4  el_after_av_one_full  el_before_av_hr  column-top-margin\" style='border-radius:0px; '><section class=\"av_textblock_section \"  itemscope=\"itemscope\" itemtype=\"https:\/\/schema.org\/BlogPosting\" itemprop=\"blogPost\" ><div class='avia_textblock  '   itemprop=\"text\" ><p style=\"font-weight: 400; text-align: justify;\"><em>Miner\u00eda, turismo, industria del salm\u00f3n, navegaci\u00f3n, agricultura familiar campesina, sector inmobiliario, horticultura, construcci\u00f3n de caminos, educaci\u00f3n y pobladores expondr\u00e1n sus visiones sobre el particular, las cuales servir\u00e1n para avanzar en una estrategia del agua para el turismo en el territorio.<\/em><\/p>\n<p style=\"font-weight: 400; text-align: justify;\">En una confluencia poco com\u00fan por lo transversal y diversa, esta semana se reunir\u00e1n en Puerto R\u00edo Tranquilo representantes de pobladores y sectores productivos de la cuenca del lago General Carrera con el fin de dialogar sobre las formas de abordar conjuntamente el uso del agua en el territorio, junto a pr\u00e1cticas ciudadanas y econ\u00f3micas sustentables.<\/p>\n<p style=\"font-weight: 400; text-align: justify;\">Se trata del seminario \u201c<strong>Por un Habitar y Producir Sustentable en la Zona de Inter\u00e9s Tur\u00edstico Chelenko<\/strong>\u201d, que se desarrollar\u00e1 este jueves 30 de octubre a partir de las 08:30 horas. en dos bloques: durante la <strong>ma\u00f1ana<\/strong> con trabajo en torno a los usos del agua en la cuenca y durante la tarde con experiencias relacionadas con gastronom\u00eda sustentable y gesti\u00f3n de residuos.<\/p>\n<p style=\"font-weight: 400; text-align: justify;\"><strong>Transversalidad de expositores<\/strong><\/p>\n<p style=\"font-weight: 400; text-align: justify;\">Con el fin de orientar la reflexi\u00f3n de la ma\u00f1ana, bajo el lema \u201c<strong>El Agua: Compatibilidades en la cuenca<\/strong>\u201d, expondr\u00e1n representantes de las principales actividades que confluyen en el territorio, bajo tres preguntas:<em>\u00bfPara qu\u00e9 usan el agua en sus actividades?; \u00bfQu\u00e9 problemas fundamentales han tenido con respecto al agua?; \u00bfQu\u00e9 puntos de encuentro tienen con otros sectores productivos en torno al agua?<\/em><\/p>\n<p style=\"font-weight: 400; text-align: justify;\">Una vez concluidas las presentaciones, los asistentes se reunir\u00e1n en grupos de trabajo para dialogar sobre qu\u00e9 sectores son los m\u00e1s intensivos en el uso del agua, cu\u00e1les se considera pueden confluir en esta materia y qu\u00e9 otros puntos de confluencia se vislumbran entre las distintas actividades.<\/p>\n<p style=\"font-weight: 400; text-align: justify;\">Los insumos del taller permitir\u00e1n a la Corporaci\u00f3n Chelenko orientar una estrategia en torno al uso sustentable del agua, que es uno de los focos que ha desarrollado en estos a\u00f1os y que va en l\u00ednea con el Plan de Acci\u00f3n de la ZOIT.<\/p>\n<p style=\"font-weight: 400; text-align: justify;\">Turismo estar\u00e1 representado por la\u00a0<strong>presidenta de la C\u00e1mara de Turismo de Puerto R\u00edo Tranquilo, Carina Briones<\/strong>, y el\u00a0<strong>presidente del Comit\u00e9 de Turismo, Deporte y Cultura de Puerto S\u00e1nchez, Gonzalo Reyes<\/strong>, quien se referir\u00e1 al \u00e1mbito de la navegaci\u00f3n.\u00a0 En miner\u00eda participar\u00e1 el\u00a0<strong>gerente general de Cerro Bayo,<\/strong>\u00a0\u00c1lvaro Fuentes, mientras que por las artesanas de ArteChelenko de Puerto Guadal asistir\u00e1 la\u00a0<strong>socia Josefina Ruiz<\/strong>.<\/p>\n<p style=\"font-weight: 400; text-align: justify;\">Tambi\u00e9n se consideraron expositores de la\u00a0<strong>agricultura familiar campesina como Andy Mart\u00ednez y Camila Mart\u00ednez, de Bah\u00eda Murta<\/strong>.\u00a0 Tambi\u00e9n expondr\u00e1 la concejala de Chile Chico y dirigenta hort\u00edcola\u00a0<strong>Gloria Becerra<\/strong>, al igual que la concejala de R\u00edo Ib\u00e1\u00f1ez y ex dirigenta vecinal de Puerto R\u00edo Tranquilo\u00a0<strong>Gloria Jaramillo, quien abordar\u00e1 los desaf\u00edos para los habitantes<\/strong>.<\/p>\n<p style=\"font-weight: 400; text-align: justify;\">Por el Consejo del Salm\u00f3n presentar\u00e1 su\u00a0<strong>representante regional Rolf Traeger<\/strong>, mientras que por Vialidad concurrir\u00e1 su\u00a0<strong>directora regional (s) Marcela Garc\u00eda<\/strong>, por el sector inmobiliario el\u00a0<strong>corredor de propiedades Mario Anfruns<\/strong>\u00a0y por el \u00e1rea educaci\u00f3n la\u00a0<strong>profesional de la Fundaci\u00f3n Ra\u00edces del Calafate Magdalena Andueza<\/strong>.<\/p>\n<p style=\"font-weight: 400; text-align: justify;\">Para la tarde, en tanto, bajo el t\u00edtulo \u201c<strong>Vecinos y Productores unidos en la acci\u00f3n y el cuidado ante la Crisis Clim\u00e1tica\u201d<\/strong>, se contemplan las\u00a0<strong>charlas de Pamela Poo<\/strong>, presidenta de la Fundaci\u00f3n Ecosur sobre \u201c<em>Cocina Sustentable y Consumo Responsable<\/em>\u201d y de la directora de Fundaci\u00f3n Reparemos,\u00a0<strong>D\u00e1mari Rijo<\/strong>, con el tema \u201c<em>El poder de reparar como un acto colectivo<\/em>\u201d.<\/p>\n<p style=\"font-weight: 400; text-align: justify;\">Junto a ellas estar\u00e1n los expositores regionales\u00a0<strong>Ximena Torres y Wenceslao Figueroa<\/strong>\u00a0de Mesa Verde Food;\u00a0<strong>Daniela Lara<\/strong>\u00a0de Inventa Agroalimentos;\u00a0<strong>Flor P\u00e9rez\u00a0<\/strong>de Flor de Stylo\u2019s; y\u00a0<strong>Crist\u00f3bal Oyarzo<\/strong>\u00a0de Eco Tienda Sustentable Coyhaique.<\/p>\n<p style=\"font-weight: 400; text-align: justify;\">Este seminario, que contar\u00e1 con la presencia del director de SERNATUR Ays\u00e9n Claudio Montecinos y representantes de CORFO, se desarrolla como una de las \u00faltimas etapas del Bien P\u00fablico \u201c<strong>Turismo Cero Impacto: Valor agregado y adaptaci\u00f3n clim\u00e1tica con cocina local y gesti\u00f3n de residuos<\/strong>\u201d que ejecuta la organizaci\u00f3n por mandato de SERNATUR Ays\u00e9n con financiamiento de CORFO. En este caso, adem\u00e1s, cuenta con apoyo del Programa Estrat\u00e9gico de Turismo (PER) Ays\u00e9n, iniciativa de CORFO con financiamiento del Gobierno Regional de Ays\u00e9n.<\/p>\n<\/div><\/section><\/div><div  style='height:50px' class='hr hr-invisible   avia-builder-el-6  el_after_av_one_full  el_before_av_social_share '><span class='hr-inner ' ><span class='hr-inner-style'><\/span><\/span><\/div><\/p>\n<div  class='av-social-sharing-box  avia-builder-el-7  el_after_av_hr  el_before_av_hr  '><div class='av-share-box'><h5 class='av-share-link-description av-no-toc '>Compartir esta noticia<\/h5><ul class='av-share-box-list noLightbox'><li class='av-share-link av-social-link-facebook' ><a target=\"_blank\" aria-label=\"Compartir en Facebook\" href='https:\/\/www.facebook.com\/sharer.php?u=https:\/\/radiorevelacionfm.cl\/?p=60852&#038;t=Seminario%20de%20Corporaci%C3%B3n%20Chelenko%20reunir%C3%A1%20a%20vecinos%20y%20sectores%20productivos%20para%20dialogar%20sobre%20el%20uso%20del%20agua%20en%20la%20cuenca' aria-hidden='false' data-av_icon='\ue8f3' data-av_iconfont='entypo-fontello' title='' data-avia-related-tooltip='Compartir en Facebook' rel=\"noopener\"><span class='avia_hidden_link_text'>Compartir en Facebook<\/span><\/a><\/li><li class='av-share-link av-social-link-twitter' ><a target=\"_blank\" aria-label=\"Compartir en Twitter\" href='https:\/\/twitter.com\/share?text=Seminario%20de%20Corporaci%C3%B3n%20Chelenko%20reunir%C3%A1%20a%20vecinos%20y%20sectores%20productivos%20para%20dialogar%20sobre%20el%20uso%20del%20agua%20en%20la%20cuenca&#038;url=https:\/\/radiorevelacionfm.cl\/?p=60852' aria-hidden='false' data-av_icon='\ue8f1' data-av_iconfont='entypo-fontello' title='' data-avia-related-tooltip='Compartir en Twitter' rel=\"noopener\"><span class='avia_hidden_link_text'>Compartir en Twitter<\/span><\/a><\/li><li class='av-share-link av-social-link-whatsapp' ><a target=\"_blank\" aria-label=\"Compartir en Whatsapp\" href='https:\/\/api.whatsapp.com\/send?text=https:\/\/radiorevelacionfm.cl\/?p=60852' aria-hidden='false' data-av_icon='\uf232' data-av_iconfont='entypo-fontello' title='' data-avia-related-tooltip='Compartir en Whatsapp' rel=\"noopener\"><span class='avia_hidden_link_text'>Compartir en Whatsapp<\/span><\/a><\/li><li class='av-share-link av-social-link-linkedin' ><a target=\"_blank\" aria-label=\"Compartir en LinkedIn\" href='https:\/\/linkedin.com\/shareArticle?mini=true&#038;title=Seminario%20de%20Corporaci%C3%B3n%20Chelenko%20reunir%C3%A1%20a%20vecinos%20y%20sectores%20productivos%20para%20dialogar%20sobre%20el%20uso%20del%20agua%20en%20la%20cuenca&#038;url=https:\/\/radiorevelacionfm.cl\/?p=60852' aria-hidden='false' data-av_icon='\ue8fc' data-av_iconfont='entypo-fontello' title='' data-avia-related-tooltip='Compartir en LinkedIn' rel=\"noopener\"><span class='avia_hidden_link_text'>Compartir en LinkedIn<\/span><\/a><\/li><li class='av-share-link av-social-link-mail' ><a  aria-label=\"Compartir por correo\" href='mailto:?subject=Seminario%20de%20Corporaci%C3%B3n%20Chelenko%20reunir%C3%A1%20a%20vecinos%20y%20sectores%20productivos%20para%20dialogar%20sobre%20el%20uso%20del%20agua%20en%20la%20cuenca&#038;body=https:\/\/radiorevelacionfm.cl\/?p=60852' aria-hidden='false' data-av_icon='\ue805' data-av_iconfont='entypo-fontello' title='' data-avia-related-tooltip='Compartir por correo'><span class='avia_hidden_link_text'>Compartir por correo<\/span><\/a><\/li><\/ul><\/div><\/div>\n<div  style='height:50px' class='hr hr-invisible   avia-builder-el-8  el_after_av_social_share  el_before_av_comments_list '><span class='hr-inner ' ><span class='hr-inner-style'><\/span><\/span><\/div>\n<div  class='av-buildercomment  av-blog-meta-html-info-disabled av-blog-meta-tag-disabled  '><\/div>\n","protected":false},"excerpt":{"rendered":"","protected":false},"author":1,"featured_media":60853,"comment_status":"closed","ping_status":"closed","sticky":false,"template":"","format":"standard","meta":{"footnotes":""},"categories":[38],"tags":[],"class_list":["post-60852","post","type-post","status-publish","format-standard","has-post-thumbnail","hentry","category-regional"],"jetpack_featured_media_url":"https:\/\/radiorevelacionfm.cl\/wp-content\/uploads\/2025\/10\/afiche-chelenko-seminario-30-oct_2-1_optimized-1.jpg","_links":{"self":[{"href":"https:\/\/radiorevelacionfm.cl\/index.php?rest_route=\/wp\/v2\/posts\/60852","targetHints":{"allow":["GET"]}}],"collection":[{"href":"https:\/\/radiorevelacionfm.cl\/index.php?rest_route=\/wp\/v2\/posts"}],"about":[{"href":"https:\/\/radiorevelacionfm.cl\/index.php?rest_route=\/wp\/v2\/types\/post"}],"author":[{"embeddable":true,"href":"https:\/\/radiorevelacionfm.cl\/index.php?rest_route=\/wp\/v2\/users\/1"}],"replies":[{"embeddable":true,"href":"https:\/\/radiorevelacionfm.cl\/index.php?rest_route=%2Fwp%2Fv2%2Fcomments&post=60852"}],"version-history":[{"count":2,"href":"https:\/\/radiorevelacionfm.cl\/index.php?rest_route=\/wp\/v2\/posts\/60852\/revisions"}],"predecessor-version":[{"id":60862,"href":"https:\/\/radiorevelacionfm.cl\/index.php?rest_route=\/wp\/v2\/posts\/60852\/revisions\/60862"}],"wp:featuredmedia":[{"embeddable":true,"href":"https:\/\/radiorevelacionfm.cl\/index.php?rest_route=\/wp\/v2\/media\/60853"}],"wp:attachment":[{"href":"https:\/\/radiorevelacionfm.cl\/index.php?rest_route=%2Fwp%2Fv2%2Fmedia&parent=60852"}],"wp:term":[{"taxonomy":"category","embeddable":true,"href":"https:\/\/radiorevelacionfm.cl\/index.php?rest_route=%2Fwp%2Fv2%2Fcategories&post=60852"},{"taxonomy":"post_tag","embeddable":true,"href":"https:\/\/radiorevelacionfm.cl\/index.php?rest_route=%2Fwp%2Fv2%2Ftags&post=60852"}],"curies":[{"name":"wp","href":"https:\/\/api.w.org\/{rel}","templated":true}]}}