{"id":60848,"date":"2025-10-28T15:30:03","date_gmt":"2025-10-28T18:30:03","guid":{"rendered":"https:\/\/radiorevelacionfm.cl\/?p=60848"},"modified":"2025-10-28T15:30:03","modified_gmt":"2025-10-28T18:30:03","slug":"mas-de-300-personas-participan-en-seminarios-sobre-la-ruta-de-los-parques-de-la-patagonia-como-destino-turistico-de-conservacion","status":"publish","type":"post","link":"https:\/\/radiorevelacionfm.cl\/?p=60848","title":{"rendered":"M\u00e1s de 300 personas participan en seminarios sobre la Ruta de los Parques de la Patagonia como destino tur\u00edstico de conservaci\u00f3n"},"content":{"rendered":"<div class=\"flex_column av_one_full  flex_column_div av-zero-column-padding first  avia-builder-el-0  el_before_av_one_full  avia-builder-el-first  \" style='border-radius:0px; '><div  class='avia-image-container  av-styling-    avia-builder-el-1  avia-builder-el-no-sibling  avia-align-center '  itemprop=\"image\" itemscope=\"itemscope\" itemtype=\"https:\/\/schema.org\/ImageObject\"  ><div class='avia-image-container-inner'><div class='avia-image-overlay-wrap'><img decoding=\"async\" class='wp-image-60849 avia-img-lazy-loading-not-60849 avia_image' src=\"https:\/\/radiorevelacionfm.cl\/wp-content\/uploads\/2025\/10\/grupal-puerto-varas-1_optimized-1_optimized.jpg\" alt='' title='grupal-puerto-varas-(1)_optimized-(1)_optimized' height=\"600\" width=\"990\"  itemprop=\"thumbnailUrl\" srcset=\"https:\/\/radiorevelacionfm.cl\/wp-content\/uploads\/2025\/10\/grupal-puerto-varas-1_optimized-1_optimized.jpg 990w, https:\/\/radiorevelacionfm.cl\/wp-content\/uploads\/2025\/10\/grupal-puerto-varas-1_optimized-1_optimized-300x182.jpg 300w, https:\/\/radiorevelacionfm.cl\/wp-content\/uploads\/2025\/10\/grupal-puerto-varas-1_optimized-1_optimized-768x465.jpg 768w, https:\/\/radiorevelacionfm.cl\/wp-content\/uploads\/2025\/10\/grupal-puerto-varas-1_optimized-1_optimized-705x427.jpg 705w, https:\/\/radiorevelacionfm.cl\/wp-content\/uploads\/2025\/10\/grupal-puerto-varas-1_optimized-1_optimized-450x273.jpg 450w, https:\/\/radiorevelacionfm.cl\/wp-content\/uploads\/2025\/10\/grupal-puerto-varas-1_optimized-1_optimized-600x364.jpg 600w\" sizes=\"(max-width: 990px) 100vw, 990px\" \/><\/div><\/div><\/div><\/div><div class=\"flex_column av_one_full  flex_column_div av-zero-column-padding first  avia-builder-el-2  el_after_av_one_full  el_before_av_one_full  column-top-margin\" style='border-radius:0px; '><section class=\"av_textblock_section \"  itemscope=\"itemscope\" itemtype=\"https:\/\/schema.org\/BlogPosting\" itemprop=\"blogPost\" ><div class='avia_textblock  '   itemprop=\"text\" ><p style=\"text-align: center;\"><strong><span style=\"font-size: 18pt;\">M\u00e1s de 300 personas participan en seminarios sobre la Ruta de los Parques de la Patagonia como destino tur\u00edstico de conservaci\u00f3n\u00a0<\/span><\/strong><\/p>\n<div id=\"gtx-trans\" style=\"position: absolute; left: -50px; top: 4.31534px;\">\n<div class=\"gtx-trans-icon\"><\/div>\n<\/div>\n<\/div><\/section><\/div><div class=\"flex_column av_one_full  flex_column_div av-zero-column-padding first  avia-builder-el-4  el_after_av_one_full  el_before_av_hr  column-top-margin\" style='border-radius:0px; '><section class=\"av_textblock_section \"  itemscope=\"itemscope\" itemtype=\"https:\/\/schema.org\/BlogPosting\" itemprop=\"blogPost\" ><div class='avia_textblock  '   itemprop=\"text\" ><ul>\n<li dir=\"ltr\">\n<p dir=\"ltr\" style=\"text-align: justify;\" role=\"presentation\"><em>Con la participaci\u00f3n de expertos de M\u00e9xico, Colombia y Argentina, los seminarios destacados por su enfoque en el turismo sostenible y de conservaci\u00f3n tuvieron lugar en Puerto Varas, Coyhaique y Punta Arenas.<\/em><\/p>\n<\/li>\n<\/ul>\n<p dir=\"ltr\" style=\"text-align: justify;\">Del 20 al 24 de octubre, las ciudades de Puerto Varas, Coyhaique y Punta Arenas se convirtieron en el epicentro de un debate sobre el futuro del turismo de conservaci\u00f3n en la Patagonia: los seminarios\u00a0\u201cRuta de los Parques de la Patagonia: destino mundial de conservaci\u00f3n y naturaleza\u201d, organizados por el Programa Transforma Mesoregional de Corfo, la Fundaci\u00f3n Rewilding Chile, con la colaboraci\u00f3n de Sernatur y Conaf.<\/p>\n<p dir=\"ltr\" style=\"text-align: justify;\">La actividad se desarroll\u00f3 en cada una de las capitales de las regiones de Los Lagos, Ays\u00e9n y Magallanes, con la participaci\u00f3n de m\u00e1s de 300 personas pertenecientes al mundo tur\u00edstico, entre ellos el sector p\u00fablico, la empresa privada, la academia, gu\u00edas especializados, operadores tur\u00edsticos y estudiantes.<\/p>\n<p dir=\"ltr\" style=\"text-align: justify;\">La necesidad de ajustarse a un perfil de visitantes en constante cambio, el desaf\u00edo de dise\u00f1ar destinos que satisfagan expectativas cada vez m\u00e1s complejas y la asociatividad como un factor fundamental para una gesti\u00f3n m\u00e1s eficiente, fueron algunos de los temas desarrollados por tres expertos internacionales que aportaron con su an\u00e1lisis sobre la realidad actual del turismo de conservaci\u00f3n y los retos que debe enfrentar.<\/p>\n<p dir=\"ltr\" style=\"text-align: justify;\">Mauricio Miramontes, cofundador y encargado de Desarrollo de Alianzas de La Mano del Mono, empresa de turismo aventura de M\u00e9xico, con m\u00e1s de 20 a\u00f1os de trayectoria impulsando\u00a0 destinos de turismo de naturaleza regenerativo, destac\u00f3 que no basta con asociarse para lograr destinos tur\u00edsticos realmente sostenibles, sino que es necesario un cambio de paradigma. \u201cPara impulsar un destino de naturaleza como la Ruta tenemos que dejar de trabajar en forma individual por el m\u00e1ximo beneficio para cada uno y entender que lo que realmente nos llevar\u00e1 al \u00e9xito es buscar intensamente una ganancia grupal y comunitaria que no permitir\u00e1 llegar a beneficios compartidos entre comunidades y naturaleza\u201d, coment\u00f3.<\/p>\n<p dir=\"ltr\" style=\"text-align: justify;\">Por su parte, Ana In\u00e9s Figueroa, CEO de Adentrando Destination Management Company,\u00a0empresa argentina especializada en turismo activo y responsable, subray\u00f3 que, para que la Ruta de los Parques se posicione en la mente del consumidor, se deben generar una oferta tur\u00edstica que consista en tres elementos: \u201cQue sea bien planificada en cuanto a los aspectos log\u00edsticos y pr\u00e1cticos, que les permita conexi\u00f3n emocional\u00a0 intelectual y que les deje experiencias que queden grabadas en su memoria\u201d, explic\u00f3.<\/p>\n<p dir=\"ltr\" style=\"text-align: justify;\">Andr\u00e9s D\u00edaz, country manager de la sede colombiana de la Adventure Travel Trade Association (ATTA), destac\u00f3 en su intervenci\u00f3n la necesidad de adaptar la oferta tur\u00edstica a un mercado que demanda cada vez m\u00e1s experiencias responsables y respetuosas con el medio ambiente. \u201cChile ha mejorado significativamente en los \u00faltimos a\u00f1os su competitividad en el turismo aventura pero debemos ser conscientes de que el verdadero reto es avanzar hacia un turismo que genere efectos positivos en la Ruta de los Parques\u201d, afirm\u00f3.<\/p>\n<p dir=\"ltr\" style=\"text-align: justify;\"><strong>Apoyo del Programa Transforma de Corfo<\/strong><\/p>\n<p dir=\"ltr\" style=\"text-align: justify;\">Durante las tres jornadas del seminario, fue relevado el Programa Transforma Mesoregional\u00a0 Ruta de los Parques de la Patagonia de Corfo, un trabajo conjunto entre actores p\u00fablicos y privados que busca la articulaci\u00f3n de actores p\u00fablicos y privados para reducir brechas en el fomento productivo asociado al turismo, fortalecer el capital humano y posicionar a Chile como un referente global en turismo de naturaleza y aventura, entre otros objetivos.<\/p>\n<p dir=\"ltr\" style=\"text-align: justify;\">\u201cA trav\u00e9s del programa Transforma Ruta de los Parques de la Patagonia buscamos fortalecer la articulaci\u00f3n p\u00fablico-privada y la innovaci\u00f3n en torno al turismo de naturaleza. Este seminario nos permite proyectar un destino sostenible y competitivo, donde el turismo basado en el v\u00ednculo con la naturaleza se convierta en motor de desarrollo para los territorios del sur austral\u201d, se\u00f1al\u00f3 el Gerente de Desarrollo Territorial de Corfo, Claudio Maggi.<\/p>\n<p dir=\"ltr\" style=\"text-align: justify;\">Por su parte, Raffaele Di Biase, presidente del programa, destac\u00f3 la realizaci\u00f3n de los seminarios como una oportunidad \u00fanica para conectar con los territorios en torno a una discusi\u00f3n de inter\u00e9s com\u00fan. \u201cAdem\u00e1s de fomentar la asociatividad entre los distintos actores, hemos creado una visi\u00f3n compartida de c\u00f3mo construir un modelo de turismo m\u00e1s sostenible y responsable, lo que no s\u00f3lo es importante para la Ruta de los Parques, sino para todo el desarrollo tur\u00edstico de las regiones involucradas\u201d, coment\u00f3.<\/p>\n<p dir=\"ltr\" style=\"text-align: justify;\">Para la Fundaci\u00f3n Rewilding Chile, la actividad conmemor\u00f3, adem\u00e1s, los 10 a\u00f1os cumplidos desde que el fil\u00e1ntropo estadounidense Douglas Tompkins present\u00f3 la visi\u00f3n de una gran ruta conectora de los parques de la Patagonia en la Cumbre ATTA de 2015, realizada en Puerto Varas. \u201cLo que comenz\u00f3 como una idea, hoy es un programa del Estado, que recoge ese legado y contin\u00faa impulsando la Ruta de los Parques como un motor clave para el desarrollo. Esta es una iniciativa que no solo protege la biodiversidad, sino que tambi\u00e9n genera dinamismo econ\u00f3mico en las m\u00e1s de 60 comunidades locales, creando un modelo de turismo que realmente beneficie tanto al medio ambiente como a las personas\u201d, destac\u00f3 Carolina Cerda, directora de Vinculaci\u00f3n Comunitaria y de Ruta de los Parques de la Patagonia de la fundaci\u00f3n.<\/p>\n<p dir=\"ltr\" style=\"text-align: justify;\">Los seminarios de la Ruta de los Parques han sido una plataforma clave para reflexionar sobre el futuro del turismo en la Patagonia, consolidando este destino como un referente como destino de naturaleza y motor de econom\u00edas locales.<\/p>\n<\/div><\/section><\/div><div  style='height:50px' class='hr hr-invisible   avia-builder-el-6  el_after_av_one_full  el_before_av_social_share '><span class='hr-inner ' ><span class='hr-inner-style'><\/span><\/span><\/div><\/p>\n<div  class='av-social-sharing-box  avia-builder-el-7  el_after_av_hr  el_before_av_hr  '><div class='av-share-box'><h5 class='av-share-link-description av-no-toc '>Compartir esta noticia<\/h5><ul class='av-share-box-list noLightbox'><li class='av-share-link av-social-link-facebook' ><a target=\"_blank\" aria-label=\"Compartir en Facebook\" href='https:\/\/www.facebook.com\/sharer.php?u=https:\/\/radiorevelacionfm.cl\/?p=60848&#038;t=M%C3%A1s%20de%20300%20personas%20participan%20en%20seminarios%20sobre%20la%20Ruta%20de%20los%20Parques%20de%20la%20Patagonia%20como%20destino%20tur%C3%ADstico%20de%20conservaci%C3%B3n' aria-hidden='false' data-av_icon='\ue8f3' data-av_iconfont='entypo-fontello' title='' data-avia-related-tooltip='Compartir en Facebook' rel=\"noopener\"><span class='avia_hidden_link_text'>Compartir en Facebook<\/span><\/a><\/li><li class='av-share-link av-social-link-twitter' ><a target=\"_blank\" aria-label=\"Compartir en Twitter\" href='https:\/\/twitter.com\/share?text=M%C3%A1s%20de%20300%20personas%20participan%20en%20seminarios%20sobre%20la%20Ruta%20de%20los%20Parques%20de%20la%20Patagonia%20como%20destino%20tur%C3%ADstico%20de%20conservaci%C3%B3n&#038;url=https:\/\/radiorevelacionfm.cl\/?p=60848' aria-hidden='false' data-av_icon='\ue8f1' data-av_iconfont='entypo-fontello' title='' data-avia-related-tooltip='Compartir en Twitter' rel=\"noopener\"><span class='avia_hidden_link_text'>Compartir en Twitter<\/span><\/a><\/li><li class='av-share-link av-social-link-whatsapp' ><a target=\"_blank\" aria-label=\"Compartir en Whatsapp\" href='https:\/\/api.whatsapp.com\/send?text=https:\/\/radiorevelacionfm.cl\/?p=60848' aria-hidden='false' data-av_icon='\uf232' data-av_iconfont='entypo-fontello' title='' data-avia-related-tooltip='Compartir en Whatsapp' rel=\"noopener\"><span class='avia_hidden_link_text'>Compartir en Whatsapp<\/span><\/a><\/li><li class='av-share-link av-social-link-linkedin' ><a target=\"_blank\" aria-label=\"Compartir en LinkedIn\" href='https:\/\/linkedin.com\/shareArticle?mini=true&#038;title=M%C3%A1s%20de%20300%20personas%20participan%20en%20seminarios%20sobre%20la%20Ruta%20de%20los%20Parques%20de%20la%20Patagonia%20como%20destino%20tur%C3%ADstico%20de%20conservaci%C3%B3n&#038;url=https:\/\/radiorevelacionfm.cl\/?p=60848' aria-hidden='false' data-av_icon='\ue8fc' data-av_iconfont='entypo-fontello' title='' data-avia-related-tooltip='Compartir en LinkedIn' rel=\"noopener\"><span class='avia_hidden_link_text'>Compartir en LinkedIn<\/span><\/a><\/li><li class='av-share-link av-social-link-mail' ><a  aria-label=\"Compartir por correo\" href='mailto:?subject=M%C3%A1s%20de%20300%20personas%20participan%20en%20seminarios%20sobre%20la%20Ruta%20de%20los%20Parques%20de%20la%20Patagonia%20como%20destino%20tur%C3%ADstico%20de%20conservaci%C3%B3n&#038;body=https:\/\/radiorevelacionfm.cl\/?p=60848' aria-hidden='false' data-av_icon='\ue805' data-av_iconfont='entypo-fontello' title='' data-avia-related-tooltip='Compartir por correo'><span class='avia_hidden_link_text'>Compartir por correo<\/span><\/a><\/li><\/ul><\/div><\/div>\n<div  style='height:50px' class='hr hr-invisible   avia-builder-el-8  el_after_av_social_share  el_before_av_comments_list '><span class='hr-inner ' ><span class='hr-inner-style'><\/span><\/span><\/div>\n<div  class='av-buildercomment  av-blog-meta-html-info-disabled av-blog-meta-tag-disabled  '><\/div>\n","protected":false},"excerpt":{"rendered":"","protected":false},"author":1,"featured_media":60849,"comment_status":"closed","ping_status":"closed","sticky":false,"template":"","format":"standard","meta":{"footnotes":""},"categories":[54],"tags":[],"class_list":["post-60848","post","type-post","status-publish","format-standard","has-post-thumbnail","hentry","category-turismo"],"jetpack_featured_media_url":"https:\/\/radiorevelacionfm.cl\/wp-content\/uploads\/2025\/10\/grupal-puerto-varas-1_optimized-1_optimized.jpg","_links":{"self":[{"href":"https:\/\/radiorevelacionfm.cl\/index.php?rest_route=\/wp\/v2\/posts\/60848","targetHints":{"allow":["GET"]}}],"collection":[{"href":"https:\/\/radiorevelacionfm.cl\/index.php?rest_route=\/wp\/v2\/posts"}],"about":[{"href":"https:\/\/radiorevelacionfm.cl\/index.php?rest_route=\/wp\/v2\/types\/post"}],"author":[{"embeddable":true,"href":"https:\/\/radiorevelacionfm.cl\/index.php?rest_route=\/wp\/v2\/users\/1"}],"replies":[{"embeddable":true,"href":"https:\/\/radiorevelacionfm.cl\/index.php?rest_route=%2Fwp%2Fv2%2Fcomments&post=60848"}],"version-history":[{"count":2,"href":"https:\/\/radiorevelacionfm.cl\/index.php?rest_route=\/wp\/v2\/posts\/60848\/revisions"}],"predecessor-version":[{"id":60851,"href":"https:\/\/radiorevelacionfm.cl\/index.php?rest_route=\/wp\/v2\/posts\/60848\/revisions\/60851"}],"wp:featuredmedia":[{"embeddable":true,"href":"https:\/\/radiorevelacionfm.cl\/index.php?rest_route=\/wp\/v2\/media\/60849"}],"wp:attachment":[{"href":"https:\/\/radiorevelacionfm.cl\/index.php?rest_route=%2Fwp%2Fv2%2Fmedia&parent=60848"}],"wp:term":[{"taxonomy":"category","embeddable":true,"href":"https:\/\/radiorevelacionfm.cl\/index.php?rest_route=%2Fwp%2Fv2%2Fcategories&post=60848"},{"taxonomy":"post_tag","embeddable":true,"href":"https:\/\/radiorevelacionfm.cl\/index.php?rest_route=%2Fwp%2Fv2%2Ftags&post=60848"}],"curies":[{"name":"wp","href":"https:\/\/api.w.org\/{rel}","templated":true}]}}