{"id":60844,"date":"2025-10-28T15:18:30","date_gmt":"2025-10-28T18:18:30","guid":{"rendered":"https:\/\/radiorevelacionfm.cl\/?p=60844"},"modified":"2025-10-28T15:18:30","modified_gmt":"2025-10-28T18:18:30","slug":"potencian-el-intercambio-cultural-indigena-entre-aysen-y-la-araucania-con-gira-en-lago-budi","status":"publish","type":"post","link":"https:\/\/radiorevelacionfm.cl\/?p=60844","title":{"rendered":"Potencian el intercambio cultural ind\u00edgena entre Ays\u00e9n y La Araucan\u00eda con gira en Lago Budi"},"content":{"rendered":"<div class=\"flex_column av_one_full  flex_column_div av-zero-column-padding first  avia-builder-el-0  el_before_av_one_full  avia-builder-el-first  \" style='border-radius:0px; '><div  class='avia-image-container  av-styling-    avia-builder-el-1  avia-builder-el-no-sibling  avia-align-center '  itemprop=\"image\" itemscope=\"itemscope\" itemtype=\"https:\/\/schema.org\/ImageObject\"  ><div class='avia-image-container-inner'><div class='avia-image-overlay-wrap'><img decoding=\"async\" class='wp-image-60845 avia-img-lazy-loading-not-60845 avia_image' src=\"https:\/\/radiorevelacionfm.cl\/wp-content\/uploads\/2025\/10\/foto-archivo-seminario-turismo-indigena-en-cerro-castillo-i-1_optimized-1.jpg\" alt='' title='foto-archivo-seminario-turismo-indigena-en-cerro-castillo-i-(1)_optimized (1)' height=\"600\" width=\"900\"  itemprop=\"thumbnailUrl\" srcset=\"https:\/\/radiorevelacionfm.cl\/wp-content\/uploads\/2025\/10\/foto-archivo-seminario-turismo-indigena-en-cerro-castillo-i-1_optimized-1.jpg 900w, https:\/\/radiorevelacionfm.cl\/wp-content\/uploads\/2025\/10\/foto-archivo-seminario-turismo-indigena-en-cerro-castillo-i-1_optimized-1-300x200.jpg 300w, https:\/\/radiorevelacionfm.cl\/wp-content\/uploads\/2025\/10\/foto-archivo-seminario-turismo-indigena-en-cerro-castillo-i-1_optimized-1-768x512.jpg 768w, https:\/\/radiorevelacionfm.cl\/wp-content\/uploads\/2025\/10\/foto-archivo-seminario-turismo-indigena-en-cerro-castillo-i-1_optimized-1-705x470.jpg 705w, https:\/\/radiorevelacionfm.cl\/wp-content\/uploads\/2025\/10\/foto-archivo-seminario-turismo-indigena-en-cerro-castillo-i-1_optimized-1-450x300.jpg 450w, https:\/\/radiorevelacionfm.cl\/wp-content\/uploads\/2025\/10\/foto-archivo-seminario-turismo-indigena-en-cerro-castillo-i-1_optimized-1-600x400.jpg 600w\" sizes=\"(max-width: 900px) 100vw, 900px\" \/><\/div><\/div><\/div><\/div><div class=\"flex_column av_one_full  flex_column_div av-zero-column-padding first  avia-builder-el-2  el_after_av_one_full  el_before_av_one_full  column-top-margin\" style='border-radius:0px; '><section class=\"av_textblock_section \"  itemscope=\"itemscope\" itemtype=\"https:\/\/schema.org\/BlogPosting\" itemprop=\"blogPost\" ><div class='avia_textblock  '   itemprop=\"text\" ><p style=\"text-align: center;\"><span style=\"font-size: 18pt;\"><b>Potencian el intercambio cultural ind\u00edgena entre Ays\u00e9n y La Araucan\u00eda con gira en Lago Budi<\/b><\/span><\/p>\n<div id=\"gtx-trans\" style=\"position: absolute; left: -50px; top: 4.31534px;\">\n<div class=\"gtx-trans-icon\"><\/div>\n<\/div>\n<\/div><\/section><\/div><div class=\"flex_column av_one_full  flex_column_div av-zero-column-padding first  avia-builder-el-4  el_after_av_one_full  el_before_av_hr  column-top-margin\" style='border-radius:0px; '><section class=\"av_textblock_section \"  itemscope=\"itemscope\" itemtype=\"https:\/\/schema.org\/BlogPosting\" itemprop=\"blogPost\" ><div class='avia_textblock  '   itemprop=\"text\" ><p style=\"text-align: justify;\"><em>\u201cGira tecnol\u00f3gica de turismo ind\u00edgena Ays\u00e9n Patagonia a Destino Araucan\u00eda\u201d se realizar\u00e1 del 31 octubre al 4 de noviembre en la comunidad ind\u00edgena de Llaguepulli del Lago Budi en la comuna de Teodoro Smith.<\/em><\/p>\n<p style=\"text-align: justify;\"><em>La actividad es financiada por el Servicio Nacional de Turismo y la Corporaci\u00f3n Nacional de Desarrollo Ind\u00edgena Regi\u00f3n de Ays\u00e9n, y ejecutada por Amuy Chile y Sensum Patagonia.<\/em><\/p>\n<p style=\"text-align: justify;\">Con el objetivo de generar conocimientos t\u00e9cnicos, metodol\u00f3gicos y de articulaci\u00f3n de la oferta de experiencias comunitarias de emprendimientos ind\u00edgenas mapuches, centradas en el turismo ind\u00edgena, comunitario y sostenible, once emprendedores de turismo ind\u00edgena de la regi\u00f3n de Ays\u00e9n participar\u00e1n de la gira tecnol\u00f3gica en la comunidad ind\u00edgena de Llaguepulli del Lago Budi, regi\u00f3n de La Araucan\u00eda.<\/p>\n<p style=\"text-align: justify;\">La actividad se efectuar\u00e1 del 31 de octubre al 4 de noviembre en la comuna de Puerto Saavedra y se enmarca en la ejecuci\u00f3n del Convenio de colaboraci\u00f3n y transferencia entre CONADI y Sernatur Ays\u00e9n.<\/p>\n<p style=\"text-align: justify;\">El prop\u00f3sito de la jornada es que los participantes, diez personas de la comuna de R\u00edo Ib\u00e1\u00f1ez, puedan conocer y aprender de experiencias consolidadas de turismo ind\u00edgena en la Regi\u00f3n de La Araucan\u00eda, espec\u00edficamente en el territorio lafkenche del Lago Budi. Por otra parte, se busca generar conocimientos t\u00e9cnicos, metodol\u00f3gicos y de articulaci\u00f3n de la oferta de experiencias comunitarias de emprendimientos ind\u00edgenas mapuches, centradas en el turismo ind\u00edgena, comunitario y sostenible, que puedan ser replicables en Ays\u00e9n.<\/p>\n<p style=\"text-align: justify;\">Sandra Navarro, Encargada de la unidad de Desarrollo de Sernatur Ays\u00e9n destac\u00f3 que la gira tecnol\u00f3gica forma parte de un trabajo que busca fortalecer el turismo ind\u00edgena en la regi\u00f3n. \u201cLo que buscamos como instituci\u00f3n a trav\u00e9s de este piloto es entregar capacidades reales para que el turismo ind\u00edgena sea sostenible en el tiempo y genere ingresos en los territorios, adem\u00e1s porque creemos que el turismo ind\u00edgena es una oportunidad para diversificar la oferta del destino Ays\u00e9n Patagonia con experiencias con sentido y esta gira busca que las emprendedoras regionales puedan conocer otras experiencias, generen intercambios,\u00a0 alianzas y aprendizajes que puedan fortalecer el turismo con identidad en Ays\u00e9n\u201d.<\/p>\n<p style=\"text-align: justify;\">Pamela Huaitiao Almonacid, Encargada regional de CONADI destac\u00f3 la posibilidad que le brinda esta gira a las y los participantes para crear redes que fortalezcan sus emprendimientos. \u201cEl Convenio de colaboraci\u00f3n y transferencia entre CONADI y Sernatur Ays\u00e9n se formul\u00f3 en conjunto siendo parte de los productos esperado las capacitaciones y el seminario sobre turismo ind\u00edgena que se realizaron en Cerro Castillo. La pasant\u00eda que se realizara en \u00a0la comuna de Saavedra viene a cerrar con broche de oro el trabajo realizado con los y las emprendedores\/as tur\u00edsticos ind\u00edgenas de la comuna de Rio Ib\u00e1\u00f1ez, por lo que esperamos sea una instancia enriquecedora donde ellos puedan crear redes colaborativas con otros emprendedores tur\u00edsticos ind\u00edgenas y \u00a0visibilizar sus negocios por supuesto, reafirmar la idea que la regi\u00f3n de Ays\u00e9n es un destino tur\u00edstico potente y que en este territorio tambi\u00e9n los pueblos ind\u00edgenas pueden aportar con sus conocimientos, sus relatos y tambi\u00e9n su forma de vida\u201d.<\/p>\n<p style=\"text-align: justify;\">La gira contar\u00e1 con diversas actividades, que incluyen visitas al Centro de Negocios Inakeyu, Vi\u00f1a Wuampuhue, participaci\u00f3n de un taller de Artesan\u00eda Textil Mapuche, otro de Medicina Ancestral Mapuche, excursio\u0301n en wampo porel Lago Budi, Actividad guiada en la Granja Agroecolo\u0301gica Kotuwe, Encuentro con Red de Turismo Ind\u00edgena con Llaguepulli Travel y una Socializaci\u00f3n del Sello de Turismo Ind\u00edgena (STI).<\/p>\n<p style=\"text-align: justify;\">\u202fUna de las participantes de la gira es la presidenta de la Asociaci\u00f3n Ind\u00edgena Newen Mapu de la comuna de R\u00edo Ib\u00e1\u00f1ez, Marc\u00eda \u00c1lvarez quien coment\u00f3 que asistir\u00e1 con entusiasmo y ganas de compartir. \u201cCreo que ser\u00e1 una experiencia enriquecedora conocer otras realidades trabajos emprendimientos vinculados nuestro pueblo mapuche; el contacto con la naturaleza hoy est\u00e1 presente\u201d, indic\u00f3 la representante.<\/p>\n<p style=\"text-align: justify;\">\u201cBuscamos fortalecer nuestro trabajo, poner en valor tem\u00e1ticas y entregar herramientas para replicar. Somos personas que decidimos continuar aqu\u00ed en la vida rural con sus ventajas y desventajas, pero no dejar nuestros pueblos origen. Emprender es una puerta que nos permite entregar el sustento econ\u00f3mico para las familias y la independencia que se busca\u201d, agreg\u00f3.<\/p>\n<p style=\"text-align: justify;\">Esta gira se suma a las acciones desarrolladas en el marco del trabajo colaborativo entre Sernatur y CONADI, que ya ha permitido implementar talleres de capacitaci\u00f3n y la realizaci\u00f3n del primer seminario de turismo ind\u00edgena en la regi\u00f3n de Ays\u00e9n.<\/p>\n<p style=\"text-align: justify;\">Instancia donde diez empresarias y operadoras tur\u00edsticas regionales, viajar\u00e1n a la localidad de Lago Budi donde tendr\u00e1n la posibilidad de conocer el trabajo que desarrolla la comunidad ind\u00edgena de Llaguepulli, para vivenciar y reflexionar sobre experiencias concretas de articulaci\u00f3n territorial, desarrollo econ\u00f3mico con pertinencia cultural y estrategias de comercializaci\u00f3n implementadas por empresas de turismo ind\u00edgena en la zona.<\/p>\n<\/div><\/section><\/div><div  style='height:50px' class='hr hr-invisible   avia-builder-el-6  el_after_av_one_full  el_before_av_social_share '><span class='hr-inner ' ><span class='hr-inner-style'><\/span><\/span><\/div><\/p>\n<div  class='av-social-sharing-box  avia-builder-el-7  el_after_av_hr  el_before_av_hr  '><div class='av-share-box'><h5 class='av-share-link-description av-no-toc '>Compartir esta noticia<\/h5><ul class='av-share-box-list noLightbox'><li class='av-share-link av-social-link-facebook' ><a target=\"_blank\" aria-label=\"Compartir en Facebook\" href='https:\/\/www.facebook.com\/sharer.php?u=https:\/\/radiorevelacionfm.cl\/?p=60844&#038;t=Potencian%20el%20intercambio%20cultural%20ind%C3%ADgena%20entre%20Ays%C3%A9n%20y%20La%20Araucan%C3%ADa%20con%20gira%20en%20Lago%20Budi' aria-hidden='false' data-av_icon='\ue8f3' data-av_iconfont='entypo-fontello' title='' data-avia-related-tooltip='Compartir en Facebook' rel=\"noopener\"><span class='avia_hidden_link_text'>Compartir en Facebook<\/span><\/a><\/li><li class='av-share-link av-social-link-twitter' ><a target=\"_blank\" aria-label=\"Compartir en Twitter\" href='https:\/\/twitter.com\/share?text=Potencian%20el%20intercambio%20cultural%20ind%C3%ADgena%20entre%20Ays%C3%A9n%20y%20La%20Araucan%C3%ADa%20con%20gira%20en%20Lago%20Budi&#038;url=https:\/\/radiorevelacionfm.cl\/?p=60844' aria-hidden='false' data-av_icon='\ue8f1' data-av_iconfont='entypo-fontello' title='' data-avia-related-tooltip='Compartir en Twitter' rel=\"noopener\"><span class='avia_hidden_link_text'>Compartir en Twitter<\/span><\/a><\/li><li class='av-share-link av-social-link-whatsapp' ><a target=\"_blank\" aria-label=\"Compartir en Whatsapp\" href='https:\/\/api.whatsapp.com\/send?text=https:\/\/radiorevelacionfm.cl\/?p=60844' aria-hidden='false' data-av_icon='\uf232' data-av_iconfont='entypo-fontello' title='' data-avia-related-tooltip='Compartir en Whatsapp' rel=\"noopener\"><span class='avia_hidden_link_text'>Compartir en Whatsapp<\/span><\/a><\/li><li class='av-share-link av-social-link-linkedin' ><a target=\"_blank\" aria-label=\"Compartir en LinkedIn\" href='https:\/\/linkedin.com\/shareArticle?mini=true&#038;title=Potencian%20el%20intercambio%20cultural%20ind%C3%ADgena%20entre%20Ays%C3%A9n%20y%20La%20Araucan%C3%ADa%20con%20gira%20en%20Lago%20Budi&#038;url=https:\/\/radiorevelacionfm.cl\/?p=60844' aria-hidden='false' data-av_icon='\ue8fc' data-av_iconfont='entypo-fontello' title='' data-avia-related-tooltip='Compartir en LinkedIn' rel=\"noopener\"><span class='avia_hidden_link_text'>Compartir en LinkedIn<\/span><\/a><\/li><li class='av-share-link av-social-link-mail' ><a  aria-label=\"Compartir por correo\" href='mailto:?subject=Potencian%20el%20intercambio%20cultural%20ind%C3%ADgena%20entre%20Ays%C3%A9n%20y%20La%20Araucan%C3%ADa%20con%20gira%20en%20Lago%20Budi&#038;body=https:\/\/radiorevelacionfm.cl\/?p=60844' aria-hidden='false' data-av_icon='\ue805' data-av_iconfont='entypo-fontello' title='' data-avia-related-tooltip='Compartir por correo'><span class='avia_hidden_link_text'>Compartir por correo<\/span><\/a><\/li><\/ul><\/div><\/div>\n<div  style='height:50px' class='hr hr-invisible   avia-builder-el-8  el_after_av_social_share  el_before_av_comments_list '><span class='hr-inner ' ><span class='hr-inner-style'><\/span><\/span><\/div>\n<div  class='av-buildercomment  av-blog-meta-html-info-disabled av-blog-meta-tag-disabled  '><\/div>\n","protected":false},"excerpt":{"rendered":"","protected":false},"author":1,"featured_media":60845,"comment_status":"closed","ping_status":"closed","sticky":false,"template":"","format":"standard","meta":{"footnotes":""},"categories":[38],"tags":[],"class_list":["post-60844","post","type-post","status-publish","format-standard","has-post-thumbnail","hentry","category-regional"],"jetpack_featured_media_url":"https:\/\/radiorevelacionfm.cl\/wp-content\/uploads\/2025\/10\/foto-archivo-seminario-turismo-indigena-en-cerro-castillo-i-1_optimized-1.jpg","_links":{"self":[{"href":"https:\/\/radiorevelacionfm.cl\/index.php?rest_route=\/wp\/v2\/posts\/60844","targetHints":{"allow":["GET"]}}],"collection":[{"href":"https:\/\/radiorevelacionfm.cl\/index.php?rest_route=\/wp\/v2\/posts"}],"about":[{"href":"https:\/\/radiorevelacionfm.cl\/index.php?rest_route=\/wp\/v2\/types\/post"}],"author":[{"embeddable":true,"href":"https:\/\/radiorevelacionfm.cl\/index.php?rest_route=\/wp\/v2\/users\/1"}],"replies":[{"embeddable":true,"href":"https:\/\/radiorevelacionfm.cl\/index.php?rest_route=%2Fwp%2Fv2%2Fcomments&post=60844"}],"version-history":[{"count":2,"href":"https:\/\/radiorevelacionfm.cl\/index.php?rest_route=\/wp\/v2\/posts\/60844\/revisions"}],"predecessor-version":[{"id":60847,"href":"https:\/\/radiorevelacionfm.cl\/index.php?rest_route=\/wp\/v2\/posts\/60844\/revisions\/60847"}],"wp:featuredmedia":[{"embeddable":true,"href":"https:\/\/radiorevelacionfm.cl\/index.php?rest_route=\/wp\/v2\/media\/60845"}],"wp:attachment":[{"href":"https:\/\/radiorevelacionfm.cl\/index.php?rest_route=%2Fwp%2Fv2%2Fmedia&parent=60844"}],"wp:term":[{"taxonomy":"category","embeddable":true,"href":"https:\/\/radiorevelacionfm.cl\/index.php?rest_route=%2Fwp%2Fv2%2Fcategories&post=60844"},{"taxonomy":"post_tag","embeddable":true,"href":"https:\/\/radiorevelacionfm.cl\/index.php?rest_route=%2Fwp%2Fv2%2Ftags&post=60844"}],"curies":[{"name":"wp","href":"https:\/\/api.w.org\/{rel}","templated":true}]}}