{"id":60840,"date":"2025-10-28T15:05:53","date_gmt":"2025-10-28T18:05:53","guid":{"rendered":"https:\/\/radiorevelacionfm.cl\/?p=60840"},"modified":"2025-10-28T15:05:53","modified_gmt":"2025-10-28T18:05:53","slug":"este-viernes-31-de-octubre-puerto-rio-tranquilo-lanza-su-temporada-2025-2026-con-kayak-asado-comunitario-cicletada-y-musica-en-vivo","status":"publish","type":"post","link":"https:\/\/radiorevelacionfm.cl\/?p=60840","title":{"rendered":"Este viernes 31 de octubre: Puerto R\u00edo Tranquilo lanza su temporada 2025-2026 con kayak, asado comunitario, cicletada y m\u00fasica en vivo"},"content":{"rendered":"<div class=\"flex_column av_one_full  flex_column_div av-zero-column-padding first  avia-builder-el-0  el_before_av_one_full  avia-builder-el-first  \" style='border-radius:0px; '><div  class='avia-image-container  av-styling-    avia-builder-el-1  avia-builder-el-no-sibling  avia-align-center '  itemprop=\"image\" itemscope=\"itemscope\" itemtype=\"https:\/\/schema.org\/ImageObject\"  ><div class='avia-image-container-inner'><div class='avia-image-overlay-wrap'><img decoding=\"async\" class='wp-image-60841 avia-img-lazy-loading-not-60841 avia_image' src=\"https:\/\/radiorevelacionfm.cl\/wp-content\/uploads\/2025\/10\/afiche-lanzamiento-de-temporada-puerto-rio-tranquilo_optimized-1_optimized-1.jpeg\" alt='' title='afiche-lanzamiento-de-temporada-puerto-r\u00edo-tranquilo_optimized-(1)_optimized (1)' height=\"1000\" width=\"800\"  itemprop=\"thumbnailUrl\" srcset=\"https:\/\/radiorevelacionfm.cl\/wp-content\/uploads\/2025\/10\/afiche-lanzamiento-de-temporada-puerto-rio-tranquilo_optimized-1_optimized-1.jpeg 800w, https:\/\/radiorevelacionfm.cl\/wp-content\/uploads\/2025\/10\/afiche-lanzamiento-de-temporada-puerto-rio-tranquilo_optimized-1_optimized-1-240x300.jpeg 240w, https:\/\/radiorevelacionfm.cl\/wp-content\/uploads\/2025\/10\/afiche-lanzamiento-de-temporada-puerto-rio-tranquilo_optimized-1_optimized-1-768x960.jpeg 768w, https:\/\/radiorevelacionfm.cl\/wp-content\/uploads\/2025\/10\/afiche-lanzamiento-de-temporada-puerto-rio-tranquilo_optimized-1_optimized-1-564x705.jpeg 564w, https:\/\/radiorevelacionfm.cl\/wp-content\/uploads\/2025\/10\/afiche-lanzamiento-de-temporada-puerto-rio-tranquilo_optimized-1_optimized-1-450x563.jpeg 450w, https:\/\/radiorevelacionfm.cl\/wp-content\/uploads\/2025\/10\/afiche-lanzamiento-de-temporada-puerto-rio-tranquilo_optimized-1_optimized-1-600x750.jpeg 600w\" sizes=\"(max-width: 800px) 100vw, 800px\" \/><\/div><\/div><\/div><\/div><div class=\"flex_column av_one_full  flex_column_div av-zero-column-padding first  avia-builder-el-2  el_after_av_one_full  el_before_av_one_full  column-top-margin\" style='border-radius:0px; '><section class=\"av_textblock_section \"  itemscope=\"itemscope\" itemtype=\"https:\/\/schema.org\/BlogPosting\" itemprop=\"blogPost\" ><div class='avia_textblock  '   itemprop=\"text\" ><p style=\"text-align: center;\"><strong><span style=\"font-size: 18pt;\">Este viernes 31 de octubre: Puerto R\u00edo Tranquilo lanza su temporada 2025-2026 con kayak, asado comunitario, cicletada y m\u00fasica en vivo<\/span><\/strong><\/p>\n<div id=\"gtx-trans\" style=\"position: absolute; left: -50px; top: 4.31534px;\">\n<div class=\"gtx-trans-icon\"><\/div>\n<\/div>\n<\/div><\/section><\/div><div class=\"flex_column av_one_full  flex_column_div av-zero-column-padding first  avia-builder-el-4  el_after_av_one_full  el_before_av_hr  column-top-margin\" style='border-radius:0px; '><section class=\"av_textblock_section \"  itemscope=\"itemscope\" itemtype=\"https:\/\/schema.org\/BlogPosting\" itemprop=\"blogPost\" ><div class='avia_textblock  '   itemprop=\"text\" ><p style=\"font-weight: 400; text-align: justify;\">\u201c<em>Un pueblo peque\u00f1o, un destino inmenso<\/em>\u201d.<\/p>\n<p style=\"font-weight: 400; text-align: justify;\">Con este eslogan, la C\u00e1mara de Comercio y Turismo de Puerto R\u00edo Tranquilo est\u00e1 convocando a la comunidad y visitantes a iniciar su temporada tur\u00edstica 2025-2026 este viernes 31 de octubre. La jornada contemplar\u00e1 paseos en kayak, asado comunitario, cicletada y m\u00fasica en vivo, con el objetivo de relevar la oferta de las y los emprendedores del sector, como son los operadores, boteros, restoranes, alojamientos, gu\u00edas y productores locales.<\/p>\n<p style=\"font-weight: 400; text-align: justify;\">Detall\u00f3 la\u00a0<strong>presidenta de la organizaci\u00f3n, Carina Briones Poblete,<\/strong>\u00a0que habr\u00e1 \u201c<em>asados al palo en la costanera del lugar, como una actividad al aire libre aprovechando dicho espacio. Se est\u00e1 convocando tambi\u00e9n a productores y productoras de la comuna de R\u00edo Ib\u00e1\u00f1ez, como artesanos y horticultores<\/em>\u201d.\u00a0 Asimismo, la idea es que los \u201c<em>tour operadores tengan un stand en el lugar y muestren sus servicios, donde se har\u00e1n salidas en kayak para la comunidad y visitantes, que ser\u00e1n paseos en un lugar cercano a la playa de Puerto R\u00edo Tranquilo<\/em>\u201d.<\/p>\n<p style=\"font-weight: 400; text-align: justify;\">Durante la jornada se incluir\u00e1n, adem\u00e1s, actividades deportivas y culturales, junto a m\u00fasica en vivo con el grupo folcl\u00f3rico \u201c<em>Los Cumpas de Coyhaique<\/em>\u201d, y los conjuntos \u201c<em>Los del San Lorenzo<\/em>\u201d de Cochrane y \u201c<em>Los hermanos Vargas<\/em>\u201d de Bah\u00eda Murta.<\/p>\n<p style=\"font-weight: 400; text-align: justify;\">En la tarde se tiene programada una cicletada familiar organizada por la agrupaci\u00f3n Cicleayque, que se adentrar\u00e1 dos kil\u00f3metros hacia el valle Exploradores, como una actividad especialmente dirigida a los ni\u00f1os. \u201c<em>Esta jornada cerrar\u00e1 con m\u00fasica en vivo, disfrutando hasta la medianoche al aire libre en la costanera<\/em>\u201d puntualiz\u00f3 Carina Briones.<\/p>\n<p style=\"font-weight: 400; text-align: justify;\">\u201c<em>El evento marca el inicio del per\u00edodo de mayor actividad tur\u00edstica en la localidad, buscando impulsar la econom\u00eda local y promover la oferta de servicios, productos y experiencias que ofrece el destino. Adem\u00e1s, busca fortalecer el trabajo conjunto entre emprendedores, artesanos, productores y autoridades, destacando la identidad y el esp\u00edritu de hospitalidad que caracterizan a la comunidad<\/em>\u201d puntualiz\u00f3 la dirigenta.<\/p>\n<p style=\"font-weight: 400; text-align: justify;\">Este lanzamiento de temporada cuenta con la colaboraci\u00f3n de la municipalidad de R\u00edo Ib\u00e1\u00f1ez, tanto econ\u00f3mico como log\u00edstico, adem\u00e1s del apoyo del Programa Estrat\u00e9gico de Turismo (PER) Ays\u00e9n, iniciativa de CORFO con financiamiento del Gobierno Regional de Ays\u00e9n, gracias a las gestiones de la Corporaci\u00f3n Chelenko, de la cual es parte la C\u00e1mara de Comercio y Turismo, con el fin de articular los distintos lanzamientos de temporada en la cuenca del lago General Carrera como parte de una visi\u00f3n territorial com\u00fan.<\/p>\n<\/div><\/section><\/div><div  style='height:50px' class='hr hr-invisible   avia-builder-el-6  el_after_av_one_full  el_before_av_social_share '><span class='hr-inner ' ><span class='hr-inner-style'><\/span><\/span><\/div><\/p>\n<div  class='av-social-sharing-box  avia-builder-el-7  el_after_av_hr  el_before_av_hr  '><div class='av-share-box'><h5 class='av-share-link-description av-no-toc '>Compartir esta noticia<\/h5><ul class='av-share-box-list noLightbox'><li class='av-share-link av-social-link-facebook' ><a target=\"_blank\" aria-label=\"Compartir en Facebook\" href='https:\/\/www.facebook.com\/sharer.php?u=https:\/\/radiorevelacionfm.cl\/?p=60840&#038;t=Este%20viernes%2031%20de%20octubre%3A%20Puerto%20R%C3%ADo%20Tranquilo%20lanza%20su%20temporada%202025-2026%20con%20kayak%2C%20asado%20comunitario%2C%20cicletada%20y%20m%C3%BAsica%20en%20vivo' aria-hidden='false' data-av_icon='\ue8f3' data-av_iconfont='entypo-fontello' title='' data-avia-related-tooltip='Compartir en Facebook' rel=\"noopener\"><span class='avia_hidden_link_text'>Compartir en Facebook<\/span><\/a><\/li><li class='av-share-link av-social-link-twitter' ><a target=\"_blank\" aria-label=\"Compartir en Twitter\" href='https:\/\/twitter.com\/share?text=Este%20viernes%2031%20de%20octubre%3A%20Puerto%20R%C3%ADo%20Tranquilo%20lanza%20su%20temporada%202025-2026%20con%20kayak%2C%20asado%20comunitario%2C%20cicletada%20y%20m%C3%BAsica%20en%20vivo&#038;url=https:\/\/radiorevelacionfm.cl\/?p=60840' aria-hidden='false' data-av_icon='\ue8f1' data-av_iconfont='entypo-fontello' title='' data-avia-related-tooltip='Compartir en Twitter' rel=\"noopener\"><span class='avia_hidden_link_text'>Compartir en Twitter<\/span><\/a><\/li><li class='av-share-link av-social-link-whatsapp' ><a target=\"_blank\" aria-label=\"Compartir en Whatsapp\" href='https:\/\/api.whatsapp.com\/send?text=https:\/\/radiorevelacionfm.cl\/?p=60840' aria-hidden='false' data-av_icon='\uf232' data-av_iconfont='entypo-fontello' title='' data-avia-related-tooltip='Compartir en Whatsapp' rel=\"noopener\"><span class='avia_hidden_link_text'>Compartir en Whatsapp<\/span><\/a><\/li><li class='av-share-link av-social-link-linkedin' ><a target=\"_blank\" aria-label=\"Compartir en LinkedIn\" href='https:\/\/linkedin.com\/shareArticle?mini=true&#038;title=Este%20viernes%2031%20de%20octubre%3A%20Puerto%20R%C3%ADo%20Tranquilo%20lanza%20su%20temporada%202025-2026%20con%20kayak%2C%20asado%20comunitario%2C%20cicletada%20y%20m%C3%BAsica%20en%20vivo&#038;url=https:\/\/radiorevelacionfm.cl\/?p=60840' aria-hidden='false' data-av_icon='\ue8fc' data-av_iconfont='entypo-fontello' title='' data-avia-related-tooltip='Compartir en LinkedIn' rel=\"noopener\"><span class='avia_hidden_link_text'>Compartir en LinkedIn<\/span><\/a><\/li><li class='av-share-link av-social-link-mail' ><a  aria-label=\"Compartir por correo\" href='mailto:?subject=Este%20viernes%2031%20de%20octubre%3A%20Puerto%20R%C3%ADo%20Tranquilo%20lanza%20su%20temporada%202025-2026%20con%20kayak%2C%20asado%20comunitario%2C%20cicletada%20y%20m%C3%BAsica%20en%20vivo&#038;body=https:\/\/radiorevelacionfm.cl\/?p=60840' aria-hidden='false' data-av_icon='\ue805' data-av_iconfont='entypo-fontello' title='' data-avia-related-tooltip='Compartir por correo'><span class='avia_hidden_link_text'>Compartir por correo<\/span><\/a><\/li><\/ul><\/div><\/div>\n<div  style='height:50px' class='hr hr-invisible   avia-builder-el-8  el_after_av_social_share  el_before_av_comments_list '><span class='hr-inner ' ><span class='hr-inner-style'><\/span><\/span><\/div>\n<div  class='av-buildercomment  av-blog-meta-html-info-disabled av-blog-meta-tag-disabled  '><\/div>\n","protected":false},"excerpt":{"rendered":"","protected":false},"author":1,"featured_media":60841,"comment_status":"closed","ping_status":"closed","sticky":false,"template":"","format":"standard","meta":{"footnotes":""},"categories":[54],"tags":[],"class_list":["post-60840","post","type-post","status-publish","format-standard","has-post-thumbnail","hentry","category-turismo"],"jetpack_featured_media_url":"https:\/\/radiorevelacionfm.cl\/wp-content\/uploads\/2025\/10\/afiche-lanzamiento-de-temporada-puerto-rio-tranquilo_optimized-1_optimized-1.jpeg","_links":{"self":[{"href":"https:\/\/radiorevelacionfm.cl\/index.php?rest_route=\/wp\/v2\/posts\/60840","targetHints":{"allow":["GET"]}}],"collection":[{"href":"https:\/\/radiorevelacionfm.cl\/index.php?rest_route=\/wp\/v2\/posts"}],"about":[{"href":"https:\/\/radiorevelacionfm.cl\/index.php?rest_route=\/wp\/v2\/types\/post"}],"author":[{"embeddable":true,"href":"https:\/\/radiorevelacionfm.cl\/index.php?rest_route=\/wp\/v2\/users\/1"}],"replies":[{"embeddable":true,"href":"https:\/\/radiorevelacionfm.cl\/index.php?rest_route=%2Fwp%2Fv2%2Fcomments&post=60840"}],"version-history":[{"count":2,"href":"https:\/\/radiorevelacionfm.cl\/index.php?rest_route=\/wp\/v2\/posts\/60840\/revisions"}],"predecessor-version":[{"id":60843,"href":"https:\/\/radiorevelacionfm.cl\/index.php?rest_route=\/wp\/v2\/posts\/60840\/revisions\/60843"}],"wp:featuredmedia":[{"embeddable":true,"href":"https:\/\/radiorevelacionfm.cl\/index.php?rest_route=\/wp\/v2\/media\/60841"}],"wp:attachment":[{"href":"https:\/\/radiorevelacionfm.cl\/index.php?rest_route=%2Fwp%2Fv2%2Fmedia&parent=60840"}],"wp:term":[{"taxonomy":"category","embeddable":true,"href":"https:\/\/radiorevelacionfm.cl\/index.php?rest_route=%2Fwp%2Fv2%2Fcategories&post=60840"},{"taxonomy":"post_tag","embeddable":true,"href":"https:\/\/radiorevelacionfm.cl\/index.php?rest_route=%2Fwp%2Fv2%2Ftags&post=60840"}],"curies":[{"name":"wp","href":"https:\/\/api.w.org\/{rel}","templated":true}]}}