{"id":60836,"date":"2025-10-28T12:02:32","date_gmt":"2025-10-28T15:02:32","guid":{"rendered":"https:\/\/radiorevelacionfm.cl\/?p=60836"},"modified":"2025-10-28T12:02:32","modified_gmt":"2025-10-28T15:02:32","slug":"corte-de-coyhaique-confirma-la-prision-preventiva-de-imputado-por-homicidio-y-ultraje-de-cadaver","status":"publish","type":"post","link":"https:\/\/radiorevelacionfm.cl\/?p=60836","title":{"rendered":"Corte de Coyhaique confirma la prisi\u00f3n preventiva de imputado por homicidio y ultraje de cad\u00e1ver"},"content":{"rendered":"<div class=\"flex_column av_one_full  flex_column_div av-zero-column-padding first  avia-builder-el-0  el_before_av_one_full  avia-builder-el-first  \" style='border-radius:0px; '><div  class='avia-image-container  av-styling-    avia-builder-el-1  avia-builder-el-no-sibling  avia-align-center '  itemprop=\"image\" itemscope=\"itemscope\" itemtype=\"https:\/\/schema.org\/ImageObject\"  ><div class='avia-image-container-inner'><div class='avia-image-overlay-wrap'><img decoding=\"async\" class='wp-image-60837 avia-img-lazy-loading-not-60837 avia_image' src=\"https:\/\/radiorevelacionfm.cl\/wp-content\/uploads\/2025\/10\/Foto-Corte-Coyhaique-003-1-1-1.jpg\" alt='' title='Foto Corte Coyhaique 003 (1) (1) (1)' height=\"600\" width=\"900\"  itemprop=\"thumbnailUrl\" srcset=\"https:\/\/radiorevelacionfm.cl\/wp-content\/uploads\/2025\/10\/Foto-Corte-Coyhaique-003-1-1-1.jpg 900w, https:\/\/radiorevelacionfm.cl\/wp-content\/uploads\/2025\/10\/Foto-Corte-Coyhaique-003-1-1-1-300x200.jpg 300w, https:\/\/radiorevelacionfm.cl\/wp-content\/uploads\/2025\/10\/Foto-Corte-Coyhaique-003-1-1-1-768x512.jpg 768w, https:\/\/radiorevelacionfm.cl\/wp-content\/uploads\/2025\/10\/Foto-Corte-Coyhaique-003-1-1-1-705x470.jpg 705w, https:\/\/radiorevelacionfm.cl\/wp-content\/uploads\/2025\/10\/Foto-Corte-Coyhaique-003-1-1-1-450x300.jpg 450w, https:\/\/radiorevelacionfm.cl\/wp-content\/uploads\/2025\/10\/Foto-Corte-Coyhaique-003-1-1-1-600x400.jpg 600w\" sizes=\"(max-width: 900px) 100vw, 900px\" \/><\/div><\/div><\/div><\/div><div class=\"flex_column av_one_full  flex_column_div av-zero-column-padding first  avia-builder-el-2  el_after_av_one_full  el_before_av_one_full  column-top-margin\" style='border-radius:0px; '><section class=\"av_textblock_section \"  itemscope=\"itemscope\" itemtype=\"https:\/\/schema.org\/BlogPosting\" itemprop=\"blogPost\" ><div class='avia_textblock  '   itemprop=\"text\" ><p style=\"text-align: center;\"><span style=\"font-size: 18pt;\"><b>Corte de Coyhaique confirma la prisi\u00f3n preventiva de imputado por homicidio y ultraje de cad\u00e1ver<\/b><\/span><\/p>\n<div id=\"gtx-trans\" style=\"position: absolute; left: -50px; top: 4.31534px;\">\n<div class=\"gtx-trans-icon\"><\/div>\n<\/div>\n<\/div><\/section><\/div><div class=\"flex_column av_one_full  flex_column_div av-zero-column-padding first  avia-builder-el-4  el_after_av_one_full  el_before_av_hr  column-top-margin\" style='border-radius:0px; '><section class=\"av_textblock_section \"  itemscope=\"itemscope\" itemtype=\"https:\/\/schema.org\/BlogPosting\" itemprop=\"blogPost\" ><div class='avia_textblock  '   itemprop=\"text\" ><p style=\"font-weight: 400; text-align: justify;\">La Corte de Coyhaique rechaz\u00f3 hoy \u2013martes 28 de octubre\u2013 el recurso de apelaci\u00f3n presentado por la defensa y confirm\u00f3 la resoluci\u00f3n que dej\u00f3 en prisi\u00f3n preventiva a\u00a0Luis Antonio Leiva Fa\u00fandez,\u00a0imputado por el Ministerio P\u00fablico como autor de los delitos consumados de homicidio simple, ultraje de cad\u00e1ver, ocupaci\u00f3n ilegal de inmueble, usurpaci\u00f3n de identidad y estafa. Il\u00edcitos perpetrados en la ciudad, entre fines de septiembre y\u00a0el d\u00eda de su detenci\u00f3n: el viernes 10 de octubre pasado.<\/p>\n<p style=\"font-weight: 400; text-align: justify;\">En fallo\u00a0un\u00e1nime (causa rol 383-2025),\u00a0la Primera Sala del tribunal de alzada \u2013integrada por el ministro Pedro Castro, el fiscal judicial Jaime \u00c1lvarez y el abogado (i) Selim Carrasco\u2013 confirm\u00f3 la resoluci\u00f3n impugnada, dictada por el Juzgado de Garant\u00eda de Puerto Ays\u00e9n, al compartir que la libertad del imputado constituye un peligro para la seguridad de la sociedad.<\/p>\n<p style=\"font-weight: 400; text-align: justify;\">\u201c(\u2026) estim\u00e1ndose\u00a0que\u00a0concurren indicios suficientes que dan cuenta de la existencia de los delitos que se investigan, as\u00ed como presunciones fundadas de la participaci\u00f3n del imputado Luis Antonio Leiva Fa\u00fandez, en calidad de autor, aparece que su libertad resulta peligrosa para la seguridad de la sociedad, en raz\u00f3n de la gravedad de la pena asignada al delito de homicidio, la multiplicidad de il\u00edcitos imputados y las circunstancias de comisi\u00f3n de estos, sumado a la circunstancia de no poseer el imputado irreprochable conducta anterior dada la existencia de condenas anteriores constitutivas de crimen, por lo que, en consecuencia, la necesidad de cautela solo puede ser abordada, con suficiencia, mediante el decreto de la prisi\u00f3n preventiva, al vislumbrarse que las dem\u00e1s previstas por el ordenamiento jur\u00eddico impiden cubrir adecuadamente los fines del proceso\u00a0y\u00a0conforme, adem\u00e1s, a lo dispuesto en los art\u00edculos 140 y siguientes del C\u00f3digo Procesal Penal,\u00a0<strong>SE CONFIRMA<\/strong>, con costas, la resoluci\u00f3n apelada de fecha diecinueve de octubre de dos mil veinticinco, por la que se impuso la medida cautelar personal de prisi\u00f3n preventiva respecto del nombrado\u00a0Leiva Fa\u00fandez\u201d, consigna la resoluci\u00f3n.<\/p>\n<p style=\"font-weight: 400; text-align: justify;\">Seg\u00fan el ente persecutor, a fines de septiembre de 2025, el imputado habr\u00eda dado muerte a P.R.E.S., due\u00f1o del inmueble donde resid\u00eda. Cuerpo que, con el prop\u00f3sito de ocultar el crimen y asegurar su impunidad, habr\u00eda descuartizado e incinerado en una estufa a le\u00f1a, utilizando para ello herramientas y elementos acelerantes, tales como bencina y pinturas.<\/p>\n<p style=\"font-weight: 400; text-align: justify;\">Tras dar muerte de la v\u00edctima, el imputado se mantuvo ocupando ilegalmente la vivienda y ofreci\u00f3 en arriendo habitaciones de la casa principal y dos departamentos aleda\u00f1os, haci\u00e9ndose pasar por su verdadero due\u00f1o. Ardid que le permiti\u00f3 enga\u00f1ar a un arrendatario, quien le pag\u00f3 $250.000.<\/p>\n<p style=\"font-weight: 400; text-align: justify;\">Luis Antonio Leiva Fa\u00fandez\u00a0fue detenido alrededor de las 14 horas del 10 de octubre de 2025, por funcionarios de la Polic\u00eda de Investigaciones (PDI), quienes llegaron hasta el domicilio en cumplimiento en las diligencias ordenadas ante la denuncia por presunta desgracia presentada por un hijo de la v\u00edctima.<\/p>\n<\/div><\/section><\/div><div  style='height:50px' class='hr hr-invisible   avia-builder-el-6  el_after_av_one_full  el_before_av_social_share '><span class='hr-inner ' ><span class='hr-inner-style'><\/span><\/span><\/div><\/p>\n<div  class='av-social-sharing-box  avia-builder-el-7  el_after_av_hr  el_before_av_hr  '><div class='av-share-box'><h5 class='av-share-link-description av-no-toc '>Compartir esta noticia<\/h5><ul class='av-share-box-list noLightbox'><li class='av-share-link av-social-link-facebook' ><a target=\"_blank\" aria-label=\"Compartir en Facebook\" href='https:\/\/www.facebook.com\/sharer.php?u=https:\/\/radiorevelacionfm.cl\/?p=60836&#038;t=Corte%20de%20Coyhaique%20confirma%20la%20prisi%C3%B3n%20preventiva%20de%20imputado%20por%20homicidio%20y%20ultraje%20de%20cad%C3%A1ver' aria-hidden='false' data-av_icon='\ue8f3' data-av_iconfont='entypo-fontello' title='' data-avia-related-tooltip='Compartir en Facebook' rel=\"noopener\"><span class='avia_hidden_link_text'>Compartir en Facebook<\/span><\/a><\/li><li class='av-share-link av-social-link-twitter' ><a target=\"_blank\" aria-label=\"Compartir en Twitter\" href='https:\/\/twitter.com\/share?text=Corte%20de%20Coyhaique%20confirma%20la%20prisi%C3%B3n%20preventiva%20de%20imputado%20por%20homicidio%20y%20ultraje%20de%20cad%C3%A1ver&#038;url=https:\/\/radiorevelacionfm.cl\/?p=60836' aria-hidden='false' data-av_icon='\ue8f1' data-av_iconfont='entypo-fontello' title='' data-avia-related-tooltip='Compartir en Twitter' rel=\"noopener\"><span class='avia_hidden_link_text'>Compartir en Twitter<\/span><\/a><\/li><li class='av-share-link av-social-link-whatsapp' ><a target=\"_blank\" aria-label=\"Compartir en Whatsapp\" href='https:\/\/api.whatsapp.com\/send?text=https:\/\/radiorevelacionfm.cl\/?p=60836' aria-hidden='false' data-av_icon='\uf232' data-av_iconfont='entypo-fontello' title='' data-avia-related-tooltip='Compartir en Whatsapp' rel=\"noopener\"><span class='avia_hidden_link_text'>Compartir en Whatsapp<\/span><\/a><\/li><li class='av-share-link av-social-link-linkedin' ><a target=\"_blank\" aria-label=\"Compartir en LinkedIn\" href='https:\/\/linkedin.com\/shareArticle?mini=true&#038;title=Corte%20de%20Coyhaique%20confirma%20la%20prisi%C3%B3n%20preventiva%20de%20imputado%20por%20homicidio%20y%20ultraje%20de%20cad%C3%A1ver&#038;url=https:\/\/radiorevelacionfm.cl\/?p=60836' aria-hidden='false' data-av_icon='\ue8fc' data-av_iconfont='entypo-fontello' title='' data-avia-related-tooltip='Compartir en LinkedIn' rel=\"noopener\"><span class='avia_hidden_link_text'>Compartir en LinkedIn<\/span><\/a><\/li><li class='av-share-link av-social-link-mail' ><a  aria-label=\"Compartir por correo\" href='mailto:?subject=Corte%20de%20Coyhaique%20confirma%20la%20prisi%C3%B3n%20preventiva%20de%20imputado%20por%20homicidio%20y%20ultraje%20de%20cad%C3%A1ver&#038;body=https:\/\/radiorevelacionfm.cl\/?p=60836' aria-hidden='false' data-av_icon='\ue805' data-av_iconfont='entypo-fontello' title='' data-avia-related-tooltip='Compartir por correo'><span class='avia_hidden_link_text'>Compartir por correo<\/span><\/a><\/li><\/ul><\/div><\/div>\n<div  style='height:50px' class='hr hr-invisible   avia-builder-el-8  el_after_av_social_share  el_before_av_comments_list '><span class='hr-inner ' ><span class='hr-inner-style'><\/span><\/span><\/div>\n<div  class='av-buildercomment  av-blog-meta-html-info-disabled av-blog-meta-tag-disabled  '><\/div>\n","protected":false},"excerpt":{"rendered":"","protected":false},"author":1,"featured_media":60837,"comment_status":"closed","ping_status":"closed","sticky":false,"template":"","format":"standard","meta":{"footnotes":""},"categories":[55],"tags":[],"class_list":["post-60836","post","type-post","status-publish","format-standard","has-post-thumbnail","hentry","category-justicia"],"jetpack_featured_media_url":"https:\/\/radiorevelacionfm.cl\/wp-content\/uploads\/2025\/10\/Foto-Corte-Coyhaique-003-1-1-1.jpg","_links":{"self":[{"href":"https:\/\/radiorevelacionfm.cl\/index.php?rest_route=\/wp\/v2\/posts\/60836","targetHints":{"allow":["GET"]}}],"collection":[{"href":"https:\/\/radiorevelacionfm.cl\/index.php?rest_route=\/wp\/v2\/posts"}],"about":[{"href":"https:\/\/radiorevelacionfm.cl\/index.php?rest_route=\/wp\/v2\/types\/post"}],"author":[{"embeddable":true,"href":"https:\/\/radiorevelacionfm.cl\/index.php?rest_route=\/wp\/v2\/users\/1"}],"replies":[{"embeddable":true,"href":"https:\/\/radiorevelacionfm.cl\/index.php?rest_route=%2Fwp%2Fv2%2Fcomments&post=60836"}],"version-history":[{"count":2,"href":"https:\/\/radiorevelacionfm.cl\/index.php?rest_route=\/wp\/v2\/posts\/60836\/revisions"}],"predecessor-version":[{"id":60839,"href":"https:\/\/radiorevelacionfm.cl\/index.php?rest_route=\/wp\/v2\/posts\/60836\/revisions\/60839"}],"wp:featuredmedia":[{"embeddable":true,"href":"https:\/\/radiorevelacionfm.cl\/index.php?rest_route=\/wp\/v2\/media\/60837"}],"wp:attachment":[{"href":"https:\/\/radiorevelacionfm.cl\/index.php?rest_route=%2Fwp%2Fv2%2Fmedia&parent=60836"}],"wp:term":[{"taxonomy":"category","embeddable":true,"href":"https:\/\/radiorevelacionfm.cl\/index.php?rest_route=%2Fwp%2Fv2%2Fcategories&post=60836"},{"taxonomy":"post_tag","embeddable":true,"href":"https:\/\/radiorevelacionfm.cl\/index.php?rest_route=%2Fwp%2Fv2%2Ftags&post=60836"}],"curies":[{"name":"wp","href":"https:\/\/api.w.org\/{rel}","templated":true}]}}