{"id":60832,"date":"2025-10-28T11:56:25","date_gmt":"2025-10-28T14:56:25","guid":{"rendered":"https:\/\/radiorevelacionfm.cl\/?p=60832"},"modified":"2025-10-28T11:56:25","modified_gmt":"2025-10-28T14:56:25","slug":"trabajadores-del-injuv-piden-la-salida-de-director-y-subdirector-nacional-ante-critica-situacion-presupuestaria","status":"publish","type":"post","link":"https:\/\/radiorevelacionfm.cl\/?p=60832","title":{"rendered":"Trabajadores del INJUV piden la salida de director y subdirector nacional ante cr\u00edtica situaci\u00f3n presupuestaria"},"content":{"rendered":"<div class=\"flex_column av_one_full  flex_column_div av-zero-column-padding first  avia-builder-el-0  el_before_av_one_full  avia-builder-el-first  \" style='border-radius:0px; '><div  class='avia-image-container  av-styling-    avia-builder-el-1  avia-builder-el-no-sibling  avia-align-center '  itemprop=\"image\" itemscope=\"itemscope\" itemtype=\"https:\/\/schema.org\/ImageObject\"  ><div class='avia-image-container-inner'><div class='avia-image-overlay-wrap'><img decoding=\"async\" class='wp-image-60833 avia-img-lazy-loading-not-60833 avia_image' src=\"https:\/\/radiorevelacionfm.cl\/wp-content\/uploads\/2025\/10\/foto-1-2025-10-28t115358_optimized.203-1.jpg\" alt='' title='foto-1 - -2025-10-28t115358_optimized.203-(1)' height=\"600\" width=\"997\"  itemprop=\"thumbnailUrl\" srcset=\"https:\/\/radiorevelacionfm.cl\/wp-content\/uploads\/2025\/10\/foto-1-2025-10-28t115358_optimized.203-1.jpg 997w, https:\/\/radiorevelacionfm.cl\/wp-content\/uploads\/2025\/10\/foto-1-2025-10-28t115358_optimized.203-1-300x181.jpg 300w, https:\/\/radiorevelacionfm.cl\/wp-content\/uploads\/2025\/10\/foto-1-2025-10-28t115358_optimized.203-1-768x462.jpg 768w, https:\/\/radiorevelacionfm.cl\/wp-content\/uploads\/2025\/10\/foto-1-2025-10-28t115358_optimized.203-1-705x424.jpg 705w, https:\/\/radiorevelacionfm.cl\/wp-content\/uploads\/2025\/10\/foto-1-2025-10-28t115358_optimized.203-1-450x271.jpg 450w, https:\/\/radiorevelacionfm.cl\/wp-content\/uploads\/2025\/10\/foto-1-2025-10-28t115358_optimized.203-1-600x361.jpg 600w\" sizes=\"(max-width: 997px) 100vw, 997px\" \/><\/div><\/div><\/div><\/div><div class=\"flex_column av_one_full  flex_column_div av-zero-column-padding first  avia-builder-el-2  el_after_av_one_full  el_before_av_one_full  column-top-margin\" style='border-radius:0px; '><section class=\"av_textblock_section \"  itemscope=\"itemscope\" itemtype=\"https:\/\/schema.org\/BlogPosting\" itemprop=\"blogPost\" ><div class='avia_textblock  '   itemprop=\"text\" ><p style=\"text-align: center;\"><strong><span style=\"font-size: 18pt;\">Trabajadores del INJUV piden la salida de director y subdirector nacional ante cr\u00edtica situaci\u00f3n presupuestaria<\/span><\/strong><\/p>\n<div id=\"gtx-trans\" style=\"position: absolute; left: -50px; top: 4.31534px;\">\n<div class=\"gtx-trans-icon\"><\/div>\n<\/div>\n<\/div><\/section><\/div><div class=\"flex_column av_one_full  flex_column_div av-zero-column-padding first  avia-builder-el-4  el_after_av_one_full  el_before_av_hr  column-top-margin\" style='border-radius:0px; '><section class=\"av_textblock_section \"  itemscope=\"itemscope\" itemtype=\"https:\/\/schema.org\/BlogPosting\" itemprop=\"blogPost\" ><div class='avia_textblock  '   itemprop=\"text\" ><p style=\"text-align: justify;\">Luego de casi un mes movilizados, debido a la grave crisis de gesti\u00f3n que atraviesa su instituci\u00f3n, las y los trabajadores del Instituto Nacional de la Juventud (INJUV), representados en su Asociaci\u00f3n de Funcionarios (AFINJUV), piden la salida de sus actuales autoridades, a quienes responsabilizan de la conducci\u00f3n deficiente y carente de rumbo durante los \u00faltimos a\u00f1os.<\/p>\n<p style=\"text-align: justify;\">Acompa\u00f1ados de la Asociaci\u00f3n Nacional de Empleados Fiscales (ANEF) y de la Federaci\u00f3n de Asociaciones de Funcionarios\/as de Servicios Relacionados con el Ministerio de Desarrollo Social y Familia (FENAMIAS), presentaron una carta al Presidente de la Rep\u00fablica, Gabriel Boric Font, solicitando la renuncia al servicio del director nacional, Juan Pablo Duhalde; el subdirector nacional, Nicol\u00e1s Valdenegro, y sus asesores.<\/p>\n<p style=\"text-align: justify;\">Seg\u00fan el presidente de la AFINJUV, Yuksu Ramos Ardiles, \u201choy como trabajadores y trabajadoras, vinimos hasta el Palacio La Moneda para poner en antecedente al Presidente de la Rep\u00fablica sobre la deficiente gesti\u00f3n de las autoridades de INJUV, la cual nos tiene en una situaci\u00f3n cr\u00edtica, sin nuevos programas y con un recorte presupuestario que nos deja con muy poco impacto territorial, dejando sin la posibilidad de entregar programas a las juventudes del pa\u00eds\u201d.<\/p>\n<p style=\"text-align: justify;\">Por su parte, el presidente de la ANEF, Jos\u00e9 P\u00e9rez Debelli, indic\u00f3 que \u201cLa ANEF ha estado acompa\u00f1ando este proceso, junto a FENAM\u00cdAS, estamos ac\u00e1 presente. Ya lo sabe el jefe de servicio, la subsecretaria, la ministra y hoy con esta carta formal dirigida al Presidente de la Rep\u00fablica, para que se resuelva esta incertidumbre de que los programas y las juventudes de nuestro pa\u00eds que est\u00e1n relevante hoy en d\u00eda que todos hablan de la seguridad, que la juventud est\u00e1 abandonada, este instituto deber\u00eda transformarse en un servicio p\u00fablico m\u00e1s fortalecido para que esas juventudes no queden a la deriva y que el Estado sea garante de sus derechos fundamentales\u201d.<\/p>\n<p style=\"text-align: justify;\">En el documento presentado en el Palacio La Moneda, expresan que \u201cdurante los \u00faltimos a\u00f1os, se ha constatado una falta total de liderazgo, planificaci\u00f3n y capacidad de gesti\u00f3n, expresada en la ausencia de lineamientos estrat\u00e9gicos claros, en el debilitamiento de los equipos regionales y en el profundo abandono del di\u00e1logo institucional con las y los trabajadores del Servicio. Lejos de fortalecer el rol p\u00fablico del INJUV, las autoridades vigentes han contribuido a su debilitamiento estructural, poniendo en riesgo su legitimidad y su funci\u00f3n estrat\u00e9gica en la pol\u00edtica p\u00fablica de juventudes\u201d.<\/p>\n<p style=\"text-align: justify;\">Tambi\u00e9n denuncian que en reiteradas ocasiones han solicitado espacios de trabajo en conjunto y participaci\u00f3n en la definici\u00f3n de pol\u00edticas internas, sin embargo, s\u00f3lo han encontrado un desprecio sistem\u00e1tico hacia las y los trabajadores, lo cual no solo refleja un estilo de gesti\u00f3n autoritario y cerrado, sino que vulnera los principios b\u00e1sicos de la administraci\u00f3n p\u00fablica, tales como la transparencia, la colaboraci\u00f3n y el respeto al servicio p\u00fablico.<\/p>\n<p style=\"text-align: justify;\">\u201cComo AFINJUV, nos hemos enterado de que se est\u00e1 trabajado en nuevo Servicio Nacional de las Juventudes, que se viene dise\u00f1ando desde enero de 2025 a espaldas de los trabajadores, donde no se ha brindado ning\u00fan espacio colaborativo para conocer la propuesta de nueva institucionalidad\u201d, indica la carta.<\/p>\n<p style=\"text-align: justify;\">De acuerdo a lo se\u00f1alado por los dirigentes, la situaci\u00f3n en la que se encuentra INJUV se agrava ante la precarizaci\u00f3n laboral que se ha instalado en la instituci\u00f3n bajo la actual direcci\u00f3n.<\/p>\n<p style=\"text-align: justify;\">En paralelo, denuncian que las actuales autoridades no han sido capaces de presentar nuevas propuestas program\u00e1ticas que fortalezcan la actual oferta p\u00fablica de INJUV y que respondan a las urgencias de los casi 4.000.000 de j\u00f3venes que el Servicio debe atender como p\u00fablico objetivo. Adem\u00e1s, no han sido capaces de revertir la sostenida disminuci\u00f3n del presupuesto institucional que desde el a\u00f1o 2021 viene en baja en el subt\u00edtulo clave para visibilizar la oferta program\u00e1tica del Servicio en el territorio.<\/p>\n<p style=\"text-align: justify;\">En esa misma l\u00ednea, hace unas semanas se les inform\u00f3 sobre el t\u00e9rmino anticipado del convenio con el Programa de las Naciones Unidas para el Desarrollo (PNUD) firmado entre el Estado Chileno y dicho organismo Internacional, el cual ten\u00eda vigencia hasta diciembre de 2026, lo que representa un importante obst\u00e1culo para visibilizar la oferta p\u00fablica del Servicio, ya que compromete la continuidad de dos direcciones regionales (Maule y Ays\u00e9n) y 38 puestos laborales.<\/p>\n<p style=\"text-align: justify;\">\u201cCreemos firmemente que la recuperaci\u00f3n del INJUV es una tarea impostergable. Las juventudes no pueden seguir siendo testigos del desmantelamiento de la institucionalidad que debiera representarlas, ni las y los trabajadores continuar soportando condiciones laborales indignas bajo una gesti\u00f3n que ha demostrado falta de compromiso e ineficiencia\u201d, se manifiesta en la carta.<\/p>\n<p style=\"text-align: justify;\"><strong>Acciones en la regi\u00f3n de Ays\u00e9n<\/strong><\/p>\n<p style=\"text-align: justify;\">En la regi\u00f3n de Ays\u00e9n, las y los funcionarios de INJUV, junto a la presidenta regional de la ANEF, J\u00e9ssica Almonacid, y el presidente de la CUT, Mauricio Mu\u00f1oz, sostuvieron una reuni\u00f3n con el Delegado Presidencial Regional, Jorge D\u00edaz Guzm\u00e1n. En la instancia, entregaron la misma carta presentada por AFINJUV en la Moneda y expresaron la profunda incertidumbre que enfrentan ante la falta de informaci\u00f3n por parte de las autoridades respecto al recorte presupuestario, el cual contempla, adem\u00e1s, el eventual cierre de la sede regional en 2025.<\/p>\n<p style=\"text-align: justify;\">\u201cNos preocupa profundamente la situaci\u00f3n que est\u00e1n viviendo las y los funcionarios del INJUV, porque detr\u00e1s de este recorte no solo hay empleos en riesgo, sino tambi\u00e9n un retroceso en las pol\u00edticas p\u00fablicas dirigidas a las juventudes. Como ANEF, seguiremos acompa\u00f1ando y respaldando esta lucha, exigiendo al Gobierno transparencia, di\u00e1logo y soluciones concretas que garanticen la continuidad del servicio en la regi\u00f3n de Ays\u00e9n,\u201d sostuvo la presidenta de la ANEF de la regi\u00f3n de Ays\u00e9n, J\u00e9ssica Almonacid.<\/p>\n<p style=\"text-align: justify;\">En tanto el presidente de la CUT, Mauricio Mu\u00f1oz, indic\u00f3 que \u201ceste recorte presupuestario no solo afecta a las y los trabajadores del INJUV, sino que tambi\u00e9n golpea directamente a las juventudes de la regi\u00f3n, que perder\u00edan un espacio fundamental para su desarrollo y participaci\u00f3n. Desde la CUT respaldamos plenamente esta movilizaci\u00f3n y exigimos que el Gobierno escuche a quienes est\u00e1n en primera l\u00ednea del servicio p\u00fablico, garantizando condiciones laborales dignas y la continuidad del trabajo que tanto aporta al territorio.\u201d<\/p>\n<p style=\"text-align: justify;\"><strong>\u00a0<\/strong><\/p>\n<\/div><\/section><\/div><div  style='height:50px' class='hr hr-invisible   avia-builder-el-6  el_after_av_one_full  el_before_av_social_share '><span class='hr-inner ' ><span class='hr-inner-style'><\/span><\/span><\/div><\/p>\n<div  class='av-social-sharing-box  avia-builder-el-7  el_after_av_hr  el_before_av_hr  '><div class='av-share-box'><h5 class='av-share-link-description av-no-toc '>Compartir esta noticia<\/h5><ul class='av-share-box-list noLightbox'><li class='av-share-link av-social-link-facebook' ><a target=\"_blank\" aria-label=\"Compartir en Facebook\" href='https:\/\/www.facebook.com\/sharer.php?u=https:\/\/radiorevelacionfm.cl\/?p=60832&#038;t=Trabajadores%20del%20INJUV%20piden%20la%20salida%20de%20director%20y%20subdirector%20nacional%20ante%20cr%C3%ADtica%20situaci%C3%B3n%20presupuestaria' aria-hidden='false' data-av_icon='\ue8f3' data-av_iconfont='entypo-fontello' title='' data-avia-related-tooltip='Compartir en Facebook' rel=\"noopener\"><span class='avia_hidden_link_text'>Compartir en Facebook<\/span><\/a><\/li><li class='av-share-link av-social-link-twitter' ><a target=\"_blank\" aria-label=\"Compartir en Twitter\" href='https:\/\/twitter.com\/share?text=Trabajadores%20del%20INJUV%20piden%20la%20salida%20de%20director%20y%20subdirector%20nacional%20ante%20cr%C3%ADtica%20situaci%C3%B3n%20presupuestaria&#038;url=https:\/\/radiorevelacionfm.cl\/?p=60832' aria-hidden='false' data-av_icon='\ue8f1' data-av_iconfont='entypo-fontello' title='' data-avia-related-tooltip='Compartir en Twitter' rel=\"noopener\"><span class='avia_hidden_link_text'>Compartir en Twitter<\/span><\/a><\/li><li class='av-share-link av-social-link-whatsapp' ><a target=\"_blank\" aria-label=\"Compartir en Whatsapp\" href='https:\/\/api.whatsapp.com\/send?text=https:\/\/radiorevelacionfm.cl\/?p=60832' aria-hidden='false' data-av_icon='\uf232' data-av_iconfont='entypo-fontello' title='' data-avia-related-tooltip='Compartir en Whatsapp' rel=\"noopener\"><span class='avia_hidden_link_text'>Compartir en Whatsapp<\/span><\/a><\/li><li class='av-share-link av-social-link-linkedin' ><a target=\"_blank\" aria-label=\"Compartir en LinkedIn\" href='https:\/\/linkedin.com\/shareArticle?mini=true&#038;title=Trabajadores%20del%20INJUV%20piden%20la%20salida%20de%20director%20y%20subdirector%20nacional%20ante%20cr%C3%ADtica%20situaci%C3%B3n%20presupuestaria&#038;url=https:\/\/radiorevelacionfm.cl\/?p=60832' aria-hidden='false' data-av_icon='\ue8fc' data-av_iconfont='entypo-fontello' title='' data-avia-related-tooltip='Compartir en LinkedIn' rel=\"noopener\"><span class='avia_hidden_link_text'>Compartir en LinkedIn<\/span><\/a><\/li><li class='av-share-link av-social-link-mail' ><a  aria-label=\"Compartir por correo\" href='mailto:?subject=Trabajadores%20del%20INJUV%20piden%20la%20salida%20de%20director%20y%20subdirector%20nacional%20ante%20cr%C3%ADtica%20situaci%C3%B3n%20presupuestaria&#038;body=https:\/\/radiorevelacionfm.cl\/?p=60832' aria-hidden='false' data-av_icon='\ue805' data-av_iconfont='entypo-fontello' title='' data-avia-related-tooltip='Compartir por correo'><span class='avia_hidden_link_text'>Compartir por correo<\/span><\/a><\/li><\/ul><\/div><\/div>\n<div  style='height:50px' class='hr hr-invisible   avia-builder-el-8  el_after_av_social_share  el_before_av_comments_list '><span class='hr-inner ' ><span class='hr-inner-style'><\/span><\/span><\/div>\n<div  class='av-buildercomment  av-blog-meta-html-info-disabled av-blog-meta-tag-disabled  '><\/div>\n","protected":false},"excerpt":{"rendered":"","protected":false},"author":1,"featured_media":60833,"comment_status":"closed","ping_status":"closed","sticky":false,"template":"","format":"standard","meta":{"footnotes":""},"categories":[38],"tags":[],"class_list":["post-60832","post","type-post","status-publish","format-standard","has-post-thumbnail","hentry","category-regional"],"jetpack_featured_media_url":"https:\/\/radiorevelacionfm.cl\/wp-content\/uploads\/2025\/10\/foto-1-2025-10-28t115358_optimized.203-1.jpg","_links":{"self":[{"href":"https:\/\/radiorevelacionfm.cl\/index.php?rest_route=\/wp\/v2\/posts\/60832","targetHints":{"allow":["GET"]}}],"collection":[{"href":"https:\/\/radiorevelacionfm.cl\/index.php?rest_route=\/wp\/v2\/posts"}],"about":[{"href":"https:\/\/radiorevelacionfm.cl\/index.php?rest_route=\/wp\/v2\/types\/post"}],"author":[{"embeddable":true,"href":"https:\/\/radiorevelacionfm.cl\/index.php?rest_route=\/wp\/v2\/users\/1"}],"replies":[{"embeddable":true,"href":"https:\/\/radiorevelacionfm.cl\/index.php?rest_route=%2Fwp%2Fv2%2Fcomments&post=60832"}],"version-history":[{"count":2,"href":"https:\/\/radiorevelacionfm.cl\/index.php?rest_route=\/wp\/v2\/posts\/60832\/revisions"}],"predecessor-version":[{"id":60835,"href":"https:\/\/radiorevelacionfm.cl\/index.php?rest_route=\/wp\/v2\/posts\/60832\/revisions\/60835"}],"wp:featuredmedia":[{"embeddable":true,"href":"https:\/\/radiorevelacionfm.cl\/index.php?rest_route=\/wp\/v2\/media\/60833"}],"wp:attachment":[{"href":"https:\/\/radiorevelacionfm.cl\/index.php?rest_route=%2Fwp%2Fv2%2Fmedia&parent=60832"}],"wp:term":[{"taxonomy":"category","embeddable":true,"href":"https:\/\/radiorevelacionfm.cl\/index.php?rest_route=%2Fwp%2Fv2%2Fcategories&post=60832"},{"taxonomy":"post_tag","embeddable":true,"href":"https:\/\/radiorevelacionfm.cl\/index.php?rest_route=%2Fwp%2Fv2%2Ftags&post=60832"}],"curies":[{"name":"wp","href":"https:\/\/api.w.org\/{rel}","templated":true}]}}