{"id":60826,"date":"2025-10-28T10:48:54","date_gmt":"2025-10-28T13:48:54","guid":{"rendered":"https:\/\/radiorevelacionfm.cl\/?p=60826"},"modified":"2025-10-28T10:48:54","modified_gmt":"2025-10-28T13:48:54","slug":"fiscalia-regional-de-aysen-fortalece-coordinacion-interinstitucional-para-mejorar-la-investigacion-y-persecucion-penal","status":"publish","type":"post","link":"https:\/\/radiorevelacionfm.cl\/?p=60826","title":{"rendered":"Fiscal\u00eda Regional de Ays\u00e9n fortalece coordinaci\u00f3n interinstitucional para mejorar la investigaci\u00f3n y persecuci\u00f3n penal"},"content":{"rendered":"<div class=\"flex_column av_one_full  flex_column_div av-zero-column-padding first  avia-builder-el-0  el_before_av_one_full  avia-builder-el-first  \" style='border-radius:0px; '><div  class='avia-image-container  av-styling-    avia-builder-el-1  avia-builder-el-no-sibling  avia-align-center '  itemprop=\"image\" itemscope=\"itemscope\" itemtype=\"https:\/\/schema.org\/ImageObject\"  ><div class='avia-image-container-inner'><div class='avia-image-overlay-wrap'><img decoding=\"async\" class='wp-image-60827 avia-img-lazy-loading-not-60827 avia_image' src=\"https:\/\/radiorevelacionfm.cl\/wp-content\/uploads\/2025\/10\/5-2025-10-27t204002_optimized.676.jpg\" alt='' title='5---2025-10-27t204002_optimized.676' height=\"600\" width=\"1037\"  itemprop=\"thumbnailUrl\" srcset=\"https:\/\/radiorevelacionfm.cl\/wp-content\/uploads\/2025\/10\/5-2025-10-27t204002_optimized.676.jpg 1037w, https:\/\/radiorevelacionfm.cl\/wp-content\/uploads\/2025\/10\/5-2025-10-27t204002_optimized.676-300x174.jpg 300w, https:\/\/radiorevelacionfm.cl\/wp-content\/uploads\/2025\/10\/5-2025-10-27t204002_optimized.676-1030x596.jpg 1030w, https:\/\/radiorevelacionfm.cl\/wp-content\/uploads\/2025\/10\/5-2025-10-27t204002_optimized.676-768x444.jpg 768w, https:\/\/radiorevelacionfm.cl\/wp-content\/uploads\/2025\/10\/5-2025-10-27t204002_optimized.676-705x408.jpg 705w, https:\/\/radiorevelacionfm.cl\/wp-content\/uploads\/2025\/10\/5-2025-10-27t204002_optimized.676-450x260.jpg 450w, https:\/\/radiorevelacionfm.cl\/wp-content\/uploads\/2025\/10\/5-2025-10-27t204002_optimized.676-600x347.jpg 600w\" sizes=\"(max-width: 1037px) 100vw, 1037px\" \/><\/div><\/div><\/div><\/div><div class=\"flex_column av_one_full  flex_column_div av-zero-column-padding first  avia-builder-el-2  el_after_av_one_full  el_before_av_one_full  column-top-margin\" style='border-radius:0px; '><section class=\"av_textblock_section \"  itemscope=\"itemscope\" itemtype=\"https:\/\/schema.org\/BlogPosting\" itemprop=\"blogPost\" ><div class='avia_textblock  '   itemprop=\"text\" ><p style=\"text-align: center;\"><span style=\"font-size: 18pt;\"><b>Fiscal\u00eda Regional de Ays\u00e9n fortalece coordinaci\u00f3n interinstitucional para mejorar la investigaci\u00f3n y persecuci\u00f3n penal<\/b><\/span><\/p>\n<div id=\"gtx-trans\" style=\"position: absolute; left: -50px; top: 4.31534px;\">\n<div class=\"gtx-trans-icon\"><\/div>\n<\/div>\n<\/div><\/section><\/div><div class=\"flex_column av_one_full  flex_column_div av-zero-column-padding first  avia-builder-el-4  el_after_av_one_full  el_before_av_hr  column-top-margin\" style='border-radius:0px; '><section class=\"av_textblock_section \"  itemscope=\"itemscope\" itemtype=\"https:\/\/schema.org\/BlogPosting\" itemprop=\"blogPost\" ><div class='avia_textblock  '   itemprop=\"text\" ><p style=\"font-weight: 400; text-align: justify;\"><em>En Coyhaique y Puerto Ays\u00e9n se han desarrollado reuniones de trabajo con Carabineros, PDI, Armada, Aduanas, Gendarmer\u00eda y otras entidades.<\/em><\/p>\n<p style=\"font-weight: 400; text-align: justify;\">El Fiscal Regional de Ays\u00e9n, Hern\u00e1n Libedinsky, destac\u00f3 el trabajo conjunto que la Fiscal\u00eda ha venido desarrollando con distintas instituciones de la regi\u00f3n, en el marco de reuniones de coordinaci\u00f3n orientadas a fortalecer la eficiencia y eficacia en las investigaciones penales. En estas instancias tambi\u00e9n ha participado el Director Ejecutivo Regional, Ismael Castillo, sumado a fiscales y abogados del Ministerio P\u00fablico.<\/p>\n<p style=\"font-weight: 400; text-align: justify;\">\u201cDurante el curso de la semana reci\u00e9n pasada y de esta semana, hemos tenido una serie de reuniones de coordinaci\u00f3n con diversas instituciones de la regi\u00f3n, principalmente con Carabineros de Chile, con la Polic\u00eda de Investigaciones, con Gendarmer\u00eda, con la Autoridad Mar\u00edtima y con Aduanas, entre otras, con el objeto de coordinar el trabajo que estamos desarrollando, detectar nudos cr\u00edticos y espacios de mejora, todo esto en pro de una mayor eficiencia y eficacia en lo que es la investigaci\u00f3n y persecuci\u00f3n penal en la regi\u00f3n\u201d, se\u00f1al\u00f3 el Fiscal Regional.<\/p>\n<p style=\"font-weight: 400; text-align: justify;\">El Fiscal Libedinsky explic\u00f3 que uno de los principales objetivos de estas instancias ha sido promover la capacitaci\u00f3n y el intercambio de experiencias entre las instituciones participantes.<\/p>\n<p style=\"font-weight: 400; text-align: justify;\">\u201cLas tem\u00e1ticas que se han abordado dicen relaci\u00f3n, por ejemplo, con efectuar capacitaciones a las diversas instituciones, conocer el trabajo que ellos realizan en la regi\u00f3n y poder conocer in situ tambi\u00e9n cu\u00e1l es el trabajo desarrollado para poder mejorar, en lo que dice relaci\u00f3n con aspectos que son comunes y en lo que a nosotros respecta, con la investigaci\u00f3n de delitos\u201d, a\u00f1adi\u00f3.<\/p>\n<p style=\"font-weight: 400; text-align: justify;\">Finalmente, el Fiscal Regional valor\u00f3 la disposici\u00f3n y compromiso de las distintas entidades con este proceso de fortalecimiento institucional.<\/p>\n<p style=\"font-weight: 400; text-align: justify;\">\u201cAbsolutamente satisfecho. Ha habido una excelente acogida por parte de las distintas instituciones. Ha habido un di\u00e1logo franco, sincero, una relaci\u00f3n de fluidez y transparencia. Y eso, como Ministerio P\u00fablico, nos tiene muy satisfechos en lo que va a ser el trabajo a futuro\u201d, concluy\u00f3 Libedinsky.<\/p>\n<p style=\"font-weight: 400; text-align: justify;\">Las instancias de coordinaci\u00f3n con diversas instituciones continuar\u00e1n durante octubre y el mes de noviembre.<\/p>\n<p style=\"font-weight: 400; text-align: justify;\"><strong>CARABINEROS<\/strong><\/p>\n<p style=\"font-weight: 400; text-align: justify;\">En este sentido el Jefe de Zona de Carabineros Ays\u00e9n, General Eduardo Palma Fuentes,\u00a0destac\u00f3 el acercamiento interinstitucional, as\u00ed como el trabajo coordinado orientado a generar un proceso de retroalimentaci\u00f3n y mejora continua en el \u00e1mbito de la persecuci\u00f3n penal.<\/p>\n<p style=\"font-weight: 400; text-align: justify;\">\u201cCarabineros a nivel nacional trabaja de manera coordinada con el Ministerio P\u00fablico a trav\u00e9s de sus Fiscal\u00edas (&#8230;) con el Fiscal Regional Hern\u00e1n Libedinsky, tuvimos una reuni\u00f3n junto a los comisarios y jefes de unidades especializadas, cuyo norte fue mejorar los procesos para tener una mayor agilidad tanto en las investigaciones como en el proceder diario de Carabineros. La Fiscal\u00eda Regional y todos sus fiscales adjuntos cuentan con todo nuestro apoyo y estas reuniones son para mejorar los procesos en los diferentes procedimientos\u201d, indic\u00f3 el Oficial General.<\/p>\n<p style=\"font-weight: 400; text-align: justify;\">La reuni\u00f3n con Carabineros se efectu\u00f3 en dependencias de la Primera Comisar\u00eda en Coyhaique.<\/p>\n<p style=\"font-weight: 400; text-align: justify;\"><strong>PDI<\/strong><\/p>\n<p style=\"font-weight: 400; text-align: justify;\">Por su parte la jefa de la Regi\u00f3n Policial, Prefecta Inspectora, Katherin Rivillo Molina, coment\u00f3 que, \u201cel sentido de la reuni\u00f3n fue justamente que \u00e9l conociera in situ a los jefes de las distintas unidades que componen la Regi\u00f3n Policial de Ays\u00e9n\u201d<\/p>\n<p style=\"font-weight: 400; text-align: justify;\">La reuni\u00f3n de trabajo se realiz\u00f3 en el Complejo Policial de Coyhaique y cont\u00f3 con la presencia de los jefes de todas las brigadas que componen la PDI en la regi\u00f3n. \u201cLa idea, justamente, era conocer nuestra realidad, nuestra visi\u00f3n de trabajo y a su vez, el darnos tambi\u00e9n su visi\u00f3n y sus lineamientos. Lo que espera, en el fondo de nuestro trabajo, es que sea un trabajo bastante fluido, colaborativo, con una comunicaci\u00f3n directa entre fiscales y detectives para hacer un mejor diligenciamiento y completo trabajo en la investigaci\u00f3n de los casos que aqu\u00ed se realicen\u201d, coment\u00f3 la m\u00e1xima autoridad de la PDI en la Regi\u00f3n.<\/p>\n<p style=\"font-weight: 400; text-align: justify;\">Cabe hacer presente que ambas autoridades asumieron sus cargos en el \u00faltimo mes, es por esto que para la Prefecta Inspectora Rivillo Molina, este tipo de reuniones de trabajo son de gran relevancia. \u201cCreo que coincidimos (con el Fiscal Regional de Ays\u00e9n) en algunas palabras cuando cada uno asumi\u00f3 sus distintos cargos. Los dos coincid\u00edamos en que finalmente ten\u00edamos que ser interlocutores y ten\u00edamos que ser ejecutores de las distintas instancias de trabajo, ser verdaderos puentes de colaboraci\u00f3n entre ambas instituciones y entre nuestros propios funcionarios para que nuestro trabajo sea completo, sea cercano a la comunidad y sea efectivo\u201d, puntualiz\u00f3.<\/p>\n<\/div><\/section><\/div><div  style='height:50px' class='hr hr-invisible   avia-builder-el-6  el_after_av_one_full  el_before_av_social_share '><span class='hr-inner ' ><span class='hr-inner-style'><\/span><\/span><\/div><\/p>\n<div  class='av-social-sharing-box  avia-builder-el-7  el_after_av_hr  el_before_av_hr  '><div class='av-share-box'><h5 class='av-share-link-description av-no-toc '>Compartir esta noticia<\/h5><ul class='av-share-box-list noLightbox'><li class='av-share-link av-social-link-facebook' ><a target=\"_blank\" aria-label=\"Compartir en Facebook\" href='https:\/\/www.facebook.com\/sharer.php?u=https:\/\/radiorevelacionfm.cl\/?p=60826&#038;t=Fiscal%C3%ADa%20Regional%20de%20Ays%C3%A9n%20fortalece%20coordinaci%C3%B3n%20interinstitucional%20para%20mejorar%20la%20investigaci%C3%B3n%20y%20persecuci%C3%B3n%20penal' aria-hidden='false' data-av_icon='\ue8f3' data-av_iconfont='entypo-fontello' title='' data-avia-related-tooltip='Compartir en Facebook' rel=\"noopener\"><span class='avia_hidden_link_text'>Compartir en Facebook<\/span><\/a><\/li><li class='av-share-link av-social-link-twitter' ><a target=\"_blank\" aria-label=\"Compartir en Twitter\" href='https:\/\/twitter.com\/share?text=Fiscal%C3%ADa%20Regional%20de%20Ays%C3%A9n%20fortalece%20coordinaci%C3%B3n%20interinstitucional%20para%20mejorar%20la%20investigaci%C3%B3n%20y%20persecuci%C3%B3n%20penal&#038;url=https:\/\/radiorevelacionfm.cl\/?p=60826' aria-hidden='false' data-av_icon='\ue8f1' data-av_iconfont='entypo-fontello' title='' data-avia-related-tooltip='Compartir en Twitter' rel=\"noopener\"><span class='avia_hidden_link_text'>Compartir en Twitter<\/span><\/a><\/li><li class='av-share-link av-social-link-whatsapp' ><a target=\"_blank\" aria-label=\"Compartir en Whatsapp\" href='https:\/\/api.whatsapp.com\/send?text=https:\/\/radiorevelacionfm.cl\/?p=60826' aria-hidden='false' data-av_icon='\uf232' data-av_iconfont='entypo-fontello' title='' data-avia-related-tooltip='Compartir en Whatsapp' rel=\"noopener\"><span class='avia_hidden_link_text'>Compartir en Whatsapp<\/span><\/a><\/li><li class='av-share-link av-social-link-linkedin' ><a target=\"_blank\" aria-label=\"Compartir en LinkedIn\" href='https:\/\/linkedin.com\/shareArticle?mini=true&#038;title=Fiscal%C3%ADa%20Regional%20de%20Ays%C3%A9n%20fortalece%20coordinaci%C3%B3n%20interinstitucional%20para%20mejorar%20la%20investigaci%C3%B3n%20y%20persecuci%C3%B3n%20penal&#038;url=https:\/\/radiorevelacionfm.cl\/?p=60826' aria-hidden='false' data-av_icon='\ue8fc' data-av_iconfont='entypo-fontello' title='' data-avia-related-tooltip='Compartir en LinkedIn' rel=\"noopener\"><span class='avia_hidden_link_text'>Compartir en LinkedIn<\/span><\/a><\/li><li class='av-share-link av-social-link-mail' ><a  aria-label=\"Compartir por correo\" href='mailto:?subject=Fiscal%C3%ADa%20Regional%20de%20Ays%C3%A9n%20fortalece%20coordinaci%C3%B3n%20interinstitucional%20para%20mejorar%20la%20investigaci%C3%B3n%20y%20persecuci%C3%B3n%20penal&#038;body=https:\/\/radiorevelacionfm.cl\/?p=60826' aria-hidden='false' data-av_icon='\ue805' data-av_iconfont='entypo-fontello' title='' data-avia-related-tooltip='Compartir por correo'><span class='avia_hidden_link_text'>Compartir por correo<\/span><\/a><\/li><\/ul><\/div><\/div>\n<div  style='height:50px' class='hr hr-invisible   avia-builder-el-8  el_after_av_social_share  el_before_av_comments_list '><span class='hr-inner ' ><span class='hr-inner-style'><\/span><\/span><\/div>\n<div  class='av-buildercomment  av-blog-meta-html-info-disabled av-blog-meta-tag-disabled  '><\/div>\n","protected":false},"excerpt":{"rendered":"","protected":false},"author":1,"featured_media":60827,"comment_status":"closed","ping_status":"closed","sticky":false,"template":"","format":"standard","meta":{"footnotes":""},"categories":[55],"tags":[],"class_list":["post-60826","post","type-post","status-publish","format-standard","has-post-thumbnail","hentry","category-justicia"],"jetpack_featured_media_url":"https:\/\/radiorevelacionfm.cl\/wp-content\/uploads\/2025\/10\/5-2025-10-27t204002_optimized.676.jpg","_links":{"self":[{"href":"https:\/\/radiorevelacionfm.cl\/index.php?rest_route=\/wp\/v2\/posts\/60826","targetHints":{"allow":["GET"]}}],"collection":[{"href":"https:\/\/radiorevelacionfm.cl\/index.php?rest_route=\/wp\/v2\/posts"}],"about":[{"href":"https:\/\/radiorevelacionfm.cl\/index.php?rest_route=\/wp\/v2\/types\/post"}],"author":[{"embeddable":true,"href":"https:\/\/radiorevelacionfm.cl\/index.php?rest_route=\/wp\/v2\/users\/1"}],"replies":[{"embeddable":true,"href":"https:\/\/radiorevelacionfm.cl\/index.php?rest_route=%2Fwp%2Fv2%2Fcomments&post=60826"}],"version-history":[{"count":2,"href":"https:\/\/radiorevelacionfm.cl\/index.php?rest_route=\/wp\/v2\/posts\/60826\/revisions"}],"predecessor-version":[{"id":60831,"href":"https:\/\/radiorevelacionfm.cl\/index.php?rest_route=\/wp\/v2\/posts\/60826\/revisions\/60831"}],"wp:featuredmedia":[{"embeddable":true,"href":"https:\/\/radiorevelacionfm.cl\/index.php?rest_route=\/wp\/v2\/media\/60827"}],"wp:attachment":[{"href":"https:\/\/radiorevelacionfm.cl\/index.php?rest_route=%2Fwp%2Fv2%2Fmedia&parent=60826"}],"wp:term":[{"taxonomy":"category","embeddable":true,"href":"https:\/\/radiorevelacionfm.cl\/index.php?rest_route=%2Fwp%2Fv2%2Fcategories&post=60826"},{"taxonomy":"post_tag","embeddable":true,"href":"https:\/\/radiorevelacionfm.cl\/index.php?rest_route=%2Fwp%2Fv2%2Ftags&post=60826"}],"curies":[{"name":"wp","href":"https:\/\/api.w.org\/{rel}","templated":true}]}}