{"id":60822,"date":"2025-10-27T21:46:33","date_gmt":"2025-10-28T00:46:33","guid":{"rendered":"https:\/\/radiorevelacionfm.cl\/?p=60822"},"modified":"2025-10-27T21:46:33","modified_gmt":"2025-10-28T00:46:33","slug":"llaman-a-tomar-medidas-preventivas-de-seguridad-vial-ante-proximo-fin-de-semana-largo-y-proximidad-de-temporada-estival","status":"publish","type":"post","link":"https:\/\/radiorevelacionfm.cl\/?p=60822","title":{"rendered":"Llaman a tomar medidas preventivas de seguridad vial ante pr\u00f3ximo fin de semana largo y proximidad de temporada estival"},"content":{"rendered":"<div class=\"flex_column av_one_full  flex_column_div av-zero-column-padding first  avia-builder-el-0  el_before_av_one_full  avia-builder-el-first  \" style='border-radius:0px; '><div  class='avia-image-container  av-styling-    avia-builder-el-1  avia-builder-el-no-sibling  avia-align-center '  itemprop=\"image\" itemscope=\"itemscope\" itemtype=\"https:\/\/schema.org\/ImageObject\"  ><div class='avia-image-container-inner'><div class='avia-image-overlay-wrap'><img decoding=\"async\" class='wp-image-60823 avia-img-lazy-loading-not-60823 avia_image' src=\"https:\/\/radiorevelacionfm.cl\/wp-content\/uploads\/2025\/10\/g4n71hnwsaawqqz-1_optimized.jpg\" alt='' title='g4n71hnwsaawqqz-(1)_optimized' height=\"690\" width=\"803\"  itemprop=\"thumbnailUrl\" srcset=\"https:\/\/radiorevelacionfm.cl\/wp-content\/uploads\/2025\/10\/g4n71hnwsaawqqz-1_optimized.jpg 803w, https:\/\/radiorevelacionfm.cl\/wp-content\/uploads\/2025\/10\/g4n71hnwsaawqqz-1_optimized-300x258.jpg 300w, https:\/\/radiorevelacionfm.cl\/wp-content\/uploads\/2025\/10\/g4n71hnwsaawqqz-1_optimized-768x660.jpg 768w, https:\/\/radiorevelacionfm.cl\/wp-content\/uploads\/2025\/10\/g4n71hnwsaawqqz-1_optimized-705x606.jpg 705w, https:\/\/radiorevelacionfm.cl\/wp-content\/uploads\/2025\/10\/g4n71hnwsaawqqz-1_optimized-450x387.jpg 450w, https:\/\/radiorevelacionfm.cl\/wp-content\/uploads\/2025\/10\/g4n71hnwsaawqqz-1_optimized-600x516.jpg 600w\" sizes=\"(max-width: 803px) 100vw, 803px\" \/><\/div><\/div><\/div><\/div><div class=\"flex_column av_one_full  flex_column_div av-zero-column-padding first  avia-builder-el-2  el_after_av_one_full  el_before_av_one_full  column-top-margin\" style='border-radius:0px; '><section class=\"av_textblock_section \"  itemscope=\"itemscope\" itemtype=\"https:\/\/schema.org\/BlogPosting\" itemprop=\"blogPost\" ><div class='avia_textblock  '   itemprop=\"text\" ><p style=\"text-align: center;\"><span style=\"font-size: 18pt;\"><b>Llaman a tomar medidas preventivas de seguridad vial ante pr\u00f3ximo fin de semana largo y proximidad de temporada estival<\/b><\/span><\/p>\n<div id=\"gtx-trans\" style=\"position: absolute; left: -50px; top: 4.31534px;\">\n<div class=\"gtx-trans-icon\"><\/div>\n<\/div>\n<\/div><\/section><\/div><div class=\"flex_column av_one_full  flex_column_div av-zero-column-padding first  avia-builder-el-4  el_after_av_one_full  el_before_av_hr  column-top-margin\" style='border-radius:0px; '><section class=\"av_textblock_section \"  itemscope=\"itemscope\" itemtype=\"https:\/\/schema.org\/BlogPosting\" itemprop=\"blogPost\" ><div class='avia_textblock  '   itemprop=\"text\" ><p style=\"text-align: justify;\"><em>A fin de iniciar las coordinaciones previo a la temporada veraniega y el fin de semana largo que se avecina, la Comisi\u00f3n Regional de Seguridad del Tr\u00e1nsito se reuni\u00f3 para analizar siniestralidad regional, que a la fecha carga con 13 fallecidos en Ays\u00e9n.<\/em><\/p>\n<p style=\"text-align: justify;\">Con la paulatina llegada de turistas y ad portas de un fin de semana largo, la Comisi\u00f3n Regional de Seguridad de Tr\u00e1nsito, CORESET, sostuvo una reuni\u00f3n en la que se iniciaron las coordinaciones para pr\u00f3ximos operativos de fiscalizaci\u00f3n, medidas de infraestructura vial e hitos comunicacionales que prevengan siniestros viales que arriesguen la vida de personas en la Regi\u00f3n.<\/p>\n<p style=\"text-align: justify;\">El Delegado Presidencial Regional, Jorge D\u00edaz Guzm\u00e1n, indic\u00f3 que si bien es necesaria la acci\u00f3n de la institucionalidad, la acci\u00f3n que causa m\u00e1s impacto es la decisi\u00f3n que toman las personas conductoras al volante, que seg\u00fan las cifras a nivel nacional son las que provocan en mayor medida choques, colisiones, atropellos u otros en las v\u00edas. \u201cQueremos entregar un mensaje a la opini\u00f3n p\u00fablica, para que tengamos mayor preocupaci\u00f3n, seguridad y autocuidado, para evitar accidentes de tr\u00e1nsito. Vamos a tener una \u00e9poca estival con m\u00e1s visitantes que en 2024, por lo que estamos preocupados por la seguridad de todos los ayseninos y ayseninas, y de quienes nos visitan\u201d, declar\u00f3.<\/p>\n<p style=\"text-align: justify;\">Desde el ministerio de Transportes y Telecomunicaciones, el seremi Hans Zimmermann se refiri\u00f3 al aumento del parque vehicular y la necesidad de generar operativos de control que permitan dar m\u00e1s tranquilidad a la ciudadan\u00eda. \u201cEn los \u00faltimos diez a\u00f1os el parque vehicular en la Regi\u00f3n de Ays\u00e9n ha aumentado en un 78%, con un total aproximado de 56.000 veh\u00edculos, a lo que debemos agregar los flujos de transporte que aumentan en la temporada estival. Por ello estamos generando planes de fiscalizaci\u00f3n interinstitucional, para un tr\u00e1nsito seguro\u201d.<\/p>\n<p style=\"text-align: justify;\">El trabajo de la polic\u00eda uniformada, en tanto, fue detallada por el capit\u00e1n de la SIAT Claudio Vera: \u201cTenemos controles permanentes en distintas rutas, que buscan evitar la accidentabilidad en la regi\u00f3n. Llevamos, lamentablemente, 13 fallecidos en lo que va del a\u00f1o, lo que es una preocupaci\u00f3n y por esto mismo se hacen este y otro tipo de reuniones para generar estrategias que mitiguen los accidentes y las consecuencias fatales. Entonces, el llamado es a realicen los viajes considerando el tiempo y planificando el viaje, porque hay muchos puntos donde se est\u00e1n haciendo trabajos\u201d.<\/p>\n<p style=\"text-align: justify;\">Finalmente la Seremi MOP, Paloma Jara Vald\u00e9s se refiri\u00f3 a los avances en infraestructura vial logrados para Ays\u00e9n. \u201cEn la regi\u00f3n pr\u00e1cticamente no exist\u00edan elementos de seguridad vial, por lo que trajimos la mensajer\u00eda variable, tachas y demarcaci\u00f3n. Vamos a tener cinco a seis obras importantes en la Ruta 7, con cortes y tronaduras en el sector de R\u00edo Tranquilo, por lo que llamamos a la gente a planificar su viaje, a los operadores tur\u00edsticos a entregar la informaci\u00f3n correcta. Como MOP estamos viendo una estrategia para reforzar la informaci\u00f3n, pero siempre la responsabilidad es del conductor o conductora\u201d.<\/p>\n<\/div><\/section><\/div><div  style='height:50px' class='hr hr-invisible   avia-builder-el-6  el_after_av_one_full  el_before_av_social_share '><span class='hr-inner ' ><span class='hr-inner-style'><\/span><\/span><\/div><\/p>\n<div  class='av-social-sharing-box  avia-builder-el-7  el_after_av_hr  el_before_av_hr  '><div class='av-share-box'><h5 class='av-share-link-description av-no-toc '>Compartir esta noticia<\/h5><ul class='av-share-box-list noLightbox'><li class='av-share-link av-social-link-facebook' ><a target=\"_blank\" aria-label=\"Compartir en Facebook\" href='https:\/\/www.facebook.com\/sharer.php?u=https:\/\/radiorevelacionfm.cl\/?p=60822&#038;t=Llaman%20a%20tomar%20medidas%20preventivas%20de%20seguridad%20vial%20ante%20pr%C3%B3ximo%20fin%20de%20semana%20largo%20y%20proximidad%20de%20temporada%20estival' aria-hidden='false' data-av_icon='\ue8f3' data-av_iconfont='entypo-fontello' title='' data-avia-related-tooltip='Compartir en Facebook' rel=\"noopener\"><span class='avia_hidden_link_text'>Compartir en Facebook<\/span><\/a><\/li><li class='av-share-link av-social-link-twitter' ><a target=\"_blank\" aria-label=\"Compartir en Twitter\" href='https:\/\/twitter.com\/share?text=Llaman%20a%20tomar%20medidas%20preventivas%20de%20seguridad%20vial%20ante%20pr%C3%B3ximo%20fin%20de%20semana%20largo%20y%20proximidad%20de%20temporada%20estival&#038;url=https:\/\/radiorevelacionfm.cl\/?p=60822' aria-hidden='false' data-av_icon='\ue8f1' data-av_iconfont='entypo-fontello' title='' data-avia-related-tooltip='Compartir en Twitter' rel=\"noopener\"><span class='avia_hidden_link_text'>Compartir en Twitter<\/span><\/a><\/li><li class='av-share-link av-social-link-whatsapp' ><a target=\"_blank\" aria-label=\"Compartir en Whatsapp\" href='https:\/\/api.whatsapp.com\/send?text=https:\/\/radiorevelacionfm.cl\/?p=60822' aria-hidden='false' data-av_icon='\uf232' data-av_iconfont='entypo-fontello' title='' data-avia-related-tooltip='Compartir en Whatsapp' rel=\"noopener\"><span class='avia_hidden_link_text'>Compartir en Whatsapp<\/span><\/a><\/li><li class='av-share-link av-social-link-linkedin' ><a target=\"_blank\" aria-label=\"Compartir en LinkedIn\" href='https:\/\/linkedin.com\/shareArticle?mini=true&#038;title=Llaman%20a%20tomar%20medidas%20preventivas%20de%20seguridad%20vial%20ante%20pr%C3%B3ximo%20fin%20de%20semana%20largo%20y%20proximidad%20de%20temporada%20estival&#038;url=https:\/\/radiorevelacionfm.cl\/?p=60822' aria-hidden='false' data-av_icon='\ue8fc' data-av_iconfont='entypo-fontello' title='' data-avia-related-tooltip='Compartir en LinkedIn' rel=\"noopener\"><span class='avia_hidden_link_text'>Compartir en LinkedIn<\/span><\/a><\/li><li class='av-share-link av-social-link-mail' ><a  aria-label=\"Compartir por correo\" href='mailto:?subject=Llaman%20a%20tomar%20medidas%20preventivas%20de%20seguridad%20vial%20ante%20pr%C3%B3ximo%20fin%20de%20semana%20largo%20y%20proximidad%20de%20temporada%20estival&#038;body=https:\/\/radiorevelacionfm.cl\/?p=60822' aria-hidden='false' data-av_icon='\ue805' data-av_iconfont='entypo-fontello' title='' data-avia-related-tooltip='Compartir por correo'><span class='avia_hidden_link_text'>Compartir por correo<\/span><\/a><\/li><\/ul><\/div><\/div>\n<div  style='height:50px' class='hr hr-invisible   avia-builder-el-8  el_after_av_social_share  el_before_av_comments_list '><span class='hr-inner ' ><span class='hr-inner-style'><\/span><\/span><\/div>\n<div  class='av-buildercomment  av-blog-meta-html-info-disabled av-blog-meta-tag-disabled  '><\/div>\n","protected":false},"excerpt":{"rendered":"","protected":false},"author":1,"featured_media":60823,"comment_status":"closed","ping_status":"closed","sticky":false,"template":"","format":"standard","meta":{"footnotes":""},"categories":[38],"tags":[],"class_list":["post-60822","post","type-post","status-publish","format-standard","has-post-thumbnail","hentry","category-regional"],"jetpack_featured_media_url":"https:\/\/radiorevelacionfm.cl\/wp-content\/uploads\/2025\/10\/g4n71hnwsaawqqz-1_optimized.jpg","_links":{"self":[{"href":"https:\/\/radiorevelacionfm.cl\/index.php?rest_route=\/wp\/v2\/posts\/60822","targetHints":{"allow":["GET"]}}],"collection":[{"href":"https:\/\/radiorevelacionfm.cl\/index.php?rest_route=\/wp\/v2\/posts"}],"about":[{"href":"https:\/\/radiorevelacionfm.cl\/index.php?rest_route=\/wp\/v2\/types\/post"}],"author":[{"embeddable":true,"href":"https:\/\/radiorevelacionfm.cl\/index.php?rest_route=\/wp\/v2\/users\/1"}],"replies":[{"embeddable":true,"href":"https:\/\/radiorevelacionfm.cl\/index.php?rest_route=%2Fwp%2Fv2%2Fcomments&post=60822"}],"version-history":[{"count":2,"href":"https:\/\/radiorevelacionfm.cl\/index.php?rest_route=\/wp\/v2\/posts\/60822\/revisions"}],"predecessor-version":[{"id":60829,"href":"https:\/\/radiorevelacionfm.cl\/index.php?rest_route=\/wp\/v2\/posts\/60822\/revisions\/60829"}],"wp:featuredmedia":[{"embeddable":true,"href":"https:\/\/radiorevelacionfm.cl\/index.php?rest_route=\/wp\/v2\/media\/60823"}],"wp:attachment":[{"href":"https:\/\/radiorevelacionfm.cl\/index.php?rest_route=%2Fwp%2Fv2%2Fmedia&parent=60822"}],"wp:term":[{"taxonomy":"category","embeddable":true,"href":"https:\/\/radiorevelacionfm.cl\/index.php?rest_route=%2Fwp%2Fv2%2Fcategories&post=60822"},{"taxonomy":"post_tag","embeddable":true,"href":"https:\/\/radiorevelacionfm.cl\/index.php?rest_route=%2Fwp%2Fv2%2Ftags&post=60822"}],"curies":[{"name":"wp","href":"https:\/\/api.w.org\/{rel}","templated":true}]}}