{"id":60817,"date":"2025-10-27T18:40:56","date_gmt":"2025-10-27T21:40:56","guid":{"rendered":"https:\/\/radiorevelacionfm.cl\/?p=60817"},"modified":"2025-10-27T18:40:56","modified_gmt":"2025-10-27T21:40:56","slug":"ruta-7-sur-sector-el-blanco-carabineros-detuvo-en-control-vehicular-a-sujeto-con-arma-municiones-y-droga","status":"publish","type":"post","link":"https:\/\/radiorevelacionfm.cl\/?p=60817","title":{"rendered":"Ruta 7 sur sector El Blanco: Carabineros detuvo en control vehicular a sujeto con arma, municiones y droga"},"content":{"rendered":"<div class=\"flex_column av_one_full  flex_column_div av-zero-column-padding first  avia-builder-el-0  el_before_av_one_full  avia-builder-el-first  \" style='border-radius:0px; '><div  class='avia-image-container  av-styling-    avia-builder-el-1  avia-builder-el-no-sibling  avia-align-center '  itemprop=\"image\" itemscope=\"itemscope\" itemtype=\"https:\/\/schema.org\/ImageObject\"  ><div class='avia-image-container-inner'><div class='avia-image-overlay-wrap'><img decoding=\"async\" class='wp-image-60818 avia-img-lazy-loading-not-60818 avia_image' src=\"https:\/\/radiorevelacionfm.cl\/wp-content\/uploads\/2025\/10\/a0ec62ca-2340-4ef9-b57a-477306959d0b-1_optimized.jpg\" alt='' title='a0ec62ca-2340-4ef9-b57a-477306959d0b-(1)_optimized' height=\"890\" width=\"802\"  itemprop=\"thumbnailUrl\" srcset=\"https:\/\/radiorevelacionfm.cl\/wp-content\/uploads\/2025\/10\/a0ec62ca-2340-4ef9-b57a-477306959d0b-1_optimized.jpg 802w, https:\/\/radiorevelacionfm.cl\/wp-content\/uploads\/2025\/10\/a0ec62ca-2340-4ef9-b57a-477306959d0b-1_optimized-270x300.jpg 270w, https:\/\/radiorevelacionfm.cl\/wp-content\/uploads\/2025\/10\/a0ec62ca-2340-4ef9-b57a-477306959d0b-1_optimized-768x852.jpg 768w, https:\/\/radiorevelacionfm.cl\/wp-content\/uploads\/2025\/10\/a0ec62ca-2340-4ef9-b57a-477306959d0b-1_optimized-635x705.jpg 635w, https:\/\/radiorevelacionfm.cl\/wp-content\/uploads\/2025\/10\/a0ec62ca-2340-4ef9-b57a-477306959d0b-1_optimized-450x499.jpg 450w, https:\/\/radiorevelacionfm.cl\/wp-content\/uploads\/2025\/10\/a0ec62ca-2340-4ef9-b57a-477306959d0b-1_optimized-600x666.jpg 600w\" sizes=\"(max-width: 802px) 100vw, 802px\" \/><\/div><\/div><\/div><\/div><div class=\"flex_column av_one_full  flex_column_div av-zero-column-padding first  avia-builder-el-2  el_after_av_one_full  el_before_av_one_full  column-top-margin\" style='border-radius:0px; '><section class=\"av_textblock_section \"  itemscope=\"itemscope\" itemtype=\"https:\/\/schema.org\/BlogPosting\" itemprop=\"blogPost\" ><div class='avia_textblock  '   itemprop=\"text\" ><p style=\"text-align: center;\"><strong><span style=\"font-size: 18pt;\">Ruta 7 sur sector El Blanco: Carabineros detuvo en control vehicular a sujeto con arma, municiones y droga<\/span><\/strong><\/p>\n<div id=\"gtx-trans\" style=\"position: absolute; left: -50px; top: 4.31534px;\">\n<div class=\"gtx-trans-icon\"><\/div>\n<\/div>\n<\/div><\/section><\/div><div class=\"flex_column av_one_full  flex_column_div av-zero-column-padding first  avia-builder-el-4  el_after_av_one_full  el_before_av_hr  column-top-margin\" style='border-radius:0px; '><section class=\"av_textblock_section \"  itemscope=\"itemscope\" itemtype=\"https:\/\/schema.org\/BlogPosting\" itemprop=\"blogPost\" ><div class='avia_textblock  '   itemprop=\"text\" ><p dir=\"ltr\" style=\"text-align: justify;\">La acci\u00f3n policial, enmarcada en controles preventivos rurales, se concret\u00f3 tras una alerta positiva del ejemplar canino \u201cGazu\u201d de la Secci\u00f3n OS7, lo que deriv\u00f3 en la incautaci\u00f3n de una pistola, m\u00e1s de 60 cartuchos y marihuana.<\/p>\n<p dir=\"ltr\" style=\"text-align: justify;\">En un procedimiento que destaca la coordinaci\u00f3n entre unidades especializadas y destacamentos rurales, personal de Carabineros de Chile logr\u00f3 la detenci\u00f3n de un individuo por porte ilegal de armas, municiones y posesi\u00f3n de drogas en la comuna de Coyhaique.<\/p>\n<p dir=\"ltr\" style=\"text-align: justify;\">El hecho se registr\u00f3 cerca de las 11:30 horas de ayer en el kil\u00f3metro 641 de la Ruta 7 Sur, cuando funcionarios del Ret\u00e9n \u201cEl Blanco\u201d realizaban controles vehiculares preventivos en coordinaci\u00f3n con la Secci\u00f3n OS7 Ays\u00e9n.<\/p>\n<p dir=\"ltr\" style=\"text-align: justify;\"><strong>Detenci\u00f3n<\/strong><\/p>\n<p dir=\"ltr\" style=\"text-align: justify;\">Durante la fiscalizaci\u00f3n de un veh\u00edculo particular, el ejemplar canino detector de drogas, \u201cGazu\u201d del OS7, efectu\u00f3 una alerta positiva, motivando la revisi\u00f3n exhaustiva del m\u00f3vil. En el lugar, Carabineros detuvo a un ciudadano chileno de 34 a\u00f1os, quien portaba consigo m\u00e1s de 60 cartuchos calibre 6.35.<\/p>\n<p dir=\"ltr\" style=\"text-align: justify;\">Por instrucci\u00f3n del fiscal de turno, se efectu\u00f3 un ingreso al domicilio del imputado. En la vivienda, el personal especializado del OS7, con el apoyo de efectivos del Ret\u00e9n \u201cEl Blanco\u201d, incaut\u00f3 nueva evidencia que termin\u00f3 de configurar los delitos.<\/p>\n<p dir=\"ltr\" style=\"text-align: justify;\"><strong>Evidencia incautada<\/strong><\/p>\n<p dir=\"ltr\" style=\"text-align: justify;\">Como resultado final del operativo, Carabineros logr\u00f3 incautar una pistola marca Star calibre 6.35 (sin encargo vigente), dos cargadores, un total de 67 cartuchos calibre 6.35 y ocho gramos de marihuana .<\/p>\n<p dir=\"ltr\" style=\"text-align: justify;\">El detenido, quien no registra antecedentes penales ni \u00f3rdenes judiciales pendientes, fue puesto a disposici\u00f3n del Ministerio P\u00fablico para el correspondiente control de detenci\u00f3n, tras ser imputado por infracciones tanto a la Ley 20.000 sobre Drogas, como a la Ley 17.798 sobre Control de Armas y Explosivos.<\/p>\n<p dir=\"ltr\" style=\"text-align: justify;\">Desde la 1ra. Comisar\u00eda de Coyhaique, Carabineros enfatiz\u00f3 en la importancia de este tipo de operativos preventivos en zonas de tr\u00e1nsito y rurales.<\/p>\n<p dir=\"ltr\" style=\"text-align: justify;\">El comisario de Coyhaique, Mayor Sebasti\u00e1n Casanueva indic\u00f3 que \u201ceste resultado refleja el compromiso permanente de nuestros funcionarios por mantener la seguridad y tranquilidad de los vecinos, reforzando la fiscalizaci\u00f3n en rutas y sectores fronterizos para prevenir delitos vinculados al tr\u00e1fico de drogas y porte ilegal de armas\u201d, se\u00f1al\u00f3.<\/p>\n<div class=\"yj6qo\" style=\"text-align: justify;\"><\/div>\n<div class=\"adL\" style=\"text-align: justify;\"><\/div>\n<\/div><\/section><\/div><div  style='height:50px' class='hr hr-invisible   avia-builder-el-6  el_after_av_one_full  el_before_av_social_share '><span class='hr-inner ' ><span class='hr-inner-style'><\/span><\/span><\/div><\/p>\n<div  class='av-social-sharing-box  avia-builder-el-7  el_after_av_hr  el_before_av_hr  '><div class='av-share-box'><h5 class='av-share-link-description av-no-toc '>Compartir esta noticia<\/h5><ul class='av-share-box-list noLightbox'><li class='av-share-link av-social-link-facebook' ><a target=\"_blank\" aria-label=\"Compartir en Facebook\" href='https:\/\/www.facebook.com\/sharer.php?u=https:\/\/radiorevelacionfm.cl\/?p=60817&#038;t=Ruta%207%20sur%20sector%20El%20Blanco%3A%20Carabineros%20detuvo%20en%20control%20vehicular%20a%20sujeto%20con%20arma%2C%20municiones%20y%20droga' aria-hidden='false' data-av_icon='\ue8f3' data-av_iconfont='entypo-fontello' title='' data-avia-related-tooltip='Compartir en Facebook' rel=\"noopener\"><span class='avia_hidden_link_text'>Compartir en Facebook<\/span><\/a><\/li><li class='av-share-link av-social-link-twitter' ><a target=\"_blank\" aria-label=\"Compartir en Twitter\" href='https:\/\/twitter.com\/share?text=Ruta%207%20sur%20sector%20El%20Blanco%3A%20Carabineros%20detuvo%20en%20control%20vehicular%20a%20sujeto%20con%20arma%2C%20municiones%20y%20droga&#038;url=https:\/\/radiorevelacionfm.cl\/?p=60817' aria-hidden='false' data-av_icon='\ue8f1' data-av_iconfont='entypo-fontello' title='' data-avia-related-tooltip='Compartir en Twitter' rel=\"noopener\"><span class='avia_hidden_link_text'>Compartir en Twitter<\/span><\/a><\/li><li class='av-share-link av-social-link-whatsapp' ><a target=\"_blank\" aria-label=\"Compartir en Whatsapp\" href='https:\/\/api.whatsapp.com\/send?text=https:\/\/radiorevelacionfm.cl\/?p=60817' aria-hidden='false' data-av_icon='\uf232' data-av_iconfont='entypo-fontello' title='' data-avia-related-tooltip='Compartir en Whatsapp' rel=\"noopener\"><span class='avia_hidden_link_text'>Compartir en Whatsapp<\/span><\/a><\/li><li class='av-share-link av-social-link-linkedin' ><a target=\"_blank\" aria-label=\"Compartir en LinkedIn\" href='https:\/\/linkedin.com\/shareArticle?mini=true&#038;title=Ruta%207%20sur%20sector%20El%20Blanco%3A%20Carabineros%20detuvo%20en%20control%20vehicular%20a%20sujeto%20con%20arma%2C%20municiones%20y%20droga&#038;url=https:\/\/radiorevelacionfm.cl\/?p=60817' aria-hidden='false' data-av_icon='\ue8fc' data-av_iconfont='entypo-fontello' title='' data-avia-related-tooltip='Compartir en LinkedIn' rel=\"noopener\"><span class='avia_hidden_link_text'>Compartir en LinkedIn<\/span><\/a><\/li><li class='av-share-link av-social-link-mail' ><a  aria-label=\"Compartir por correo\" href='mailto:?subject=Ruta%207%20sur%20sector%20El%20Blanco%3A%20Carabineros%20detuvo%20en%20control%20vehicular%20a%20sujeto%20con%20arma%2C%20municiones%20y%20droga&#038;body=https:\/\/radiorevelacionfm.cl\/?p=60817' aria-hidden='false' data-av_icon='\ue805' data-av_iconfont='entypo-fontello' title='' data-avia-related-tooltip='Compartir por correo'><span class='avia_hidden_link_text'>Compartir por correo<\/span><\/a><\/li><\/ul><\/div><\/div>\n<div  style='height:50px' class='hr hr-invisible   avia-builder-el-8  el_after_av_social_share  el_before_av_comments_list '><span class='hr-inner ' ><span class='hr-inner-style'><\/span><\/span><\/div>\n<div  class='av-buildercomment  av-blog-meta-html-info-disabled av-blog-meta-tag-disabled  '><\/div>\n","protected":false},"excerpt":{"rendered":"","protected":false},"author":1,"featured_media":60818,"comment_status":"closed","ping_status":"closed","sticky":false,"template":"","format":"standard","meta":{"footnotes":""},"categories":[36],"tags":[],"class_list":["post-60817","post","type-post","status-publish","format-standard","has-post-thumbnail","hentry","category-policial"],"jetpack_featured_media_url":"https:\/\/radiorevelacionfm.cl\/wp-content\/uploads\/2025\/10\/a0ec62ca-2340-4ef9-b57a-477306959d0b-1_optimized.jpg","_links":{"self":[{"href":"https:\/\/radiorevelacionfm.cl\/index.php?rest_route=\/wp\/v2\/posts\/60817","targetHints":{"allow":["GET"]}}],"collection":[{"href":"https:\/\/radiorevelacionfm.cl\/index.php?rest_route=\/wp\/v2\/posts"}],"about":[{"href":"https:\/\/radiorevelacionfm.cl\/index.php?rest_route=\/wp\/v2\/types\/post"}],"author":[{"embeddable":true,"href":"https:\/\/radiorevelacionfm.cl\/index.php?rest_route=\/wp\/v2\/users\/1"}],"replies":[{"embeddable":true,"href":"https:\/\/radiorevelacionfm.cl\/index.php?rest_route=%2Fwp%2Fv2%2Fcomments&post=60817"}],"version-history":[{"count":2,"href":"https:\/\/radiorevelacionfm.cl\/index.php?rest_route=\/wp\/v2\/posts\/60817\/revisions"}],"predecessor-version":[{"id":60820,"href":"https:\/\/radiorevelacionfm.cl\/index.php?rest_route=\/wp\/v2\/posts\/60817\/revisions\/60820"}],"wp:featuredmedia":[{"embeddable":true,"href":"https:\/\/radiorevelacionfm.cl\/index.php?rest_route=\/wp\/v2\/media\/60818"}],"wp:attachment":[{"href":"https:\/\/radiorevelacionfm.cl\/index.php?rest_route=%2Fwp%2Fv2%2Fmedia&parent=60817"}],"wp:term":[{"taxonomy":"category","embeddable":true,"href":"https:\/\/radiorevelacionfm.cl\/index.php?rest_route=%2Fwp%2Fv2%2Fcategories&post=60817"},{"taxonomy":"post_tag","embeddable":true,"href":"https:\/\/radiorevelacionfm.cl\/index.php?rest_route=%2Fwp%2Fv2%2Ftags&post=60817"}],"curies":[{"name":"wp","href":"https:\/\/api.w.org\/{rel}","templated":true}]}}