{"id":60811,"date":"2025-10-28T10:40:15","date_gmt":"2025-10-28T13:40:15","guid":{"rendered":"https:\/\/radiorevelacionfm.cl\/?p=60811"},"modified":"2025-10-28T10:40:15","modified_gmt":"2025-10-28T13:40:15","slug":"personas-cuidadoras-de-aysen-con-credencial-podran-excusarse-de-ser-vocales-de-mesa-en-proximas-elecciones","status":"publish","type":"post","link":"https:\/\/radiorevelacionfm.cl\/?p=60811","title":{"rendered":"Personas cuidadoras de Ays\u00e9n con credencial podr\u00e1n excusarse de ser vocales de mesa en pr\u00f3ximas elecciones"},"content":{"rendered":"<div class=\"flex_column av_one_full  flex_column_div av-zero-column-padding first  avia-builder-el-0  el_before_av_one_full  avia-builder-el-first  \" style='border-radius:0px; '><div  class='avia-image-container  av-styling-    avia-builder-el-1  avia-builder-el-no-sibling  avia-align-center '  itemprop=\"image\" itemscope=\"itemscope\" itemtype=\"https:\/\/schema.org\/ImageObject\"  ><div class='avia-image-container-inner'><div class='avia-image-overlay-wrap'><img decoding=\"async\" class='wp-image-60814 avia-img-lazy-loading-not-60814 avia_image' src=\"https:\/\/radiorevelacionfm.cl\/wp-content\/uploads\/2025\/10\/Vocales-de-Mesa-1-1.jpg\" alt='' title='Vocales-de-Mesa (1) (1)' height=\"600\" width=\"800\"  itemprop=\"thumbnailUrl\" srcset=\"https:\/\/radiorevelacionfm.cl\/wp-content\/uploads\/2025\/10\/Vocales-de-Mesa-1-1.jpg 800w, https:\/\/radiorevelacionfm.cl\/wp-content\/uploads\/2025\/10\/Vocales-de-Mesa-1-1-300x225.jpg 300w, https:\/\/radiorevelacionfm.cl\/wp-content\/uploads\/2025\/10\/Vocales-de-Mesa-1-1-768x576.jpg 768w, https:\/\/radiorevelacionfm.cl\/wp-content\/uploads\/2025\/10\/Vocales-de-Mesa-1-1-705x529.jpg 705w, https:\/\/radiorevelacionfm.cl\/wp-content\/uploads\/2025\/10\/Vocales-de-Mesa-1-1-450x338.jpg 450w, https:\/\/radiorevelacionfm.cl\/wp-content\/uploads\/2025\/10\/Vocales-de-Mesa-1-1-600x450.jpg 600w\" sizes=\"(max-width: 800px) 100vw, 800px\" \/><\/div><\/div><\/div><\/div><div class=\"flex_column av_one_full  flex_column_div av-zero-column-padding first  avia-builder-el-2  el_after_av_one_full  el_before_av_one_full  column-top-margin\" style='border-radius:0px; '><section class=\"av_textblock_section \"  itemscope=\"itemscope\" itemtype=\"https:\/\/schema.org\/BlogPosting\" itemprop=\"blogPost\" ><div class='avia_textblock  '   itemprop=\"text\" ><p style=\"text-align: center;\"><strong><span style=\"font-size: 18pt;\">Personas cuidadoras de Ays\u00e9n con credencial podr\u00e1n excusarse de ser vocales de mesa en pr\u00f3ximas elecciones<\/span><\/strong><\/p>\n<div id=\"gtx-trans\" style=\"position: absolute; left: -50px; top: 4.31534px;\">\n<div class=\"gtx-trans-icon\"><\/div>\n<\/div>\n<\/div><\/section><\/div><div class=\"flex_column av_one_full  flex_column_div av-zero-column-padding first  avia-builder-el-4  el_after_av_one_full  el_before_av_hr  column-top-margin\" style='border-radius:0px; '><section class=\"av_textblock_section \"  itemscope=\"itemscope\" itemtype=\"https:\/\/schema.org\/BlogPosting\" itemprop=\"blogPost\" ><div class='avia_textblock  '   itemprop=\"text\" ><p style=\"text-align: justify;\"><em>El plazo para hacer el tr\u00e1mite vence este 29 de octubre, por lo que la Seremi de Desarrollo Social y Familia llam\u00f3 a las personas cuidadoras a tener sus datos actualizados en el Registro Social de Hogares.<\/em><\/p>\n<p style=\"text-align: justify;\">Hasta este mi\u00e9rcoles 29 de octubre hay plazo para presentar excusas para quienes no puedan cumplir con la labor de vocales designados tras la publicaci\u00f3n de la n\u00f3mina por las Juntas Electorales en las pr\u00f3ximas elecciones presidenciales y parlamentarias.<\/p>\n<p style=\"text-align: justify;\">Dentro de las causales se considera ejercer como persona cuidadora inscrita en el Registro Social de Hogares, es decir, que cuente con la credencial de cuidadora, f\u00edsica o digital, la que tambi\u00e9n servir\u00e1 como excusa el d\u00eda de la votaci\u00f3n en caso de que la mesa no estuviera constituida. Asimismo, las personas cuidadoras tendr\u00e1n atenci\u00f3n preferente durante el proceso de votaci\u00f3n.<\/p>\n<p style=\"text-align: justify;\">As\u00ed lo enfatiz\u00f3 la seremi de Desarrollo Social y Familia, Karina Acevedo Auad \u201cSi eres cuidador o cuidadora con tu credencial entregada por el Registro Social de Hogares, puedes excusarte de ejercer la labor de vocal de mesa o miembro del colegio escrutador, recuerda que es hasta el 29 de octubre en las Juntas Electorales, ya sea presencialmente o a trav\u00e9s de los correos electr\u00f3nicos. Adicionalmente el d\u00eda de las votaciones si tu mesa no est\u00e1 constituida, tambi\u00e9n te servir\u00e1 para excusarte con tu credencial y tener atenci\u00f3n preferente para votar, es por eso que es muy importante tener los datos actualizados en el Registro Social de Hogares\u201d.<\/p>\n<p style=\"text-align: justify;\">Hay que recordar que, en la regi\u00f3n al mes de septiembre de este a\u00f1o, hay 1742 personas inscritas en la regi\u00f3n de Ays\u00e9n de forma oficial como cuidadoras a trav\u00e9s del m\u00f3dulo que dispone el Registro Social de Hogares. El proceso para presentar las excusas se realiza ante la junta electoral correspondiente, que se encuentra en\u00a0<a href=\"https:\/\/www.servel.cl\/contacto\/juntas-electorales\/\">https:\/\/www.servel.cl\/contacto\/juntas-electorales\/<\/a>.<\/p>\n<\/div><\/section><\/div><div  style='height:50px' class='hr hr-invisible   avia-builder-el-6  el_after_av_one_full  el_before_av_social_share '><span class='hr-inner ' ><span class='hr-inner-style'><\/span><\/span><\/div><\/p>\n<div  class='av-social-sharing-box  avia-builder-el-7  el_after_av_hr  el_before_av_hr  '><div class='av-share-box'><h5 class='av-share-link-description av-no-toc '>Compartir esta noticia<\/h5><ul class='av-share-box-list noLightbox'><li class='av-share-link av-social-link-facebook' ><a target=\"_blank\" aria-label=\"Compartir en Facebook\" href='https:\/\/www.facebook.com\/sharer.php?u=https:\/\/radiorevelacionfm.cl\/?p=60811&#038;t=Personas%20cuidadoras%20de%20Ays%C3%A9n%20con%20credencial%20podr%C3%A1n%20excusarse%20de%20ser%20vocales%20de%20mesa%20en%20pr%C3%B3ximas%20elecciones' aria-hidden='false' data-av_icon='\ue8f3' data-av_iconfont='entypo-fontello' title='' data-avia-related-tooltip='Compartir en Facebook' rel=\"noopener\"><span class='avia_hidden_link_text'>Compartir en Facebook<\/span><\/a><\/li><li class='av-share-link av-social-link-twitter' ><a target=\"_blank\" aria-label=\"Compartir en Twitter\" href='https:\/\/twitter.com\/share?text=Personas%20cuidadoras%20de%20Ays%C3%A9n%20con%20credencial%20podr%C3%A1n%20excusarse%20de%20ser%20vocales%20de%20mesa%20en%20pr%C3%B3ximas%20elecciones&#038;url=https:\/\/radiorevelacionfm.cl\/?p=60811' aria-hidden='false' data-av_icon='\ue8f1' data-av_iconfont='entypo-fontello' title='' data-avia-related-tooltip='Compartir en Twitter' rel=\"noopener\"><span class='avia_hidden_link_text'>Compartir en Twitter<\/span><\/a><\/li><li class='av-share-link av-social-link-whatsapp' ><a target=\"_blank\" aria-label=\"Compartir en Whatsapp\" href='https:\/\/api.whatsapp.com\/send?text=https:\/\/radiorevelacionfm.cl\/?p=60811' aria-hidden='false' data-av_icon='\uf232' data-av_iconfont='entypo-fontello' title='' data-avia-related-tooltip='Compartir en Whatsapp' rel=\"noopener\"><span class='avia_hidden_link_text'>Compartir en Whatsapp<\/span><\/a><\/li><li class='av-share-link av-social-link-linkedin' ><a target=\"_blank\" aria-label=\"Compartir en LinkedIn\" href='https:\/\/linkedin.com\/shareArticle?mini=true&#038;title=Personas%20cuidadoras%20de%20Ays%C3%A9n%20con%20credencial%20podr%C3%A1n%20excusarse%20de%20ser%20vocales%20de%20mesa%20en%20pr%C3%B3ximas%20elecciones&#038;url=https:\/\/radiorevelacionfm.cl\/?p=60811' aria-hidden='false' data-av_icon='\ue8fc' data-av_iconfont='entypo-fontello' title='' data-avia-related-tooltip='Compartir en LinkedIn' rel=\"noopener\"><span class='avia_hidden_link_text'>Compartir en LinkedIn<\/span><\/a><\/li><li class='av-share-link av-social-link-mail' ><a  aria-label=\"Compartir por correo\" href='mailto:?subject=Personas%20cuidadoras%20de%20Ays%C3%A9n%20con%20credencial%20podr%C3%A1n%20excusarse%20de%20ser%20vocales%20de%20mesa%20en%20pr%C3%B3ximas%20elecciones&#038;body=https:\/\/radiorevelacionfm.cl\/?p=60811' aria-hidden='false' data-av_icon='\ue805' data-av_iconfont='entypo-fontello' title='' data-avia-related-tooltip='Compartir por correo'><span class='avia_hidden_link_text'>Compartir por correo<\/span><\/a><\/li><\/ul><\/div><\/div>\n<div  style='height:50px' class='hr hr-invisible   avia-builder-el-8  el_after_av_social_share  el_before_av_comments_list '><span class='hr-inner ' ><span class='hr-inner-style'><\/span><\/span><\/div>\n<div  class='av-buildercomment  av-blog-meta-html-info-disabled av-blog-meta-tag-disabled  '><\/div>\n","protected":false},"excerpt":{"rendered":"","protected":false},"author":1,"featured_media":60814,"comment_status":"closed","ping_status":"closed","sticky":false,"template":"","format":"standard","meta":{"footnotes":""},"categories":[38],"tags":[],"class_list":["post-60811","post","type-post","status-publish","format-standard","has-post-thumbnail","hentry","category-regional"],"jetpack_featured_media_url":"https:\/\/radiorevelacionfm.cl\/wp-content\/uploads\/2025\/10\/Vocales-de-Mesa-1-1.jpg","_links":{"self":[{"href":"https:\/\/radiorevelacionfm.cl\/index.php?rest_route=\/wp\/v2\/posts\/60811","targetHints":{"allow":["GET"]}}],"collection":[{"href":"https:\/\/radiorevelacionfm.cl\/index.php?rest_route=\/wp\/v2\/posts"}],"about":[{"href":"https:\/\/radiorevelacionfm.cl\/index.php?rest_route=\/wp\/v2\/types\/post"}],"author":[{"embeddable":true,"href":"https:\/\/radiorevelacionfm.cl\/index.php?rest_route=\/wp\/v2\/users\/1"}],"replies":[{"embeddable":true,"href":"https:\/\/radiorevelacionfm.cl\/index.php?rest_route=%2Fwp%2Fv2%2Fcomments&post=60811"}],"version-history":[{"count":2,"href":"https:\/\/radiorevelacionfm.cl\/index.php?rest_route=\/wp\/v2\/posts\/60811\/revisions"}],"predecessor-version":[{"id":60830,"href":"https:\/\/radiorevelacionfm.cl\/index.php?rest_route=\/wp\/v2\/posts\/60811\/revisions\/60830"}],"wp:featuredmedia":[{"embeddable":true,"href":"https:\/\/radiorevelacionfm.cl\/index.php?rest_route=\/wp\/v2\/media\/60814"}],"wp:attachment":[{"href":"https:\/\/radiorevelacionfm.cl\/index.php?rest_route=%2Fwp%2Fv2%2Fmedia&parent=60811"}],"wp:term":[{"taxonomy":"category","embeddable":true,"href":"https:\/\/radiorevelacionfm.cl\/index.php?rest_route=%2Fwp%2Fv2%2Fcategories&post=60811"},{"taxonomy":"post_tag","embeddable":true,"href":"https:\/\/radiorevelacionfm.cl\/index.php?rest_route=%2Fwp%2Fv2%2Ftags&post=60811"}],"curies":[{"name":"wp","href":"https:\/\/api.w.org\/{rel}","templated":true}]}}