{"id":60807,"date":"2025-10-27T16:45:38","date_gmt":"2025-10-27T19:45:38","guid":{"rendered":"https:\/\/radiorevelacionfm.cl\/?p=60807"},"modified":"2025-10-27T16:45:38","modified_gmt":"2025-10-27T19:45:38","slug":"despues-de-14-anos-el-minvu-y-municipio-de-lago-verde-dieron-inicio-a-nuevas-obras-de-pavimentacion-en-villa-la-tapera","status":"publish","type":"post","link":"https:\/\/radiorevelacionfm.cl\/?p=60807","title":{"rendered":"Despu\u00e9s de 14 a\u00f1os el Minvu y Municipio de Lago Verde dieron inicio a nuevas obras de pavimentaci\u00f3n en Villa La Tapera"},"content":{"rendered":"<div class=\"flex_column av_one_full  flex_column_div av-zero-column-padding first  avia-builder-el-0  el_before_av_one_full  avia-builder-el-first  \" style='border-radius:0px; '><div  class='avia-image-container  av-styling-    avia-builder-el-1  avia-builder-el-no-sibling  avia-align-center '  itemprop=\"image\" itemscope=\"itemscope\" itemtype=\"https:\/\/schema.org\/ImageObject\"  ><div class='avia-image-container-inner'><div class='avia-image-overlay-wrap'><img decoding=\"async\" class='wp-image-60808 avia-img-lazy-loading-not-60808 avia_image' src=\"https:\/\/radiorevelacionfm.cl\/wp-content\/uploads\/2025\/10\/Foto-comunidad-y-autoridades-en-calle-que-sera-pavimentada-2-1-1.jpg\" alt='' title='Foto comunidad y autoridades en calle que ser\u00e1 pavimentada (2) (1) (1)' height=\"600\" width=\"900\"  itemprop=\"thumbnailUrl\" srcset=\"https:\/\/radiorevelacionfm.cl\/wp-content\/uploads\/2025\/10\/Foto-comunidad-y-autoridades-en-calle-que-sera-pavimentada-2-1-1.jpg 900w, https:\/\/radiorevelacionfm.cl\/wp-content\/uploads\/2025\/10\/Foto-comunidad-y-autoridades-en-calle-que-sera-pavimentada-2-1-1-300x200.jpg 300w, https:\/\/radiorevelacionfm.cl\/wp-content\/uploads\/2025\/10\/Foto-comunidad-y-autoridades-en-calle-que-sera-pavimentada-2-1-1-768x512.jpg 768w, https:\/\/radiorevelacionfm.cl\/wp-content\/uploads\/2025\/10\/Foto-comunidad-y-autoridades-en-calle-que-sera-pavimentada-2-1-1-705x470.jpg 705w, https:\/\/radiorevelacionfm.cl\/wp-content\/uploads\/2025\/10\/Foto-comunidad-y-autoridades-en-calle-que-sera-pavimentada-2-1-1-450x300.jpg 450w, https:\/\/radiorevelacionfm.cl\/wp-content\/uploads\/2025\/10\/Foto-comunidad-y-autoridades-en-calle-que-sera-pavimentada-2-1-1-600x400.jpg 600w\" sizes=\"(max-width: 900px) 100vw, 900px\" \/><\/div><\/div><\/div><\/div><div class=\"flex_column av_one_full  flex_column_div av-zero-column-padding first  avia-builder-el-2  el_after_av_one_full  el_before_av_one_full  column-top-margin\" style='border-radius:0px; '><section class=\"av_textblock_section \"  itemscope=\"itemscope\" itemtype=\"https:\/\/schema.org\/BlogPosting\" itemprop=\"blogPost\" ><div class='avia_textblock  '   itemprop=\"text\" ><p style=\"text-align: center;\"><strong><span style=\"font-size: 18pt;\">Despu\u00e9s de 14 a\u00f1os el Minvu y Municipio de Lago Verde dieron inicio a nuevas obras de pavimentaci\u00f3n en Villa La Tapera<\/span><\/strong><\/p>\n<div id=\"gtx-trans\" style=\"position: absolute; left: -50px; top: 4.31534px;\">\n<div class=\"gtx-trans-icon\"><\/div>\n<\/div>\n<\/div><\/section><\/div><div class=\"flex_column av_one_full  flex_column_div av-zero-column-padding first  avia-builder-el-4  el_after_av_one_full  el_before_av_hr  column-top-margin\" style='border-radius:0px; '><section class=\"av_textblock_section \"  itemscope=\"itemscope\" itemtype=\"https:\/\/schema.org\/BlogPosting\" itemprop=\"blogPost\" ><div class='avia_textblock  '   itemprop=\"text\" ><p style=\"text-align: justify;\">Con la entusiasta participaci\u00f3n de dirigentes, vecinos y autoridades se desarroll\u00f3 el pasado viernes la ceremonia en que el Ministerio de Vivienda y Urbanismo y el municipio de Lago Verde dieron la partida a nuevas obras de pavimentaci\u00f3n de calles y vedas en Villa La Tapera, localidad ubicada a unos 180 kil\u00f3metros al norte de la capital regional.<\/p>\n<p style=\"text-align: justify;\">Los proyectos se har\u00e1n realidad en el marco del llamado n\u00famero 34 del Programa de Pavimentaci\u00f3n Participativa del Ministerio de Vivienda, el cual se aplica en conjunto con los municipios y que en este caso considera una inversi\u00f3n sectorial que bordea los 700 millones de pesos.<\/p>\n<p style=\"text-align: justify;\">El proyecto ser\u00e1 ejecutado por la empresa constructora Mallines SPA y considera la pavimentaci\u00f3n de algunos tramos de las calles Bernardo O\u2019Higgins, Pascual Figueroa, Los Calafates y Calle Comercio, sumando m\u00e1s de 500 metros lineales de nuevos pavimentos.<\/p>\n<p style=\"text-align: justify;\">El esperado inicio de las obras fue destacado por la Seremi de Vivienda y Urbanismo, Paulina Ruz Delf\u00edn, afirmando que se trata de adelantos que no solo permiten optimizar el desplazamiento de veh\u00edculos y peatones, sino tambi\u00e9n renovar la imagen de la localidad y sobre todo seguir mejorando la vida de los vecinos y vecinas. \u201cComo Ministerio de Vivienda ya hemos pavimentado m\u00e1s del 95% de las calles de la regi\u00f3n gracias a este Programa de Pavimentos Participativos. Son obras urbanas importantes para recuperar espacios p\u00fablicos, pero sobre todo para mejorar la calidad de vida de las familias de las diez comunas de la regi\u00f3n. En el caso de Villa La Tapera, hace m\u00e1s de 10 a\u00f1os que no ten\u00edan un proyecto como este, lo cual genera empleo, pero tambi\u00e9n genera desarrollo y producci\u00f3n para toda la comunidad. Valorar tambi\u00e9n que este es un programa que lleva muchos a\u00f1os en la regi\u00f3n, desde el a\u00f1o 94, generando reactivaci\u00f3n econ\u00f3mica y descentralizaci\u00f3n y de los beneficios del Estado\u201d, precis\u00f3.<\/p>\n<p style=\"text-align: justify;\">La presidenta de la junta de vecinos N\u00b0 2 de Villa La Tapera, Carla Hern\u00e1ndez, valor\u00f3 tambi\u00e9n el inicio del proyecto, destacando que es muy significativo para el presente y el futuro de la localidad. \u201cExcelente, orgullosa por este gran avance que vamos a tener de cuatro calles pavimentadas, orgullosa de poder participar. Yo hab\u00eda estado en la \u00faltima pavimentaci\u00f3n que hubo hace 14 a\u00f1os atr\u00e1s. Fui cocinera de esa empresa, hoy en d\u00eda del otro lado obviamente, siendo dirigente vecinal. As\u00ed que muy orgullosa de recibir a las autoridades aqu\u00ed en nuestra casa, esperando que podamos seguir trabajando y avanzando en el futuro\u201d, manifest\u00f3.<\/p>\n<p style=\"text-align: justify;\">Tambi\u00e9n la Alcaldesa de la comuna de Lago Verde, Claudia Vald\u00e9s V\u00e1squez, expres\u00f3 su satisfacci\u00f3n de ver que el trabajo que realizan rinde frutos para bien de la comunidad. \u201cMuy contenta, muy agradecida de poder estar haciendo la entrega de terreno a la empresa que se adjudic\u00f3 esta importante obra que es la pavimentaci\u00f3n de cuatro calles en la localidad de Villa La Tapera, un convenio con la Seremi de Vivienda y Urbanismo de la regi\u00f3n de Ays\u00e9n. Y la verdad que estas obras son importantes porque nos van a permitir mejorar la calidad de vida de nuestros vecinos, mayor seguridad y tambi\u00e9n ir embelleciendo nuestro pueblo. As\u00ed que muy, muy contenta de la actividad que se realiz\u00f3 hoy y que hace que nuestra comuna vaya desarroll\u00e1ndose y vaya creciendo cada d\u00eda m\u00e1s con obras que son relevantes para nuestras familias\u201d, indic\u00f3.<\/p>\n<p style=\"text-align: justify;\">Tras la entrega de certificados de pavimentaci\u00f3n a la directiva de la Junta de vecinos, los pobladores y autoridades se trasladaron hasta dos de las calles que ser\u00e1n intervenidas, donde firmaron en forma simb\u00f3lica las actas que ratifican el inicio de la intervenci\u00f3n, la que considera un ancho de calzada de 7 metros y una superficie total que supera los 3 mil 500 metros cuadrados de hormig\u00f3n. El proyecto incluye aceras en ambos costados adem\u00e1s de soleras y obras anexas como evacuaci\u00f3n y drenaje de aguas lluvias.<\/p>\n<\/div><\/section><\/div><div  style='height:50px' class='hr hr-invisible   avia-builder-el-6  el_after_av_one_full  el_before_av_social_share '><span class='hr-inner ' ><span class='hr-inner-style'><\/span><\/span><\/div><\/p>\n<div  class='av-social-sharing-box  avia-builder-el-7  el_after_av_hr  el_before_av_hr  '><div class='av-share-box'><h5 class='av-share-link-description av-no-toc '>Compartir esta noticia<\/h5><ul class='av-share-box-list noLightbox'><li class='av-share-link av-social-link-facebook' ><a target=\"_blank\" aria-label=\"Compartir en Facebook\" href='https:\/\/www.facebook.com\/sharer.php?u=https:\/\/radiorevelacionfm.cl\/?p=60807&#038;t=Despu%C3%A9s%20de%2014%20a%C3%B1os%20el%20Minvu%20y%20Municipio%20de%20Lago%20Verde%20dieron%20inicio%20a%20nuevas%20obras%20de%20pavimentaci%C3%B3n%20en%20Villa%20La%20Tapera' aria-hidden='false' data-av_icon='\ue8f3' data-av_iconfont='entypo-fontello' title='' data-avia-related-tooltip='Compartir en Facebook' rel=\"noopener\"><span class='avia_hidden_link_text'>Compartir en Facebook<\/span><\/a><\/li><li class='av-share-link av-social-link-twitter' ><a target=\"_blank\" aria-label=\"Compartir en Twitter\" href='https:\/\/twitter.com\/share?text=Despu%C3%A9s%20de%2014%20a%C3%B1os%20el%20Minvu%20y%20Municipio%20de%20Lago%20Verde%20dieron%20inicio%20a%20nuevas%20obras%20de%20pavimentaci%C3%B3n%20en%20Villa%20La%20Tapera&#038;url=https:\/\/radiorevelacionfm.cl\/?p=60807' aria-hidden='false' data-av_icon='\ue8f1' data-av_iconfont='entypo-fontello' title='' data-avia-related-tooltip='Compartir en Twitter' rel=\"noopener\"><span class='avia_hidden_link_text'>Compartir en Twitter<\/span><\/a><\/li><li class='av-share-link av-social-link-whatsapp' ><a target=\"_blank\" aria-label=\"Compartir en Whatsapp\" href='https:\/\/api.whatsapp.com\/send?text=https:\/\/radiorevelacionfm.cl\/?p=60807' aria-hidden='false' data-av_icon='\uf232' data-av_iconfont='entypo-fontello' title='' data-avia-related-tooltip='Compartir en Whatsapp' rel=\"noopener\"><span class='avia_hidden_link_text'>Compartir en Whatsapp<\/span><\/a><\/li><li class='av-share-link av-social-link-linkedin' ><a target=\"_blank\" aria-label=\"Compartir en LinkedIn\" href='https:\/\/linkedin.com\/shareArticle?mini=true&#038;title=Despu%C3%A9s%20de%2014%20a%C3%B1os%20el%20Minvu%20y%20Municipio%20de%20Lago%20Verde%20dieron%20inicio%20a%20nuevas%20obras%20de%20pavimentaci%C3%B3n%20en%20Villa%20La%20Tapera&#038;url=https:\/\/radiorevelacionfm.cl\/?p=60807' aria-hidden='false' data-av_icon='\ue8fc' data-av_iconfont='entypo-fontello' title='' data-avia-related-tooltip='Compartir en LinkedIn' rel=\"noopener\"><span class='avia_hidden_link_text'>Compartir en LinkedIn<\/span><\/a><\/li><li class='av-share-link av-social-link-mail' ><a  aria-label=\"Compartir por correo\" href='mailto:?subject=Despu%C3%A9s%20de%2014%20a%C3%B1os%20el%20Minvu%20y%20Municipio%20de%20Lago%20Verde%20dieron%20inicio%20a%20nuevas%20obras%20de%20pavimentaci%C3%B3n%20en%20Villa%20La%20Tapera&#038;body=https:\/\/radiorevelacionfm.cl\/?p=60807' aria-hidden='false' data-av_icon='\ue805' data-av_iconfont='entypo-fontello' title='' data-avia-related-tooltip='Compartir por correo'><span class='avia_hidden_link_text'>Compartir por correo<\/span><\/a><\/li><\/ul><\/div><\/div>\n<div  style='height:50px' class='hr hr-invisible   avia-builder-el-8  el_after_av_social_share  el_before_av_comments_list '><span class='hr-inner ' ><span class='hr-inner-style'><\/span><\/span><\/div>\n<div  class='av-buildercomment  av-blog-meta-html-info-disabled av-blog-meta-tag-disabled  '><\/div>\n","protected":false},"excerpt":{"rendered":"","protected":false},"author":1,"featured_media":60808,"comment_status":"closed","ping_status":"closed","sticky":false,"template":"","format":"standard","meta":{"footnotes":""},"categories":[57],"tags":[],"class_list":["post-60807","post","type-post","status-publish","format-standard","has-post-thumbnail","hentry","category-vivienda"],"jetpack_featured_media_url":"https:\/\/radiorevelacionfm.cl\/wp-content\/uploads\/2025\/10\/Foto-comunidad-y-autoridades-en-calle-que-sera-pavimentada-2-1-1.jpg","_links":{"self":[{"href":"https:\/\/radiorevelacionfm.cl\/index.php?rest_route=\/wp\/v2\/posts\/60807","targetHints":{"allow":["GET"]}}],"collection":[{"href":"https:\/\/radiorevelacionfm.cl\/index.php?rest_route=\/wp\/v2\/posts"}],"about":[{"href":"https:\/\/radiorevelacionfm.cl\/index.php?rest_route=\/wp\/v2\/types\/post"}],"author":[{"embeddable":true,"href":"https:\/\/radiorevelacionfm.cl\/index.php?rest_route=\/wp\/v2\/users\/1"}],"replies":[{"embeddable":true,"href":"https:\/\/radiorevelacionfm.cl\/index.php?rest_route=%2Fwp%2Fv2%2Fcomments&post=60807"}],"version-history":[{"count":2,"href":"https:\/\/radiorevelacionfm.cl\/index.php?rest_route=\/wp\/v2\/posts\/60807\/revisions"}],"predecessor-version":[{"id":60810,"href":"https:\/\/radiorevelacionfm.cl\/index.php?rest_route=\/wp\/v2\/posts\/60807\/revisions\/60810"}],"wp:featuredmedia":[{"embeddable":true,"href":"https:\/\/radiorevelacionfm.cl\/index.php?rest_route=\/wp\/v2\/media\/60808"}],"wp:attachment":[{"href":"https:\/\/radiorevelacionfm.cl\/index.php?rest_route=%2Fwp%2Fv2%2Fmedia&parent=60807"}],"wp:term":[{"taxonomy":"category","embeddable":true,"href":"https:\/\/radiorevelacionfm.cl\/index.php?rest_route=%2Fwp%2Fv2%2Fcategories&post=60807"},{"taxonomy":"post_tag","embeddable":true,"href":"https:\/\/radiorevelacionfm.cl\/index.php?rest_route=%2Fwp%2Fv2%2Ftags&post=60807"}],"curies":[{"name":"wp","href":"https:\/\/api.w.org\/{rel}","templated":true}]}}