{"id":60804,"date":"2025-10-27T19:01:43","date_gmt":"2025-10-27T22:01:43","guid":{"rendered":"https:\/\/radiorevelacionfm.cl\/?p=60804"},"modified":"2025-10-27T19:01:43","modified_gmt":"2025-10-27T22:01:43","slug":"gran-interes-del-publico-causo-trencito-ecologico-en-feria-de-sustentabilidad","status":"publish","type":"post","link":"https:\/\/radiorevelacionfm.cl\/?p=60804","title":{"rendered":"Gran inter\u00e9s del p\u00fablico caus\u00f3 trencito ecol\u00f3gico en Feria de Sustentabilidad"},"content":{"rendered":"<div class=\"flex_column av_one_full  flex_column_div av-zero-column-padding first  avia-builder-el-0  el_before_av_one_full  avia-builder-el-first  \" style='border-radius:0px; '><div  class='avia-image-container  av-styling-    avia-builder-el-1  avia-builder-el-no-sibling  avia-align-center '  itemprop=\"image\" itemscope=\"itemscope\" itemtype=\"https:\/\/schema.org\/ImageObject\"  ><div class='avia-image-container-inner'><div class='avia-image-overlay-wrap'><img decoding=\"async\" class='wp-image-60805 avia-img-lazy-loading-not-60805 avia_image' src=\"https:\/\/radiorevelacionfm.cl\/wp-content\/uploads\/2025\/10\/m4-1_optimized-1_optimized.jpg\" alt='' title='m4-(1)_optimized-(1)_optimized' height=\"600\" width=\"1067\"  itemprop=\"thumbnailUrl\" srcset=\"https:\/\/radiorevelacionfm.cl\/wp-content\/uploads\/2025\/10\/m4-1_optimized-1_optimized.jpg 1067w, https:\/\/radiorevelacionfm.cl\/wp-content\/uploads\/2025\/10\/m4-1_optimized-1_optimized-300x169.jpg 300w, https:\/\/radiorevelacionfm.cl\/wp-content\/uploads\/2025\/10\/m4-1_optimized-1_optimized-1030x579.jpg 1030w, https:\/\/radiorevelacionfm.cl\/wp-content\/uploads\/2025\/10\/m4-1_optimized-1_optimized-768x432.jpg 768w, https:\/\/radiorevelacionfm.cl\/wp-content\/uploads\/2025\/10\/m4-1_optimized-1_optimized-705x396.jpg 705w, https:\/\/radiorevelacionfm.cl\/wp-content\/uploads\/2025\/10\/m4-1_optimized-1_optimized-450x253.jpg 450w, https:\/\/radiorevelacionfm.cl\/wp-content\/uploads\/2025\/10\/m4-1_optimized-1_optimized-600x337.jpg 600w\" sizes=\"(max-width: 1067px) 100vw, 1067px\" \/><\/div><\/div><\/div><\/div><div class=\"flex_column av_one_full  flex_column_div av-zero-column-padding first  avia-builder-el-2  el_after_av_one_full  el_before_av_one_full  column-top-margin\" style='border-radius:0px; '><section class=\"av_textblock_section \"  itemscope=\"itemscope\" itemtype=\"https:\/\/schema.org\/BlogPosting\" itemprop=\"blogPost\" ><div class='avia_textblock  '   itemprop=\"text\" ><p style=\"text-align: center;\"><strong><span style=\"font-size: 18pt;\">Gran inter\u00e9s del p\u00fablico caus\u00f3 trencito ecol\u00f3gico en Feria de Sustentabilidad<\/span><\/strong><\/p>\n<div id=\"gtx-trans\" style=\"position: absolute; left: -50px; top: 4.31534px;\">\n<div class=\"gtx-trans-icon\"><\/div>\n<\/div>\n<\/div><\/section><\/div><div class=\"flex_column av_one_full  flex_column_div av-zero-column-padding first  avia-builder-el-4  el_after_av_one_full  el_before_av_hr  column-top-margin\" style='border-radius:0px; '><section class=\"av_textblock_section \"  itemscope=\"itemscope\" itemtype=\"https:\/\/schema.org\/BlogPosting\" itemprop=\"blogPost\" ><div class='avia_textblock  '   itemprop=\"text\" ><p style=\"text-align: justify;\">Hasta el centro de la Plaza de Armas de Coyhaique, arrib\u00f3 desde Puerto Ays\u00e9n, el emblem\u00e1tico trencito\u00a0 ecol\u00f3gico de la empresa de Reciclajes Martino, tras ser invitado a participar de la Feria de Desarrollo Sostenible 2025: \u201cEl futuro se dise\u00f1a hoy\u201d.<\/p>\n<p style=\"text-align: justify;\">Provisto de dos vagones para almacenaje y clasificaci\u00f3n de vidrios, latas, cartones y pl\u00e1stico, el convoy a propulsi\u00f3n el\u00e9ctrica, gener\u00f3 gran expectaci\u00f3n en los ni\u00f1os, j\u00f3venes y adultos que se dieron cita a la actividad organizada por la Mesa Ays\u00e9n de la Pol\u00edtica Nacional de Educaci\u00f3n para el Desarrollo Sostenible.<\/p>\n<p style=\"text-align: justify;\">Los mensajes entregados por la Empresa de Reciclajes Martino buscan fomentar h\u00e1bitos sostenibles en los ni\u00f1os y j\u00f3venes, promoviendo la importancia de cuidar su entorno ambiental.<\/p>\n<p style=\"text-align: justify;\"><strong>Para Yannia P\u00e9rez, Educadora de P\u00e1rvulos del Jard\u00edn infantil \u201cFuturo Austral\u201d, <\/strong>perteneciente al Servicio Local de Educaci\u00f3n P\u00fablica de Coyhaique, la presencia del tren ecol\u00f3gico en la actividad fue de gran relevancia para las ni\u00f1as y ni\u00f1os que asistieron, \u201cporque para ellos es fundamental abordar, desde temprana edad, conceptos como econom\u00eda circular y sostenibilidad, dejando una huella verde en nuestro Planeta. No podemos seguir contaminando ni destruyendo lo que tenemos\u201d, afirm\u00f3 la docente.<\/p>\n<p style=\"text-align: justify;\">El compromiso con la protecci\u00f3n del medio ambiente y la promoci\u00f3n de pr\u00e1cticas sostenibles de la empresa aisenina de reciclaje, fue reconocida tambi\u00e9n por la <strong>Presidente de la Mesa y Encargada del \u00e1rea de Relacionamiento Comunitario de la empresa Aguas Patagonia, Anita Oyarz\u00fan<\/strong>. \u201cNuestro objetivo \u00a0es visibilizar, a trav\u00e9s de esta instancia, a todas las organizaciones p\u00fablicas y privadas de la\u00a0 sociedad\u00a0 civil que convocan a esta Mesa, las cuales contribuyen al desarrollo sostenible. Y en este sentido valoramos la contribuci\u00f3n de la empresa de reciclajes Martino en\u00a0 esta instancia, por\u00a0\u00a0 la labor educativa que realiza, porque educar es el primer\u00a0 paso para desarrollar y la explicaci\u00f3n\u00a0 del proceso de reciclaje es lo que permitir\u00e1 crear en el futuro\u00a0 conciencia ambiental\u201d, subray\u00f3.<\/p>\n<p style=\"text-align: justify;\">El \u201cPunto Limpio\u201d instalado y exhibido temporalmente durante la Feria de Coyhaique, es una r\u00e9plica de los siete puntos limpios y campanas de almacenamiento de vidrio, distribuidos en la comuna de Ays\u00e9n por la Empresa de Reciclajes Martino en un trabajo colaborativo con el municipio local. As\u00ed lo destac\u00f3 la profesional <strong>Encargada de Unidad la Unidad de Medio Ambiente de la Ilustre Municipalidad de Ays\u00e9n, Marcela Matus<\/strong>, quien tambi\u00e9n estuvo presente en la actividad con su stand institucional de paisajismo, medio ambiente y vivero municipal. \u201cHemos realizado un trabajo constante para crear consciencia ambiental junto a la empresa de reciclajes Martino, fomentando la labor educativa en los colegios y con la comunidad en general. Ahora, nuestro prop\u00f3sito es aumentar la cantidad de puntos verdes, distribuidos en la comuna de Ays\u00e9n\u201d.<\/p>\n<p style=\"text-align: justify;\">Desde el rubro salmonero, la empresa Aqua Chile presente en la Feria Sostenible, puso en valor el trabajo mancomunado con la empresa local de reciclaje, principalmente en la promoci\u00f3n educativa que impulsa el trencito ecol\u00f3gico durante sus recorridos por establecimientos educativos y juntas de vecinos. As\u00ed lo destac\u00f3 <strong>Bernardita Lazo, Encargada del \u00c1rea de Comunidades<\/strong>, quien puso \u00e9nfasis en que \u201cpara nosotros ha sido fundamental esta vinculaci\u00f3n con Christian Martino, debido a que nos ha permitido llegar de una forma m\u00e1s amigable a las comunidades vecinas\u00a0 donde nosotros estamos operando hoy d\u00eda, a trav\u00e9s por ejemplo, de la educaci\u00f3n y otras aristas que facilitan el acercamiento con la comunidad, desde las distintas \u00e1reas de nuestra empresa\u201d, puntualiz\u00f3.<\/p>\n<p style=\"text-align: justify;\">El Representante de la Planta de Residuos S\u00f3lidos Inorg\u00e1nicos, Domiciliarios e Industriales de Ays\u00e9n, Christian Martino, indic\u00f3 por su parte que la empresa seguir\u00e1 trabajando en promover la conciencia ambiental, fomentando las pr\u00e1cticas sostenibles en la regi\u00f3n, y su presencia en eventos como la Feria de Sustentabilidad constituyen \u00a0un paso importante en esta direcci\u00f3n. \u201cHemos tenido mucho contacto y participaci\u00f3n con un gran n\u00famero de personas ac\u00e1 en la ciudad de Coyhaique, principalmente con estudiantes de jardines infantiles que se han acercado al trencito ecol\u00f3gico, interesados en conocer nuestro trabajo; eso nos tiene muy contentos para seguir adelante con esta labor,\u00a0 porque ellos son el factor de cambio que necesita nuestro planeta\u201d, sentenci\u00f3.<\/p>\n<p style=\"text-align: justify;\">La Feria de Desarrollo Sostenible se desarroll\u00f3 en el marco del D\u00eda Mundial contra el Cambio Clim\u00e1tico, en la que participaronestablecimientos educacionales, empresas, emprendedores, instituciones p\u00fablicas y organizaciones de la sociedad civil, con proyectos y programas medioambientales.<\/p>\n<\/div><\/section><\/div><div  style='height:50px' class='hr hr-invisible   avia-builder-el-6  el_after_av_one_full  el_before_av_social_share '><span class='hr-inner ' ><span class='hr-inner-style'><\/span><\/span><\/div><\/p>\n<div  class='av-social-sharing-box  avia-builder-el-7  el_after_av_hr  el_before_av_hr  '><div class='av-share-box'><h5 class='av-share-link-description av-no-toc '>Compartir esta noticia<\/h5><ul class='av-share-box-list noLightbox'><li class='av-share-link av-social-link-facebook' ><a target=\"_blank\" aria-label=\"Compartir en Facebook\" href='https:\/\/www.facebook.com\/sharer.php?u=https:\/\/radiorevelacionfm.cl\/?p=60804&#038;t=Gran%20inter%C3%A9s%20del%20p%C3%BAblico%20caus%C3%B3%20trencito%20ecol%C3%B3gico%20en%20Feria%20de%20Sustentabilidad' aria-hidden='false' data-av_icon='\ue8f3' data-av_iconfont='entypo-fontello' title='' data-avia-related-tooltip='Compartir en Facebook' rel=\"noopener\"><span class='avia_hidden_link_text'>Compartir en Facebook<\/span><\/a><\/li><li class='av-share-link av-social-link-twitter' ><a target=\"_blank\" aria-label=\"Compartir en Twitter\" href='https:\/\/twitter.com\/share?text=Gran%20inter%C3%A9s%20del%20p%C3%BAblico%20caus%C3%B3%20trencito%20ecol%C3%B3gico%20en%20Feria%20de%20Sustentabilidad&#038;url=https:\/\/radiorevelacionfm.cl\/?p=60804' aria-hidden='false' data-av_icon='\ue8f1' data-av_iconfont='entypo-fontello' title='' data-avia-related-tooltip='Compartir en Twitter' rel=\"noopener\"><span class='avia_hidden_link_text'>Compartir en Twitter<\/span><\/a><\/li><li class='av-share-link av-social-link-whatsapp' ><a target=\"_blank\" aria-label=\"Compartir en Whatsapp\" href='https:\/\/api.whatsapp.com\/send?text=https:\/\/radiorevelacionfm.cl\/?p=60804' aria-hidden='false' data-av_icon='\uf232' data-av_iconfont='entypo-fontello' title='' data-avia-related-tooltip='Compartir en Whatsapp' rel=\"noopener\"><span class='avia_hidden_link_text'>Compartir en Whatsapp<\/span><\/a><\/li><li class='av-share-link av-social-link-linkedin' ><a target=\"_blank\" aria-label=\"Compartir en LinkedIn\" href='https:\/\/linkedin.com\/shareArticle?mini=true&#038;title=Gran%20inter%C3%A9s%20del%20p%C3%BAblico%20caus%C3%B3%20trencito%20ecol%C3%B3gico%20en%20Feria%20de%20Sustentabilidad&#038;url=https:\/\/radiorevelacionfm.cl\/?p=60804' aria-hidden='false' data-av_icon='\ue8fc' data-av_iconfont='entypo-fontello' title='' data-avia-related-tooltip='Compartir en LinkedIn' rel=\"noopener\"><span class='avia_hidden_link_text'>Compartir en LinkedIn<\/span><\/a><\/li><li class='av-share-link av-social-link-mail' ><a  aria-label=\"Compartir por correo\" href='mailto:?subject=Gran%20inter%C3%A9s%20del%20p%C3%BAblico%20caus%C3%B3%20trencito%20ecol%C3%B3gico%20en%20Feria%20de%20Sustentabilidad&#038;body=https:\/\/radiorevelacionfm.cl\/?p=60804' aria-hidden='false' data-av_icon='\ue805' data-av_iconfont='entypo-fontello' title='' data-avia-related-tooltip='Compartir por correo'><span class='avia_hidden_link_text'>Compartir por correo<\/span><\/a><\/li><\/ul><\/div><\/div>\n<div  style='height:50px' class='hr hr-invisible   avia-builder-el-8  el_after_av_social_share  el_before_av_comments_list '><span class='hr-inner ' ><span class='hr-inner-style'><\/span><\/span><\/div>\n<div  class='av-buildercomment  av-blog-meta-html-info-disabled av-blog-meta-tag-disabled  '><\/div>\n","protected":false},"excerpt":{"rendered":"","protected":false},"author":1,"featured_media":60805,"comment_status":"closed","ping_status":"closed","sticky":false,"template":"","format":"standard","meta":{"footnotes":""},"categories":[38],"tags":[],"class_list":["post-60804","post","type-post","status-publish","format-standard","has-post-thumbnail","hentry","category-regional"],"jetpack_featured_media_url":"https:\/\/radiorevelacionfm.cl\/wp-content\/uploads\/2025\/10\/m4-1_optimized-1_optimized.jpg","_links":{"self":[{"href":"https:\/\/radiorevelacionfm.cl\/index.php?rest_route=\/wp\/v2\/posts\/60804","targetHints":{"allow":["GET"]}}],"collection":[{"href":"https:\/\/radiorevelacionfm.cl\/index.php?rest_route=\/wp\/v2\/posts"}],"about":[{"href":"https:\/\/radiorevelacionfm.cl\/index.php?rest_route=\/wp\/v2\/types\/post"}],"author":[{"embeddable":true,"href":"https:\/\/radiorevelacionfm.cl\/index.php?rest_route=\/wp\/v2\/users\/1"}],"replies":[{"embeddable":true,"href":"https:\/\/radiorevelacionfm.cl\/index.php?rest_route=%2Fwp%2Fv2%2Fcomments&post=60804"}],"version-history":[{"count":2,"href":"https:\/\/radiorevelacionfm.cl\/index.php?rest_route=\/wp\/v2\/posts\/60804\/revisions"}],"predecessor-version":[{"id":60821,"href":"https:\/\/radiorevelacionfm.cl\/index.php?rest_route=\/wp\/v2\/posts\/60804\/revisions\/60821"}],"wp:featuredmedia":[{"embeddable":true,"href":"https:\/\/radiorevelacionfm.cl\/index.php?rest_route=\/wp\/v2\/media\/60805"}],"wp:attachment":[{"href":"https:\/\/radiorevelacionfm.cl\/index.php?rest_route=%2Fwp%2Fv2%2Fmedia&parent=60804"}],"wp:term":[{"taxonomy":"category","embeddable":true,"href":"https:\/\/radiorevelacionfm.cl\/index.php?rest_route=%2Fwp%2Fv2%2Fcategories&post=60804"},{"taxonomy":"post_tag","embeddable":true,"href":"https:\/\/radiorevelacionfm.cl\/index.php?rest_route=%2Fwp%2Fv2%2Ftags&post=60804"}],"curies":[{"name":"wp","href":"https:\/\/api.w.org\/{rel}","templated":true}]}}