{"id":60801,"date":"2025-10-27T20:27:09","date_gmt":"2025-10-27T23:27:09","guid":{"rendered":"https:\/\/radiorevelacionfm.cl\/?p=60801"},"modified":"2025-10-27T20:27:09","modified_gmt":"2025-10-27T23:27:09","slug":"salud-reitera-importancia-del-autocuidado-frente-al-aumento-de-circulacion-viral-por-enfermedades-respiratorias","status":"publish","type":"post","link":"https:\/\/radiorevelacionfm.cl\/?p=60801","title":{"rendered":"Salud reitera importancia del autocuidado frente al aumento de circulaci\u00f3n viral por enfermedades respiratorias"},"content":{"rendered":"<div class=\"flex_column av_one_full  flex_column_div av-zero-column-padding first  avia-builder-el-0  el_before_av_one_full  avia-builder-el-first  \" style='border-radius:0px; '><div  class='avia-image-container  av-styling-    avia-builder-el-1  avia-builder-el-no-sibling  avia-align-center '  itemprop=\"image\" itemscope=\"itemscope\" itemtype=\"https:\/\/schema.org\/ImageObject\"  ><div class='avia-image-container-inner'><div class='avia-image-overlay-wrap'><img decoding=\"async\" class='wp-image-60802 avia-img-lazy-loading-not-60802 avia_image' src=\"https:\/\/radiorevelacionfm.cl\/wp-content\/uploads\/2025\/10\/atencion-pediatria-1-1.jpg\" alt='' title='atenci\u00f3n pediatr\u00eda (1) (1)' height=\"600\" width=\"840\"  itemprop=\"thumbnailUrl\" srcset=\"https:\/\/radiorevelacionfm.cl\/wp-content\/uploads\/2025\/10\/atencion-pediatria-1-1.jpg 840w, https:\/\/radiorevelacionfm.cl\/wp-content\/uploads\/2025\/10\/atencion-pediatria-1-1-300x214.jpg 300w, https:\/\/radiorevelacionfm.cl\/wp-content\/uploads\/2025\/10\/atencion-pediatria-1-1-768x549.jpg 768w, https:\/\/radiorevelacionfm.cl\/wp-content\/uploads\/2025\/10\/atencion-pediatria-1-1-260x185.jpg 260w, https:\/\/radiorevelacionfm.cl\/wp-content\/uploads\/2025\/10\/atencion-pediatria-1-1-705x504.jpg 705w, https:\/\/radiorevelacionfm.cl\/wp-content\/uploads\/2025\/10\/atencion-pediatria-1-1-450x321.jpg 450w, https:\/\/radiorevelacionfm.cl\/wp-content\/uploads\/2025\/10\/atencion-pediatria-1-1-600x429.jpg 600w\" sizes=\"(max-width: 840px) 100vw, 840px\" \/><\/div><\/div><\/div><\/div><div class=\"flex_column av_one_full  flex_column_div av-zero-column-padding first  avia-builder-el-2  el_after_av_one_full  el_before_av_one_full  column-top-margin\" style='border-radius:0px; '><section class=\"av_textblock_section \"  itemscope=\"itemscope\" itemtype=\"https:\/\/schema.org\/BlogPosting\" itemprop=\"blogPost\" ><div class='avia_textblock  '   itemprop=\"text\" ><p style=\"text-align: center;\"><span style=\"font-size: 18pt;\"><strong>Salud reitera importancia del autocuidado frente al aumento de circulaci\u00f3n viral por enfermedades respiratorias<\/strong><\/span><\/p>\n<div id=\"gtx-trans\" style=\"position: absolute; left: -50px; top: 4.31534px;\">\n<div class=\"gtx-trans-icon\"><\/div>\n<\/div>\n<\/div><\/section><\/div><div class=\"flex_column av_one_full  flex_column_div av-zero-column-padding first  avia-builder-el-4  el_after_av_one_full  el_before_av_hr  column-top-margin\" style='border-radius:0px; '><section class=\"av_textblock_section \"  itemscope=\"itemscope\" itemtype=\"https:\/\/schema.org\/BlogPosting\" itemprop=\"blogPost\" ><div class='avia_textblock  '   itemprop=\"text\" ><ul>\n<li style=\"text-align: justify;\"><em>En la \u00faltima semana, el Hospital Regional Coyhaique ha mantenido un promedio de 120 atenciones diarias por enfermedades respiratorias en urgencia pedi\u00e1trica, llegando a superar incluso las 190 atenciones en un solo d\u00eda.<\/em><\/li>\n<li style=\"text-align: justify;\"><em>La red asistencial a\u00fan tiene a disposici\u00f3n de la comunidad la vacuna contra la Influenza, la cual esta disponible en toda la red asistencial de forma gratuita a la poblaci\u00f3n.<\/em><\/li>\n<\/ul>\n<p style=\"text-align: justify;\">En el transcurso de las \u00faltimas semanas, a nivel regional, la red asistencial p\u00fablica de salud a percibido un importante alza en el n\u00famero de consultas m\u00e9dicas por enfermedades respiratorias, principalmente por la circulaci\u00f3n del virus Influenza A; situaci\u00f3n que ha generado una alerta para reforzar las medidas de autocuidado b\u00e1sicas entre la poblaci\u00f3n frente a s\u00edntomas de resfr\u00edo, como la consulta oportuna en centros de salud, el uso de mascarilla, el lavado frecuente de manos y acceder a la vacunaci\u00f3n gratuita contra la Influenza.<\/p>\n<p style=\"text-align: justify;\">La informaci\u00f3n la dio a conocer el epidemi\u00f3logo de la Seremi de Salud, Marco Acu\u00f1a Briones, quien abord\u00f3 el aumento de casos por Influenza A. \u201cLo que est\u00e1 ocurriendo en este momento es bastante inusual, porque estamos teniendo un segundo pick de circulaci\u00f3n de virus Influenza en la comunidad, despu\u00e9s del per\u00edodo invernal. Entonces queremos hacer un llamado a la comunidad para reforzar las medidas de prevenci\u00f3n, porque en la \u00faltima semana hemos tenido reportes de brotes de Influenza en ELEAM, que afecta a adultos mayores, en escuelas, en Guadal, Coyhaique y Puerto Ays\u00e9n, por lo tanto, necesitamos reforzar todas las medidas de prevenci\u00f3n que ya la comunidad las conoce. Es importante se\u00f1alar que hoy d\u00eda solo el Servicio de Urgencias nos est\u00e1 reportando m\u00e1s de 120 consultas diarias por enfermedad respiratoria, y tambi\u00e9n hemos tenido la notificaci\u00f3n de hospitalizaci\u00f3n por neumon\u00eda grave en adultos mayores\u201d.<\/p>\n<p style=\"text-align: justify;\">En este contexto, la Seremi de Salud, Gloria \u00c1guila Schmeisser, recalc\u00f3 la importancia de retomar medidas de autocuidado frente a las enfermedades respiratorias. \u201cEsta semana ha habido un aumento exponencial muy grave, urgencia del hospital regional ha tenido un aumento de consultas especialmente de adultos mayores y ni\u00f1os. Debemos tener mucho cuidado con nuestras familias, cuidarnos del virus de la Influenza A que est\u00e1 circulando, y tambi\u00e9n tenemos que informarle que todav\u00eda contamos con vacunas contra este virus que est\u00e1n disponibles para toda la poblaci\u00f3n en todos los centros de salud que contamos en nuestra regi\u00f3n. Debemos recordar tambi\u00e9n cosas b\u00e1sicas como el lavado de manos frecuente, cubrir la nariz y boca al toser, usar mascarillas si presenta s\u00edntomas de refr\u00edo, ventilar los espacios cerrados de forma rutinaria en la casa abriendo puertas y ventanas para que circule el aire,\u201d puntualiz\u00f3.<\/p>\n<p style=\"text-align: justify;\">De esta forma, se reitera que los centros de salud cuentan con vacuna Influenza disponible para toda la poblaci\u00f3n, adem\u00e1s de recordar la importancia del lavado de mano frecuente con agua y jab\u00f3n; cubrir nariz y boca al toser o estornudar usando el antebrazo o un papel desechable; usar mascarilla si presentas s\u00edntomas de alguna enfermedad respiratoria; ventilar espacios cerrados de forma rutinaria, abriendo puertas y ventanas de lados opuestos para generar ventilaci\u00f3n cruzada.<\/p>\n<\/div><\/section><\/div><div  style='height:50px' class='hr hr-invisible   avia-builder-el-6  el_after_av_one_full  el_before_av_social_share '><span class='hr-inner ' ><span class='hr-inner-style'><\/span><\/span><\/div><\/p>\n<div  class='av-social-sharing-box  avia-builder-el-7  el_after_av_hr  el_before_av_hr  '><div class='av-share-box'><h5 class='av-share-link-description av-no-toc '>Compartir esta noticia<\/h5><ul class='av-share-box-list noLightbox'><li class='av-share-link av-social-link-facebook' ><a target=\"_blank\" aria-label=\"Compartir en Facebook\" href='https:\/\/www.facebook.com\/sharer.php?u=https:\/\/radiorevelacionfm.cl\/?p=60801&#038;t=Salud%20reitera%20importancia%20del%20autocuidado%20frente%20al%20aumento%20de%20circulaci%C3%B3n%20viral%20por%20enfermedades%20respiratorias' aria-hidden='false' data-av_icon='\ue8f3' data-av_iconfont='entypo-fontello' title='' data-avia-related-tooltip='Compartir en Facebook' rel=\"noopener\"><span class='avia_hidden_link_text'>Compartir en Facebook<\/span><\/a><\/li><li class='av-share-link av-social-link-twitter' ><a target=\"_blank\" aria-label=\"Compartir en Twitter\" href='https:\/\/twitter.com\/share?text=Salud%20reitera%20importancia%20del%20autocuidado%20frente%20al%20aumento%20de%20circulaci%C3%B3n%20viral%20por%20enfermedades%20respiratorias&#038;url=https:\/\/radiorevelacionfm.cl\/?p=60801' aria-hidden='false' data-av_icon='\ue8f1' data-av_iconfont='entypo-fontello' title='' data-avia-related-tooltip='Compartir en Twitter' rel=\"noopener\"><span class='avia_hidden_link_text'>Compartir en Twitter<\/span><\/a><\/li><li class='av-share-link av-social-link-whatsapp' ><a target=\"_blank\" aria-label=\"Compartir en Whatsapp\" href='https:\/\/api.whatsapp.com\/send?text=https:\/\/radiorevelacionfm.cl\/?p=60801' aria-hidden='false' data-av_icon='\uf232' data-av_iconfont='entypo-fontello' title='' data-avia-related-tooltip='Compartir en Whatsapp' rel=\"noopener\"><span class='avia_hidden_link_text'>Compartir en Whatsapp<\/span><\/a><\/li><li class='av-share-link av-social-link-linkedin' ><a target=\"_blank\" aria-label=\"Compartir en LinkedIn\" href='https:\/\/linkedin.com\/shareArticle?mini=true&#038;title=Salud%20reitera%20importancia%20del%20autocuidado%20frente%20al%20aumento%20de%20circulaci%C3%B3n%20viral%20por%20enfermedades%20respiratorias&#038;url=https:\/\/radiorevelacionfm.cl\/?p=60801' aria-hidden='false' data-av_icon='\ue8fc' data-av_iconfont='entypo-fontello' title='' data-avia-related-tooltip='Compartir en LinkedIn' rel=\"noopener\"><span class='avia_hidden_link_text'>Compartir en LinkedIn<\/span><\/a><\/li><li class='av-share-link av-social-link-mail' ><a  aria-label=\"Compartir por correo\" href='mailto:?subject=Salud%20reitera%20importancia%20del%20autocuidado%20frente%20al%20aumento%20de%20circulaci%C3%B3n%20viral%20por%20enfermedades%20respiratorias&#038;body=https:\/\/radiorevelacionfm.cl\/?p=60801' aria-hidden='false' data-av_icon='\ue805' data-av_iconfont='entypo-fontello' title='' data-avia-related-tooltip='Compartir por correo'><span class='avia_hidden_link_text'>Compartir por correo<\/span><\/a><\/li><\/ul><\/div><\/div>\n<div  style='height:50px' class='hr hr-invisible   avia-builder-el-8  el_after_av_social_share  el_before_av_comments_list '><span class='hr-inner ' ><span class='hr-inner-style'><\/span><\/span><\/div>\n<div  class='av-buildercomment  av-blog-meta-html-info-disabled av-blog-meta-tag-disabled  '><\/div>\n","protected":false},"excerpt":{"rendered":"","protected":false},"author":1,"featured_media":60802,"comment_status":"closed","ping_status":"closed","sticky":false,"template":"","format":"standard","meta":{"footnotes":""},"categories":[46],"tags":[],"class_list":["post-60801","post","type-post","status-publish","format-standard","has-post-thumbnail","hentry","category-salud"],"jetpack_featured_media_url":"https:\/\/radiorevelacionfm.cl\/wp-content\/uploads\/2025\/10\/atencion-pediatria-1-1.jpg","_links":{"self":[{"href":"https:\/\/radiorevelacionfm.cl\/index.php?rest_route=\/wp\/v2\/posts\/60801","targetHints":{"allow":["GET"]}}],"collection":[{"href":"https:\/\/radiorevelacionfm.cl\/index.php?rest_route=\/wp\/v2\/posts"}],"about":[{"href":"https:\/\/radiorevelacionfm.cl\/index.php?rest_route=\/wp\/v2\/types\/post"}],"author":[{"embeddable":true,"href":"https:\/\/radiorevelacionfm.cl\/index.php?rest_route=\/wp\/v2\/users\/1"}],"replies":[{"embeddable":true,"href":"https:\/\/radiorevelacionfm.cl\/index.php?rest_route=%2Fwp%2Fv2%2Fcomments&post=60801"}],"version-history":[{"count":2,"href":"https:\/\/radiorevelacionfm.cl\/index.php?rest_route=\/wp\/v2\/posts\/60801\/revisions"}],"predecessor-version":[{"id":60825,"href":"https:\/\/radiorevelacionfm.cl\/index.php?rest_route=\/wp\/v2\/posts\/60801\/revisions\/60825"}],"wp:featuredmedia":[{"embeddable":true,"href":"https:\/\/radiorevelacionfm.cl\/index.php?rest_route=\/wp\/v2\/media\/60802"}],"wp:attachment":[{"href":"https:\/\/radiorevelacionfm.cl\/index.php?rest_route=%2Fwp%2Fv2%2Fmedia&parent=60801"}],"wp:term":[{"taxonomy":"category","embeddable":true,"href":"https:\/\/radiorevelacionfm.cl\/index.php?rest_route=%2Fwp%2Fv2%2Fcategories&post=60801"},{"taxonomy":"post_tag","embeddable":true,"href":"https:\/\/radiorevelacionfm.cl\/index.php?rest_route=%2Fwp%2Fv2%2Ftags&post=60801"}],"curies":[{"name":"wp","href":"https:\/\/api.w.org\/{rel}","templated":true}]}}