{"id":60794,"date":"2025-10-27T15:43:55","date_gmt":"2025-10-27T18:43:55","guid":{"rendered":"https:\/\/radiorevelacionfm.cl\/?p=60794"},"modified":"2025-10-27T15:43:55","modified_gmt":"2025-10-27T18:43:55","slug":"corte-de-coyhaique-condena-a-servicio-de-salud-y-hospital-regional-por-intercambio-de-recien-nacidas-en-1980","status":"publish","type":"post","link":"https:\/\/radiorevelacionfm.cl\/?p=60794","title":{"rendered":"Corte de Coyhaique condena a Servicio de Salud y Hospital Regional por intercambio de reci\u00e9n nacidas en 1980"},"content":{"rendered":"<div class=\"flex_column av_one_full  flex_column_div av-zero-column-padding first  avia-builder-el-0  el_before_av_one_full  avia-builder-el-first  \" style='border-radius:0px; '><div  class='avia-image-container  av-styling-    avia-builder-el-1  avia-builder-el-no-sibling  avia-align-center '  itemprop=\"image\" itemscope=\"itemscope\" itemtype=\"https:\/\/schema.org\/ImageObject\"  ><div class='avia-image-container-inner'><div class='avia-image-overlay-wrap'><img decoding=\"async\" class='wp-image-24003 avia-img-lazy-loading-not-24003 avia_image' src=\"https:\/\/radiorevelacionfm.cl\/wp-content\/uploads\/2022\/11\/hospital-regional-coyhaique-1_optimized.jpg\" alt='' title='hospital-regional-coyhaique-(1)_optimized' height=\"600\" width=\"906\"  itemprop=\"thumbnailUrl\" srcset=\"https:\/\/radiorevelacionfm.cl\/wp-content\/uploads\/2022\/11\/hospital-regional-coyhaique-1_optimized.jpg 906w, https:\/\/radiorevelacionfm.cl\/wp-content\/uploads\/2022\/11\/hospital-regional-coyhaique-1_optimized-300x199.jpg 300w, https:\/\/radiorevelacionfm.cl\/wp-content\/uploads\/2022\/11\/hospital-regional-coyhaique-1_optimized-768x509.jpg 768w, https:\/\/radiorevelacionfm.cl\/wp-content\/uploads\/2022\/11\/hospital-regional-coyhaique-1_optimized-705x467.jpg 705w, https:\/\/radiorevelacionfm.cl\/wp-content\/uploads\/2022\/11\/hospital-regional-coyhaique-1_optimized-600x397.jpg 600w\" sizes=\"(max-width: 906px) 100vw, 906px\" \/><\/div><\/div><\/div><\/div><div class=\"flex_column av_one_full  flex_column_div av-zero-column-padding first  avia-builder-el-2  el_after_av_one_full  el_before_av_one_full  column-top-margin\" style='border-radius:0px; '><section class=\"av_textblock_section \"  itemscope=\"itemscope\" itemtype=\"https:\/\/schema.org\/BlogPosting\" itemprop=\"blogPost\" ><div class='avia_textblock  '   itemprop=\"text\" ><p style=\"text-align: center;\"><span style=\"font-size: 18pt;\"><b>Corte de Coyhaique condena a Servicio de Salud y Hospital Regional por intercambio de reci\u00e9n nacidas en 1980<\/b><\/span><\/p>\n<div id=\"gtx-trans\" style=\"position: absolute; left: -50px; top: 4.31534px;\">\n<div class=\"gtx-trans-icon\"><\/div>\n<\/div>\n<\/div><\/section><\/div><div class=\"flex_column av_one_full  flex_column_div av-zero-column-padding first  avia-builder-el-4  el_after_av_one_full  el_before_av_hr  column-top-margin\" style='border-radius:0px; '><section class=\"av_textblock_section \"  itemscope=\"itemscope\" itemtype=\"https:\/\/schema.org\/BlogPosting\" itemprop=\"blogPost\" ><div class='avia_textblock  '   itemprop=\"text\" ><p style=\"font-weight: 400; text-align: justify;\">La Corte de Apelaciones de Coyhaique confirm\u00f3 \u2013con rebaja de montos\u2013 la sentencia que conden\u00f3 al Servicio de Salud de Ays\u00e9n y al Hospital Regional de Coyhaique a indemnizar a las familias afectadas por el intercambio de reci\u00e9n nacidas en 1980, tras establecer la falta de servicio de los demandados.<\/p>\n<p style=\"font-weight: 400; text-align: justify;\">En fallo un\u00e1nime, la Primera Sala del tribunal de alzada \u2013integrada por los ministros Pedro Castro, Jos\u00e9 Ignacio Mora y Natalia Rencoret\u2013 rechaz\u00f3 los recursos interpuestos por el Consejo de Defensa del Estado, en representaci\u00f3n del Hospital Regional, y confirm\u00f3 la resoluci\u00f3n dictada por el Primer Juzgado de Letras de Coyhaique, con declaraci\u00f3n que se rebajan los montos indemnizatorios en proporci\u00f3n al da\u00f1o acreditado por cada uno de los demandantes.<\/p>\n<p style=\"font-weight: 400; text-align: justify;\">\u201cQue, en consecuencia, esta Corte, coincidiendo con el sentenciador del grado, en cuanto a la \u00e9poca fijada como fecha cierta para dar inicio al c\u00f3mputo del plazo de prescripci\u00f3n liberatoria, esto es, el d\u00eda 15 de junio del a\u00f1o 2022, data en que los demandantes tomaron conocimiento de los hechos que provocan el da\u00f1o reclamado y la fecha notificaci\u00f3n de la demanda, el d\u00eda 7 de junio del a\u00f1o 2023, no ha transcurrido el plazo exigido por el art\u00edculo 2332, del C\u00f3digo Civil, para declarar prescrita la acci\u00f3n impetrada, por lo que no cabe sino desestimar el recurso en este punto\u201d, consigna el fallo.<\/p>\n<p style=\"font-weight: 400; text-align: justify;\">La resoluci\u00f3n agrega que: \u201c(\u2026) en el caso concreto resulta n\u00edtido que el hecho da\u00f1oso ha sido causado por la acci\u00f3n del Hospital Regional de Coyhaique, como se advierte del motivo vig\u00e9simo del fallo impugnado al establecer: \u2018\u2026 los defectos en el procedimiento de identificaci\u00f3n de reci\u00e9n nacidos y la ausencia de un protocolo estandarizado y seguro para tal fin, demuestra un claro alejamiento del est\u00e1ndar hipot\u00e9tico normal de funcionamiento, y la inadecuaci\u00f3n de los actos desplegados por el personal del Hospital conforme a dicho est\u00e1ndar, lo que trajo como consecuencia una patente anormalidad en el resultado, pues dos reci\u00e9n nacidos fueron entregados err\u00f3neamente a personas distintas de sus padres biol\u00f3gicos, como ha sido fehacientemente acreditado con los ex\u00e1menes de ADN aludidos en el considerando Duod\u00e9cimo de esta sentencia\u201d.<\/p>\n<p style=\"font-weight: 400; text-align: justify;\">En cuanto a los demandantes la Corte confirm\u00f3 la existencia del da\u00f1o moral reclamado, manteniendo las indemnizaciones otorgadas a las demandantes directas del hecho y redujo las sumas ordenadas a pagar a otros recurrentes de la causa.<\/p>\n<p style=\"font-weight: 400; text-align: justify;\">Por tanto, se resuelve que:<\/p>\n<p style=\"font-weight: 400; text-align: justify;\">\u201cI.- Que\u00a0<strong>SE RECHAZA<\/strong>\u00a0la excepci\u00f3n de prescripci\u00f3n extintiva opuesta Paulo G\u00f3mez Canales, abogado procurador fiscal de Coyhaique, del Consejo de Defensa del Estado, en representaci\u00f3n del Hospital Regional de Coyhaique, en esta instancia.<\/p>\n<p style=\"font-weight: 400; text-align: justify;\">II.-Que\u00a0<strong>SE REVOCA<\/strong>, la sentencia definitiva dictada con fecha 29 de abril de 2025, por el juez subrogante del Primer Juzgado de Letras de Coyhaique, Jos\u00e9 Briones Escobar solo en cuanto condena al pago de las costas a la parte demandada y, en su lugar, se decide que la demandada goza de privilegio de pobreza, por lo que se acceder\u00e1 a eximirla de costas;<\/p>\n<p style=\"font-weight: 400; text-align: justify;\">III.- Que\u00a0<strong>SE CONFIRMA<\/strong>, sin costas, la referida sentencia, por la cual se acoge la demanda interpuesta por Marcos Gallegos Rodr\u00edguez, abogado en representaci\u00f3n de Mar\u00eda del Tr\u00e1nsito Aguilar Barrientos, Juan Hern\u00e1n Barr\u00eda Burgos, Margot Edith Barr\u00eda Aguilar, Luisa Ester Millar Jaramillo, Carlos Agust\u00edn Pruessing Millar y Jessica Ester Pruessing Millar, en contra del \u00a0Servicio de Salud de Ays\u00e9n del General Carlos Ib\u00e1\u00f1ez del Campo y el Hospital Regional de Coyhaique,\u00a0CON DECLARACI\u00d3N\u00a0que las sumas ordenadas pagar a los demandantes Mar\u00eda del Tr\u00e1nsito Aguilar Barrientos, Juan Hern\u00e1n Barr\u00eda Burgos y Luisa Ester Millar Jaramillo, se rebaja a la suma de $180.000.000 (ciento ochenta millones de pesos), para cada uno de ellos, y respecto del demandante Carlos Agust\u00edn Pruessing Millar se rebaja a la suma de $1.000.000 (un mill\u00f3n de pesos).<\/p>\n<p style=\"font-weight: 400; text-align: justify;\">IV.-Que los montos indicados anteriormente ganar\u00e1n intereses y reajustes conforme a la variaci\u00f3n que experimente el IPC, en ambos casos desde que la sentencia se encuentre ejecutoriada, determin\u00e1ndose mediante liquidaci\u00f3n que se realice en su oportunidad\u201d.<\/p>\n<\/div><\/section><\/div><div  style='height:50px' class='hr hr-invisible   avia-builder-el-6  el_after_av_one_full  el_before_av_social_share '><span class='hr-inner ' ><span class='hr-inner-style'><\/span><\/span><\/div><\/p>\n<div  class='av-social-sharing-box  avia-builder-el-7  el_after_av_hr  el_before_av_hr  '><div class='av-share-box'><h5 class='av-share-link-description av-no-toc '>Compartir esta noticia<\/h5><ul class='av-share-box-list noLightbox'><li class='av-share-link av-social-link-facebook' ><a target=\"_blank\" aria-label=\"Compartir en Facebook\" href='https:\/\/www.facebook.com\/sharer.php?u=https:\/\/radiorevelacionfm.cl\/?p=60794&#038;t=Corte%20de%20Coyhaique%20condena%20a%20Servicio%20de%20Salud%20y%20Hospital%20Regional%20por%20intercambio%20de%20reci%C3%A9n%20nacidas%20en%201980' aria-hidden='false' data-av_icon='\ue8f3' data-av_iconfont='entypo-fontello' title='' data-avia-related-tooltip='Compartir en Facebook' rel=\"noopener\"><span class='avia_hidden_link_text'>Compartir en Facebook<\/span><\/a><\/li><li class='av-share-link av-social-link-twitter' ><a target=\"_blank\" aria-label=\"Compartir en Twitter\" href='https:\/\/twitter.com\/share?text=Corte%20de%20Coyhaique%20condena%20a%20Servicio%20de%20Salud%20y%20Hospital%20Regional%20por%20intercambio%20de%20reci%C3%A9n%20nacidas%20en%201980&#038;url=https:\/\/radiorevelacionfm.cl\/?p=60794' aria-hidden='false' data-av_icon='\ue8f1' data-av_iconfont='entypo-fontello' title='' data-avia-related-tooltip='Compartir en Twitter' rel=\"noopener\"><span class='avia_hidden_link_text'>Compartir en Twitter<\/span><\/a><\/li><li class='av-share-link av-social-link-whatsapp' ><a target=\"_blank\" aria-label=\"Compartir en Whatsapp\" href='https:\/\/api.whatsapp.com\/send?text=https:\/\/radiorevelacionfm.cl\/?p=60794' aria-hidden='false' data-av_icon='\uf232' data-av_iconfont='entypo-fontello' title='' data-avia-related-tooltip='Compartir en Whatsapp' rel=\"noopener\"><span class='avia_hidden_link_text'>Compartir en Whatsapp<\/span><\/a><\/li><li class='av-share-link av-social-link-linkedin' ><a target=\"_blank\" aria-label=\"Compartir en LinkedIn\" href='https:\/\/linkedin.com\/shareArticle?mini=true&#038;title=Corte%20de%20Coyhaique%20condena%20a%20Servicio%20de%20Salud%20y%20Hospital%20Regional%20por%20intercambio%20de%20reci%C3%A9n%20nacidas%20en%201980&#038;url=https:\/\/radiorevelacionfm.cl\/?p=60794' aria-hidden='false' data-av_icon='\ue8fc' data-av_iconfont='entypo-fontello' title='' data-avia-related-tooltip='Compartir en LinkedIn' rel=\"noopener\"><span class='avia_hidden_link_text'>Compartir en LinkedIn<\/span><\/a><\/li><li class='av-share-link av-social-link-mail' ><a  aria-label=\"Compartir por correo\" href='mailto:?subject=Corte%20de%20Coyhaique%20condena%20a%20Servicio%20de%20Salud%20y%20Hospital%20Regional%20por%20intercambio%20de%20reci%C3%A9n%20nacidas%20en%201980&#038;body=https:\/\/radiorevelacionfm.cl\/?p=60794' aria-hidden='false' data-av_icon='\ue805' data-av_iconfont='entypo-fontello' title='' data-avia-related-tooltip='Compartir por correo'><span class='avia_hidden_link_text'>Compartir por correo<\/span><\/a><\/li><\/ul><\/div><\/div>\n<div  style='height:50px' class='hr hr-invisible   avia-builder-el-8  el_after_av_social_share  el_before_av_comments_list '><span class='hr-inner ' ><span class='hr-inner-style'><\/span><\/span><\/div>\n<div  class='av-buildercomment  av-blog-meta-html-info-disabled av-blog-meta-tag-disabled  '><\/div>\n","protected":false},"excerpt":{"rendered":"","protected":false},"author":1,"featured_media":24003,"comment_status":"closed","ping_status":"closed","sticky":false,"template":"","format":"standard","meta":{"footnotes":""},"categories":[55],"tags":[],"class_list":["post-60794","post","type-post","status-publish","format-standard","has-post-thumbnail","hentry","category-justicia"],"jetpack_featured_media_url":"https:\/\/radiorevelacionfm.cl\/wp-content\/uploads\/2022\/11\/hospital-regional-coyhaique-1_optimized.jpg","_links":{"self":[{"href":"https:\/\/radiorevelacionfm.cl\/index.php?rest_route=\/wp\/v2\/posts\/60794","targetHints":{"allow":["GET"]}}],"collection":[{"href":"https:\/\/radiorevelacionfm.cl\/index.php?rest_route=\/wp\/v2\/posts"}],"about":[{"href":"https:\/\/radiorevelacionfm.cl\/index.php?rest_route=\/wp\/v2\/types\/post"}],"author":[{"embeddable":true,"href":"https:\/\/radiorevelacionfm.cl\/index.php?rest_route=\/wp\/v2\/users\/1"}],"replies":[{"embeddable":true,"href":"https:\/\/radiorevelacionfm.cl\/index.php?rest_route=%2Fwp%2Fv2%2Fcomments&post=60794"}],"version-history":[{"count":2,"href":"https:\/\/radiorevelacionfm.cl\/index.php?rest_route=\/wp\/v2\/posts\/60794\/revisions"}],"predecessor-version":[{"id":60796,"href":"https:\/\/radiorevelacionfm.cl\/index.php?rest_route=\/wp\/v2\/posts\/60794\/revisions\/60796"}],"wp:featuredmedia":[{"embeddable":true,"href":"https:\/\/radiorevelacionfm.cl\/index.php?rest_route=\/wp\/v2\/media\/24003"}],"wp:attachment":[{"href":"https:\/\/radiorevelacionfm.cl\/index.php?rest_route=%2Fwp%2Fv2%2Fmedia&parent=60794"}],"wp:term":[{"taxonomy":"category","embeddable":true,"href":"https:\/\/radiorevelacionfm.cl\/index.php?rest_route=%2Fwp%2Fv2%2Fcategories&post=60794"},{"taxonomy":"post_tag","embeddable":true,"href":"https:\/\/radiorevelacionfm.cl\/index.php?rest_route=%2Fwp%2Fv2%2Ftags&post=60794"}],"curies":[{"name":"wp","href":"https:\/\/api.w.org\/{rel}","templated":true}]}}