{"id":60791,"date":"2025-10-27T15:25:36","date_gmt":"2025-10-27T18:25:36","guid":{"rendered":"https:\/\/radiorevelacionfm.cl\/?p=60791"},"modified":"2025-10-27T15:25:36","modified_gmt":"2025-10-27T18:25:36","slug":"se-viene-este-fin-de-semana-largo-quinta-version-de-triatlon-reto-tehuelche-de-puerto-guadal","status":"publish","type":"post","link":"https:\/\/radiorevelacionfm.cl\/?p=60791","title":{"rendered":"Se viene este fin de semana largo quinta versi\u00f3n de Triatl\u00f3n \u201cReto Tehuelche\u201d de Puerto Guadal"},"content":{"rendered":"<div class=\"flex_column av_one_full  flex_column_div av-zero-column-padding first  avia-builder-el-0  el_before_av_one_full  avia-builder-el-first  \" style='border-radius:0px; '><div  class='avia-image-container  av-styling-    avia-builder-el-1  avia-builder-el-no-sibling  avia-align-center '  itemprop=\"image\" itemscope=\"itemscope\" itemtype=\"https:\/\/schema.org\/ImageObject\"  ><div class='avia-image-container-inner'><div class='avia-image-overlay-wrap'><img decoding=\"async\" class='wp-image-59278 avia-img-lazy-loading-not-59278 avia_image' src=\"https:\/\/radiorevelacionfm.cl\/wp-content\/uploads\/2025\/09\/Foto-Reto-Tehuelche-2024-00004-1-1.jpg\" alt='' title='Foto Reto Tehuelche 2024 -00004 (1) (1)' height=\"600\" width=\"800\"  itemprop=\"thumbnailUrl\" srcset=\"https:\/\/radiorevelacionfm.cl\/wp-content\/uploads\/2025\/09\/Foto-Reto-Tehuelche-2024-00004-1-1.jpg 800w, https:\/\/radiorevelacionfm.cl\/wp-content\/uploads\/2025\/09\/Foto-Reto-Tehuelche-2024-00004-1-1-300x225.jpg 300w, https:\/\/radiorevelacionfm.cl\/wp-content\/uploads\/2025\/09\/Foto-Reto-Tehuelche-2024-00004-1-1-768x576.jpg 768w, https:\/\/radiorevelacionfm.cl\/wp-content\/uploads\/2025\/09\/Foto-Reto-Tehuelche-2024-00004-1-1-705x529.jpg 705w, https:\/\/radiorevelacionfm.cl\/wp-content\/uploads\/2025\/09\/Foto-Reto-Tehuelche-2024-00004-1-1-450x338.jpg 450w, https:\/\/radiorevelacionfm.cl\/wp-content\/uploads\/2025\/09\/Foto-Reto-Tehuelche-2024-00004-1-1-600x450.jpg 600w\" sizes=\"(max-width: 800px) 100vw, 800px\" \/><\/div><\/div><\/div><\/div><div class=\"flex_column av_one_full  flex_column_div av-zero-column-padding first  avia-builder-el-2  el_after_av_one_full  el_before_av_one_full  column-top-margin\" style='border-radius:0px; '><section class=\"av_textblock_section \"  itemscope=\"itemscope\" itemtype=\"https:\/\/schema.org\/BlogPosting\" itemprop=\"blogPost\" ><div class='avia_textblock  '   itemprop=\"text\" ><p style=\"text-align: center;\"><strong><span style=\"font-size: 18pt;\">Se viene este fin de semana largo quinta versi\u00f3n de Triatl\u00f3n \u201cReto Tehuelche\u201d de Puerto Guadal<\/span><\/strong><\/p>\n<div id=\"gtx-trans\" style=\"position: absolute; left: -50px; top: 4.31534px;\">\n<div class=\"gtx-trans-icon\"><\/div>\n<\/div>\n<\/div><\/section><\/div><div class=\"flex_column av_one_full  flex_column_div av-zero-column-padding first  avia-builder-el-4  el_after_av_one_full  el_before_av_hr  column-top-margin\" style='border-radius:0px; '><section class=\"av_textblock_section \"  itemscope=\"itemscope\" itemtype=\"https:\/\/schema.org\/BlogPosting\" itemprop=\"blogPost\" ><div class='avia_textblock  '   itemprop=\"text\" ><p style=\"font-weight: 400; text-align: justify;\"><em>Una de las actividades especiales ser\u00e1 el taller gratuito de fieltro \u201cFiguritas\u201d, organizado por la Agrupaci\u00f3n de Artesanas ArteChelenko de Puerto Guadal.<\/em><\/p>\n<p style=\"font-weight: 400; text-align: justify;\">Este <i><span lang=\"ES-TRAD\">s\u00e1bado 1 de noviembre <\/span><\/i>se desarrollar\u00e1 una nueva versi\u00f3n del <a href=\"https:\/\/www.instagram.com\/p\/DQQGQD1kUJR\/\" data-saferedirecturl=\"https:\/\/www.google.com\/url?q=https:\/\/www.instagram.com\/p\/DQQGQD1kUJR\/&amp;source=gmail&amp;ust=1761668134621000&amp;usg=AOvVaw2Z8kLGigWApB8DPx1N25Ic\">Triatl\u00f3n \u201cReto Tehuelche\u201d<\/a>, que por quinta vez organiza AG de Turismo de Puerto Guadal. La actividad se enmarca en el lanzamiento de la temporada tur\u00edstica de la localidad, con el apoyo de socios de la organizaci\u00f3n, vecinos, empresarios del rubro y la Municipalidad de Chile Chico, con recursos del Gobierno Regional de Ays\u00e9n.<\/p>\n<p style=\"font-weight: 400; text-align: justify;\">Como en ocasiones anteriores, el \u201cReto Tehuelche\u201d combinar\u00e1 trayectos por el lago General Carrera, monta\u00f1as y valles de los alrededores de Puerto Guadal. Se trata de 40 kil\u00f3metros que deber\u00e1n sortear los participantes, poniendo a prueba su resistencia y t\u00e9cnica: kayak (6,8 km aprox.), bicicleta (16,8 km aprox.) y trote (14,9 km aprox.).<\/p>\n<p style=\"font-weight: 400; text-align: justify;\">En el caso del tramo en kayak y como una forma de estandarizar las posibilidades de lo\/as participantes, s\u00f3lo se podr\u00e1 competir con el equipamiento facilitado por la organizaci\u00f3n (kayak, remos y chalecos salvavidas). En el caso de la bicicleta, cada corredor deber\u00e1 usar la propia.<\/p>\n<p style=\"font-weight: 400; text-align: justify;\">La premiaci\u00f3n contemplar\u00e1 est\u00edmulos para los tres primeros lugares de cada una de las categor\u00edas, en una ceremonia que se materializar\u00e1 al concluir la competencia que se desarrollar\u00e1 el s\u00e1bado 1 de noviembre.<\/p>\n<p style=\"font-weight: 400; text-align: justify;\">Desde la AG de Turismo invitaron a los visitantes a concurrir a Puerto Guadal este s\u00e1bado 1 de noviembre, para no s\u00f3lo alentar a las y los competidores, tambi\u00e9n para concurrir a la feria de emprendedores a cargo de productores y productoras locales que se instalar\u00e1 en el \u00e1rea de la meta. Adem\u00e1s, el cocinero regional Jos\u00e9 Gonz\u00e1lez (Manos de la Monta\u00f1a) har\u00e1 una presentaci\u00f3n de cocina en vivo para los asistentes, con una vaquilla aportada por la Municipalidad de Chile Chico.<\/p>\n<p style=\"font-weight: 400; text-align: justify;\"><strong>Programa oficial<\/strong><\/p>\n<p style=\"font-weight: 400; text-align: justify;\">La\u00a0<strong>partida<\/strong>\u00a0de los competidores est\u00e1 contemplada para las 09:30 hrs. en el sector del muelle. A las 10:00 hrs., en tanto, est\u00e1 contemplada la instalaci\u00f3n de la\u00a0<strong>feria de artesan\u00edas, gastronom\u00eda regional y espacios familiares<\/strong>, con relato de la competencia en tiempo real en la playa Las Rocas.<\/p>\n<p style=\"font-weight: 400; text-align: justify;\">Se espera que los primeros competidores\u00a0<strong>arriben<\/strong>\u00a0a la meta a las 12:45 hrs.<\/p>\n<p style=\"font-weight: 400; text-align: justify;\">Un hecho novedoso con respecto a las versiones anteriores ser\u00e1 la llegada de los ciclistas participantes de la traves\u00eda \u201c<strong>Maravillas del Chelenko<\/strong>\u201d.<\/p>\n<p style=\"font-weight: 400; text-align: justify;\">Desde las 15:00 hrs. se presentar\u00e1 el\u00a0<strong>artista local V\u00edctor San Mart\u00edn<\/strong>, mientras se dispone el asado popular con una vaquilla al palo para todos los asistentes.<\/p>\n<p style=\"font-weight: 400; text-align: justify;\">La ceremonia de\u00a0<strong>premiaci\u00f3n<\/strong>\u00a0ser\u00e1 a las 16:30 hrs., mientras que el\u00a0<strong>cierre de la competencia<\/strong>\u00a0est\u00e1 contemplado para las 17:00 hrs, con el m\u00fasico local Carlitech.<\/p>\n<p style=\"font-weight: 400; text-align: justify;\">Para las 21:30 hrs. se ha organizado un\u00a0<strong>show musical bailable<\/strong>\u00a0amenizado por\u00a0<strong>\u201cLos Cumpas de Coyhaique\u201d<\/strong>\u00a0y el\u00a0<strong>\u201cGrupo Many Many\u201d<\/strong>, en el gimnasio de Puerto Guadal.<\/p>\n<p style=\"font-weight: 400; text-align: justify;\"><strong>Taller de fieltro \u201cFiguritas\u201d<\/strong><\/p>\n<p style=\"font-weight: 400; text-align: justify;\">En el marco del \u201cReto Tehuelche\u201d, la Agrupaci\u00f3n de Artesanas ArteChelenko est\u00e1 convocando al taller de fieltro \u201cFiguritas\u201d.<\/p>\n<p style=\"font-weight: 400; text-align: justify;\">La capacitaci\u00f3n, gratuita, estar\u00e1 a cargo de la monitora Claudia Collao, y se segmentar\u00e1 en dos grupos. Durante la ma\u00f1ana para ni\u00f1o\/as, de 11:00 a 13:00 hrs.; en la tarde para adulto\/as, de 15 a 17 hrs. Todo en el sector de Playa Las Rocas.<\/p>\n<p style=\"font-weight: 400; text-align: justify;\">\u201c<em>Como agrupaci\u00f3n local de artesanas ArteChelenko estamos s\u00faper felices con esta actividad, ya que no solamente estaremos presentes en la feria productiva de ese d\u00eda, sino que con una acci\u00f3n concreta podremos acercar a la comunidad a algunos usos de la lana, producto local tan noble y abundante que a veces no sabemos valorar<\/em>\u201d se\u00f1al\u00f3 Josefina Ruiz, socia de la organizaci\u00f3n y una de las impulsoras del taller. \u201c<em>Esperamos que especialmente j\u00f3venes se interesen y participen y as\u00ed podamos seguir traspasando estos oficios a futuras generaciones<\/em>\u201d puntualiz\u00f3.<\/p>\n<p style=\"font-weight: 400; text-align: justify;\">Esta iniciativa es apoyada por el Programa Estrat\u00e9gico de Turismo (PER) Ays\u00e9n, iniciativa de CORFO con financiamiento del Gobierno Regional de Ays\u00e9n. Adem\u00e1s, forma parte de una coordinaci\u00f3n impulsada por la Corporaci\u00f3n Chelenko, de la cual es parte ArteChelenko, con el fin de articular los distintos lanzamientos de temporada tur\u00edstica en la cuenca del lago General Carrera como parte de una visi\u00f3n territorial com\u00fan.<\/p>\n<p style=\"font-weight: 400; text-align: justify;\">Las personas interesadas se pueden inscribir y solicitar m\u00e1s informaci\u00f3n al tel\u00e9fono +56 9 5770 1108.<\/p>\n<\/div><\/section><\/div><div  style='height:50px' class='hr hr-invisible   avia-builder-el-6  el_after_av_one_full  el_before_av_social_share '><span class='hr-inner ' ><span class='hr-inner-style'><\/span><\/span><\/div><\/p>\n<div  class='av-social-sharing-box  avia-builder-el-7  el_after_av_hr  el_before_av_hr  '><div class='av-share-box'><h5 class='av-share-link-description av-no-toc '>Compartir esta noticia<\/h5><ul class='av-share-box-list noLightbox'><li class='av-share-link av-social-link-facebook' ><a target=\"_blank\" aria-label=\"Compartir en Facebook\" href='https:\/\/www.facebook.com\/sharer.php?u=https:\/\/radiorevelacionfm.cl\/?p=60791&#038;t=Se%20viene%20este%20fin%20de%20semana%20largo%20quinta%20versi%C3%B3n%20de%20Triatl%C3%B3n%20%E2%80%9CReto%20Tehuelche%E2%80%9D%20de%20Puerto%20Guadal' aria-hidden='false' data-av_icon='\ue8f3' data-av_iconfont='entypo-fontello' title='' data-avia-related-tooltip='Compartir en Facebook' rel=\"noopener\"><span class='avia_hidden_link_text'>Compartir en Facebook<\/span><\/a><\/li><li class='av-share-link av-social-link-twitter' ><a target=\"_blank\" aria-label=\"Compartir en Twitter\" href='https:\/\/twitter.com\/share?text=Se%20viene%20este%20fin%20de%20semana%20largo%20quinta%20versi%C3%B3n%20de%20Triatl%C3%B3n%20%E2%80%9CReto%20Tehuelche%E2%80%9D%20de%20Puerto%20Guadal&#038;url=https:\/\/radiorevelacionfm.cl\/?p=60791' aria-hidden='false' data-av_icon='\ue8f1' data-av_iconfont='entypo-fontello' title='' data-avia-related-tooltip='Compartir en Twitter' rel=\"noopener\"><span class='avia_hidden_link_text'>Compartir en Twitter<\/span><\/a><\/li><li class='av-share-link av-social-link-whatsapp' ><a target=\"_blank\" aria-label=\"Compartir en Whatsapp\" href='https:\/\/api.whatsapp.com\/send?text=https:\/\/radiorevelacionfm.cl\/?p=60791' aria-hidden='false' data-av_icon='\uf232' data-av_iconfont='entypo-fontello' title='' data-avia-related-tooltip='Compartir en Whatsapp' rel=\"noopener\"><span class='avia_hidden_link_text'>Compartir en Whatsapp<\/span><\/a><\/li><li class='av-share-link av-social-link-linkedin' ><a target=\"_blank\" aria-label=\"Compartir en LinkedIn\" href='https:\/\/linkedin.com\/shareArticle?mini=true&#038;title=Se%20viene%20este%20fin%20de%20semana%20largo%20quinta%20versi%C3%B3n%20de%20Triatl%C3%B3n%20%E2%80%9CReto%20Tehuelche%E2%80%9D%20de%20Puerto%20Guadal&#038;url=https:\/\/radiorevelacionfm.cl\/?p=60791' aria-hidden='false' data-av_icon='\ue8fc' data-av_iconfont='entypo-fontello' title='' data-avia-related-tooltip='Compartir en LinkedIn' rel=\"noopener\"><span class='avia_hidden_link_text'>Compartir en LinkedIn<\/span><\/a><\/li><li class='av-share-link av-social-link-mail' ><a  aria-label=\"Compartir por correo\" href='mailto:?subject=Se%20viene%20este%20fin%20de%20semana%20largo%20quinta%20versi%C3%B3n%20de%20Triatl%C3%B3n%20%E2%80%9CReto%20Tehuelche%E2%80%9D%20de%20Puerto%20Guadal&#038;body=https:\/\/radiorevelacionfm.cl\/?p=60791' aria-hidden='false' data-av_icon='\ue805' data-av_iconfont='entypo-fontello' title='' data-avia-related-tooltip='Compartir por correo'><span class='avia_hidden_link_text'>Compartir por correo<\/span><\/a><\/li><\/ul><\/div><\/div>\n<div  style='height:50px' class='hr hr-invisible   avia-builder-el-8  el_after_av_social_share  el_before_av_comments_list '><span class='hr-inner ' ><span class='hr-inner-style'><\/span><\/span><\/div>\n<div  class='av-buildercomment  av-blog-meta-html-info-disabled av-blog-meta-tag-disabled  '><\/div>\n","protected":false},"excerpt":{"rendered":"","protected":false},"author":1,"featured_media":59278,"comment_status":"closed","ping_status":"closed","sticky":false,"template":"","format":"standard","meta":{"footnotes":""},"categories":[38],"tags":[],"class_list":["post-60791","post","type-post","status-publish","format-standard","has-post-thumbnail","hentry","category-regional"],"jetpack_featured_media_url":"https:\/\/radiorevelacionfm.cl\/wp-content\/uploads\/2025\/09\/Foto-Reto-Tehuelche-2024-00004-1-1.jpg","_links":{"self":[{"href":"https:\/\/radiorevelacionfm.cl\/index.php?rest_route=\/wp\/v2\/posts\/60791","targetHints":{"allow":["GET"]}}],"collection":[{"href":"https:\/\/radiorevelacionfm.cl\/index.php?rest_route=\/wp\/v2\/posts"}],"about":[{"href":"https:\/\/radiorevelacionfm.cl\/index.php?rest_route=\/wp\/v2\/types\/post"}],"author":[{"embeddable":true,"href":"https:\/\/radiorevelacionfm.cl\/index.php?rest_route=\/wp\/v2\/users\/1"}],"replies":[{"embeddable":true,"href":"https:\/\/radiorevelacionfm.cl\/index.php?rest_route=%2Fwp%2Fv2%2Fcomments&post=60791"}],"version-history":[{"count":2,"href":"https:\/\/radiorevelacionfm.cl\/index.php?rest_route=\/wp\/v2\/posts\/60791\/revisions"}],"predecessor-version":[{"id":60793,"href":"https:\/\/radiorevelacionfm.cl\/index.php?rest_route=\/wp\/v2\/posts\/60791\/revisions\/60793"}],"wp:featuredmedia":[{"embeddable":true,"href":"https:\/\/radiorevelacionfm.cl\/index.php?rest_route=\/wp\/v2\/media\/59278"}],"wp:attachment":[{"href":"https:\/\/radiorevelacionfm.cl\/index.php?rest_route=%2Fwp%2Fv2%2Fmedia&parent=60791"}],"wp:term":[{"taxonomy":"category","embeddable":true,"href":"https:\/\/radiorevelacionfm.cl\/index.php?rest_route=%2Fwp%2Fv2%2Fcategories&post=60791"},{"taxonomy":"post_tag","embeddable":true,"href":"https:\/\/radiorevelacionfm.cl\/index.php?rest_route=%2Fwp%2Fv2%2Ftags&post=60791"}],"curies":[{"name":"wp","href":"https:\/\/api.w.org\/{rel}","templated":true}]}}