{"id":60782,"date":"2025-10-27T11:09:56","date_gmt":"2025-10-27T14:09:56","guid":{"rendered":"https:\/\/radiorevelacionfm.cl\/?p=60782"},"modified":"2025-10-27T11:09:56","modified_gmt":"2025-10-27T14:09:56","slug":"establecimientos-educacionales-que-seran-locales-de-votacion-se-entregaran-el-viernes-14-de-noviembre-a-partir-de-las-1700-horas","status":"publish","type":"post","link":"https:\/\/radiorevelacionfm.cl\/?p=60782","title":{"rendered":"Establecimientos educacionales que ser\u00e1n locales de votaci\u00f3n se entregar\u00e1n el viernes 14 de noviembre a partir de las 17:00 horas"},"content":{"rendered":"<div class=\"flex_column av_one_full  flex_column_div av-zero-column-padding first  avia-builder-el-0  el_before_av_one_full  avia-builder-el-first  \" style='border-radius:0px; '><div  class='avia-image-container  av-styling-    avia-builder-el-1  avia-builder-el-no-sibling  avia-align-center '  itemprop=\"image\" itemscope=\"itemscope\" itemtype=\"https:\/\/schema.org\/ImageObject\"  ><div class='avia-image-container-inner'><div class='avia-image-overlay-wrap'><img decoding=\"async\" class='wp-image-60783 avia-img-lazy-loading-not-60783 avia_image' src=\"https:\/\/radiorevelacionfm.cl\/wp-content\/uploads\/2025\/10\/locales-votacion1-1-1_optimized-1.jpeg\" alt='' title='locales-votacion1-(1)-(1)_optimized (1)' height=\"600\" width=\"1067\"  itemprop=\"thumbnailUrl\" srcset=\"https:\/\/radiorevelacionfm.cl\/wp-content\/uploads\/2025\/10\/locales-votacion1-1-1_optimized-1.jpeg 1067w, https:\/\/radiorevelacionfm.cl\/wp-content\/uploads\/2025\/10\/locales-votacion1-1-1_optimized-1-300x169.jpeg 300w, https:\/\/radiorevelacionfm.cl\/wp-content\/uploads\/2025\/10\/locales-votacion1-1-1_optimized-1-1030x579.jpeg 1030w, https:\/\/radiorevelacionfm.cl\/wp-content\/uploads\/2025\/10\/locales-votacion1-1-1_optimized-1-768x432.jpeg 768w, https:\/\/radiorevelacionfm.cl\/wp-content\/uploads\/2025\/10\/locales-votacion1-1-1_optimized-1-705x396.jpeg 705w, https:\/\/radiorevelacionfm.cl\/wp-content\/uploads\/2025\/10\/locales-votacion1-1-1_optimized-1-450x253.jpeg 450w, https:\/\/radiorevelacionfm.cl\/wp-content\/uploads\/2025\/10\/locales-votacion1-1-1_optimized-1-600x337.jpeg 600w\" sizes=\"(max-width: 1067px) 100vw, 1067px\" \/><\/div><\/div><\/div><\/div><div class=\"flex_column av_one_full  flex_column_div av-zero-column-padding first  avia-builder-el-2  el_after_av_one_full  el_before_av_one_full  column-top-margin\" style='border-radius:0px; '><section class=\"av_textblock_section \"  itemscope=\"itemscope\" itemtype=\"https:\/\/schema.org\/BlogPosting\" itemprop=\"blogPost\" ><div class='avia_textblock  '   itemprop=\"text\" ><p style=\"text-align: center;\"><strong><span style=\"font-size: 18pt;\">Establecimientos educacionales que ser\u00e1n locales de votaci\u00f3n se entregar\u00e1n el viernes 14 de noviembre a partir de las 17:00 horas<\/span><\/strong><\/p>\n<div id=\"gtx-trans\" style=\"position: absolute; left: -50px; top: 4.31534px;\">\n<div class=\"gtx-trans-icon\"><\/div>\n<\/div>\n<\/div><\/section><\/div><div class=\"flex_column av_one_full  flex_column_div av-zero-column-padding first  avia-builder-el-4  el_after_av_one_full  el_before_av_hr  column-top-margin\" style='border-radius:0px; '><section class=\"av_textblock_section \"  itemscope=\"itemscope\" itemtype=\"https:\/\/schema.org\/BlogPosting\" itemprop=\"blogPost\" ><div class='avia_textblock  '   itemprop=\"text\" ><ul style=\"font-weight: 400;\">\n<li style=\"text-align: justify;\"><em>Para estas Elecciones Presidenciales y Parlamentarias 2025, el Ministerio de Educaci\u00f3n envi\u00f3 las orientaciones a los Seremis de Educaci\u00f3n el martes 21 de octubre.<\/em><\/li>\n<li style=\"text-align: justify;\"><em>Los establecimientos ser\u00e1n devueltos por las fuerzas de orden el domingo 16 de noviembre en la noche, para asegurar el retorno normal a clases el lunes 17 de noviembre.<\/em><\/li>\n<\/ul>\n<p style=\"font-weight: 400; text-align: justify;\">Como parte de la coordinaci\u00f3n en el marco de los procesos eleccionarios, el Ministerio de Educaci\u00f3n inform\u00f3 a las Secretar\u00edas Regionales Ministeriales de Educaci\u00f3n de todo el pa\u00eds, mediante el oficio N\u00b0924, enviado el martes 21 de octubre, las indicaciones necesarias para la correcta implementaci\u00f3n de las disposiciones vinculadas al uso de establecimientos educacionales como locales de votaci\u00f3n. El viernes 24 de octubre, la informaci\u00f3n fue reiterada\u00a0<a href=\"https:\/\/escolar.mineduc.cl\/wp-content\/uploads\/sites\/107\/2025\/10\/OFICIO_ELECCIONES.pdf\" data-saferedirecturl=\"https:\/\/www.google.com\/url?q=https:\/\/escolar.mineduc.cl\/wp-content\/uploads\/sites\/107\/2025\/10\/OFICIO_ELECCIONES.pdf&amp;source=gmail&amp;ust=1761658346924000&amp;usg=AOvVaw1bz4s3U0nZFUpt21m9gnxk\">en el oficio 05\/3266 enviado desde la Divisi\u00f3n de Educaci\u00f3n General<\/a>\u00a0a los sostenedores.<\/p>\n<p>El documento se\u00f1ala que, de acuerdo con la informaci\u00f3n entregada por el Servicio Electoral (SERVEL) y el Ministerio del Interior, y conforme a la normativa vigente, se ha establecido lo siguiente para asegurar el normal desarrollo del proceso electoral:<\/p>\n<ol style=\"text-align: justify;\">\n<li style=\"font-weight: 400;\"><strong>Entrega de establecimientos y continuidad escolar:\u00a0<\/strong>Los establecimientos escolares designados como locales de votaci\u00f3n ser\u00e1n entregados a las fuerzas encargadas del orden p\u00fablico el\u00a0<strong>viernes 14 de noviembre a partir de las 17:00 horas<\/strong>. Hasta ese horario, las actividades educativas se desarrollar\u00e1n\u00a0<strong>con normalidad<\/strong>, sin requerir la suspensi\u00f3n de clases. Las Fuerzas Armadas y Carabineros permanecer\u00e1n en los establecimientos desde ese momento hasta el cierre de las funciones electorales, o hasta el t\u00e9rmino de la labor de los Colegios Escrutadores, seg\u00fan corresponda.<\/li>\n<\/ol>\n<p style=\"font-weight: 400; text-align: justify;\">La decisi\u00f3n de entregar los establecimientos en la tarde del viernes se sustenta en:<\/p>\n<ul style=\"font-weight: 400; text-align: justify;\">\n<li><strong>Evitar la p\u00e9rdida de clases:\u00a0<\/strong>Es fundamental que los procesos de ense\u00f1anza y aprendizaje sean lo m\u00e1s regulares y sistem\u00e1ticos posibles. Una semana escolar con un d\u00eda menos afecta no solo por la p\u00e9rdida de esa jornada, sino tambi\u00e9n porque la recuperaci\u00f3n del ritmo escolar no es instant\u00e1nea, requiere tiempo.<\/li>\n<\/ul>\n<ul style=\"font-weight: 400; text-align: justify;\">\n<li><strong>Reactivaci\u00f3n:<\/strong>\u00a0desde el t\u00e9rmino de la pandemia, el Ministerio de Educaci\u00f3n ha desarrollado diversas iniciativas tendientes a recuperar los porcentajes de asistencia establecidos como condiciones para el aprendizaje, as\u00ed como tambi\u00e9n revincular a estudiantes que como consecuencia del fen\u00f3meno vivido dejaron de asistir a un establecimiento escolar.<\/li>\n<\/ul>\n<ul style=\"font-weight: 400; text-align: justify;\">\n<li><strong>Alimentaci\u00f3n escolar:<\/strong>\u00a0cada d\u00eda de clases se reparten alrededor de 3.100.000 de raciones alimenticias. Muchas familias organizan sus prepuestos considerando esta situaci\u00f3n, es decir, tienen incorporado a su gasto solo la alimentaci\u00f3n de la tarde.<\/li>\n<\/ul>\n<ol style=\"text-align: justify;\" start=\"2\">\n<li style=\"font-weight: 400;\"><strong>Ingreso y custodia de materiales electorales:\u00a0<\/strong>El viernes 14 de noviembre a las 09:00 horas, el delegado electoral y dos custodios militares ingresar\u00e1n a los establecimientos educacionales para recibir y custodiar los materiales del proceso. Para ello, los recintos educativos deber\u00e1n habilitar una o dos salas destinadas al acopio, en coordinaci\u00f3n con el delegado electoral. La custodia de los materiales estar\u00e1 a cargo de los custodios militares, uno de los cuales actuar\u00e1 como jefe del local de votaci\u00f3n, responsable de resguardar el orden y la transparencia del proceso.<strong>\u00a0<\/strong><\/li>\n<li style=\"font-weight: 400;\"><strong>Retorno a clases:\u00a0<\/strong>Los establecimientos ser\u00e1n devueltos por las fuerzas de orden el domingo 16 de noviembre en la noche, adopt\u00e1ndose las medidas necesarias de higiene y orden para asegurar el\u00a0<strong>retorno normal a clases el lunes 17 de noviembre<\/strong>.<strong>\u00a0<\/strong><\/li>\n<li style=\"font-weight: 400;\"><strong>Casos excepcionales:\u00a0<\/strong>En los establecimientos definidos como locales escrutadores, las situaciones particulares deber\u00e1n ser resueltas a nivel local, asegurando siempre la continuidad del servicio educativo y disponiendo de los espacios necesarios para el funcionamiento de los miembros de los Colegios Escrutadores. Si alg\u00fan sostenedor solicita la suspensi\u00f3n de clases, dicha solicitud deber\u00e1 tramitarse conforme a la normativa vigente, incluyendo la correspondiente recuperaci\u00f3n de clases.<\/li>\n<\/ol>\n<p style=\"font-weight: 400; text-align: justify;\">Estas medidas responden a una articulaci\u00f3n entre distintas instituciones del Estado para garantizar un proceso eleccionario seguro y transparente, junto con velar por el resguardo y continuidad del proceso educativo de las comunidades que se mantienen en clases, de acuerdo con lo establecido en su calendario escolar regional.<\/p>\n<\/div><\/section><\/div><div  style='height:50px' class='hr hr-invisible   avia-builder-el-6  el_after_av_one_full  el_before_av_social_share '><span class='hr-inner ' ><span class='hr-inner-style'><\/span><\/span><\/div><\/p>\n<div  class='av-social-sharing-box  avia-builder-el-7  el_after_av_hr  el_before_av_hr  '><div class='av-share-box'><h5 class='av-share-link-description av-no-toc '>Compartir esta noticia<\/h5><ul class='av-share-box-list noLightbox'><li class='av-share-link av-social-link-facebook' ><a target=\"_blank\" aria-label=\"Compartir en Facebook\" href='https:\/\/www.facebook.com\/sharer.php?u=https:\/\/radiorevelacionfm.cl\/?p=60782&#038;t=Establecimientos%20educacionales%20que%20ser%C3%A1n%20locales%20de%20votaci%C3%B3n%20se%20entregar%C3%A1n%20el%20viernes%2014%20de%20noviembre%20a%20partir%20de%20las%2017%3A00%20horas' aria-hidden='false' data-av_icon='\ue8f3' data-av_iconfont='entypo-fontello' title='' data-avia-related-tooltip='Compartir en Facebook' rel=\"noopener\"><span class='avia_hidden_link_text'>Compartir en Facebook<\/span><\/a><\/li><li class='av-share-link av-social-link-twitter' ><a target=\"_blank\" aria-label=\"Compartir en Twitter\" href='https:\/\/twitter.com\/share?text=Establecimientos%20educacionales%20que%20ser%C3%A1n%20locales%20de%20votaci%C3%B3n%20se%20entregar%C3%A1n%20el%20viernes%2014%20de%20noviembre%20a%20partir%20de%20las%2017%3A00%20horas&#038;url=https:\/\/radiorevelacionfm.cl\/?p=60782' aria-hidden='false' data-av_icon='\ue8f1' data-av_iconfont='entypo-fontello' title='' data-avia-related-tooltip='Compartir en Twitter' rel=\"noopener\"><span class='avia_hidden_link_text'>Compartir en Twitter<\/span><\/a><\/li><li class='av-share-link av-social-link-whatsapp' ><a target=\"_blank\" aria-label=\"Compartir en Whatsapp\" href='https:\/\/api.whatsapp.com\/send?text=https:\/\/radiorevelacionfm.cl\/?p=60782' aria-hidden='false' data-av_icon='\uf232' data-av_iconfont='entypo-fontello' title='' data-avia-related-tooltip='Compartir en Whatsapp' rel=\"noopener\"><span class='avia_hidden_link_text'>Compartir en Whatsapp<\/span><\/a><\/li><li class='av-share-link av-social-link-linkedin' ><a target=\"_blank\" aria-label=\"Compartir en LinkedIn\" href='https:\/\/linkedin.com\/shareArticle?mini=true&#038;title=Establecimientos%20educacionales%20que%20ser%C3%A1n%20locales%20de%20votaci%C3%B3n%20se%20entregar%C3%A1n%20el%20viernes%2014%20de%20noviembre%20a%20partir%20de%20las%2017%3A00%20horas&#038;url=https:\/\/radiorevelacionfm.cl\/?p=60782' aria-hidden='false' data-av_icon='\ue8fc' data-av_iconfont='entypo-fontello' title='' data-avia-related-tooltip='Compartir en LinkedIn' rel=\"noopener\"><span class='avia_hidden_link_text'>Compartir en LinkedIn<\/span><\/a><\/li><li class='av-share-link av-social-link-mail' ><a  aria-label=\"Compartir por correo\" href='mailto:?subject=Establecimientos%20educacionales%20que%20ser%C3%A1n%20locales%20de%20votaci%C3%B3n%20se%20entregar%C3%A1n%20el%20viernes%2014%20de%20noviembre%20a%20partir%20de%20las%2017%3A00%20horas&#038;body=https:\/\/radiorevelacionfm.cl\/?p=60782' aria-hidden='false' data-av_icon='\ue805' data-av_iconfont='entypo-fontello' title='' data-avia-related-tooltip='Compartir por correo'><span class='avia_hidden_link_text'>Compartir por correo<\/span><\/a><\/li><\/ul><\/div><\/div>\n<div  style='height:50px' class='hr hr-invisible   avia-builder-el-8  el_after_av_social_share  el_before_av_comments_list '><span class='hr-inner ' ><span class='hr-inner-style'><\/span><\/span><\/div>\n<div  class='av-buildercomment  av-blog-meta-html-info-disabled av-blog-meta-tag-disabled  '><\/div>\n","protected":false},"excerpt":{"rendered":"","protected":false},"author":1,"featured_media":60783,"comment_status":"closed","ping_status":"closed","sticky":false,"template":"","format":"standard","meta":{"footnotes":""},"categories":[49],"tags":[],"class_list":["post-60782","post","type-post","status-publish","format-standard","has-post-thumbnail","hentry","category-educacion"],"jetpack_featured_media_url":"https:\/\/radiorevelacionfm.cl\/wp-content\/uploads\/2025\/10\/locales-votacion1-1-1_optimized-1.jpeg","_links":{"self":[{"href":"https:\/\/radiorevelacionfm.cl\/index.php?rest_route=\/wp\/v2\/posts\/60782","targetHints":{"allow":["GET"]}}],"collection":[{"href":"https:\/\/radiorevelacionfm.cl\/index.php?rest_route=\/wp\/v2\/posts"}],"about":[{"href":"https:\/\/radiorevelacionfm.cl\/index.php?rest_route=\/wp\/v2\/types\/post"}],"author":[{"embeddable":true,"href":"https:\/\/radiorevelacionfm.cl\/index.php?rest_route=\/wp\/v2\/users\/1"}],"replies":[{"embeddable":true,"href":"https:\/\/radiorevelacionfm.cl\/index.php?rest_route=%2Fwp%2Fv2%2Fcomments&post=60782"}],"version-history":[{"count":2,"href":"https:\/\/radiorevelacionfm.cl\/index.php?rest_route=\/wp\/v2\/posts\/60782\/revisions"}],"predecessor-version":[{"id":60785,"href":"https:\/\/radiorevelacionfm.cl\/index.php?rest_route=\/wp\/v2\/posts\/60782\/revisions\/60785"}],"wp:featuredmedia":[{"embeddable":true,"href":"https:\/\/radiorevelacionfm.cl\/index.php?rest_route=\/wp\/v2\/media\/60783"}],"wp:attachment":[{"href":"https:\/\/radiorevelacionfm.cl\/index.php?rest_route=%2Fwp%2Fv2%2Fmedia&parent=60782"}],"wp:term":[{"taxonomy":"category","embeddable":true,"href":"https:\/\/radiorevelacionfm.cl\/index.php?rest_route=%2Fwp%2Fv2%2Fcategories&post=60782"},{"taxonomy":"post_tag","embeddable":true,"href":"https:\/\/radiorevelacionfm.cl\/index.php?rest_route=%2Fwp%2Fv2%2Ftags&post=60782"}],"curies":[{"name":"wp","href":"https:\/\/api.w.org\/{rel}","templated":true}]}}