{"id":60778,"date":"2025-10-27T10:58:31","date_gmt":"2025-10-27T13:58:31","guid":{"rendered":"https:\/\/radiorevelacionfm.cl\/?p=60778"},"modified":"2025-10-27T10:58:31","modified_gmt":"2025-10-27T13:58:31","slug":"con-reconocimientos-se-celebro-el-dia-de-la-mujer-rural-en-chile-chico","status":"publish","type":"post","link":"https:\/\/radiorevelacionfm.cl\/?p=60778","title":{"rendered":"Con reconocimientos se celebr\u00f3 el D\u00eda de la Mujer Rural en Chile Chico"},"content":{"rendered":"<div class=\"flex_column av_one_full  flex_column_div av-zero-column-padding first  avia-builder-el-0  el_before_av_one_full  avia-builder-el-first  \" style='border-radius:0px; '><div  class='avia-image-container  av-styling-    avia-builder-el-1  avia-builder-el-no-sibling  avia-align-center '  itemprop=\"image\" itemscope=\"itemscope\" itemtype=\"https:\/\/schema.org\/ImageObject\"  ><div class='avia-image-container-inner'><div class='avia-image-overlay-wrap'><img decoding=\"async\" class='wp-image-60779 avia-img-lazy-loading-not-60779 avia_image' src=\"https:\/\/radiorevelacionfm.cl\/wp-content\/uploads\/2025\/10\/feria-mujer-rural-4-1_optimized-1.jpeg\" alt='' title='feria-mujer-rural-(4)-(1)_optimized (1)' height=\"600\" width=\"1067\"  itemprop=\"thumbnailUrl\" srcset=\"https:\/\/radiorevelacionfm.cl\/wp-content\/uploads\/2025\/10\/feria-mujer-rural-4-1_optimized-1.jpeg 1067w, https:\/\/radiorevelacionfm.cl\/wp-content\/uploads\/2025\/10\/feria-mujer-rural-4-1_optimized-1-300x169.jpeg 300w, https:\/\/radiorevelacionfm.cl\/wp-content\/uploads\/2025\/10\/feria-mujer-rural-4-1_optimized-1-1030x579.jpeg 1030w, https:\/\/radiorevelacionfm.cl\/wp-content\/uploads\/2025\/10\/feria-mujer-rural-4-1_optimized-1-768x432.jpeg 768w, https:\/\/radiorevelacionfm.cl\/wp-content\/uploads\/2025\/10\/feria-mujer-rural-4-1_optimized-1-705x396.jpeg 705w, https:\/\/radiorevelacionfm.cl\/wp-content\/uploads\/2025\/10\/feria-mujer-rural-4-1_optimized-1-450x253.jpeg 450w, https:\/\/radiorevelacionfm.cl\/wp-content\/uploads\/2025\/10\/feria-mujer-rural-4-1_optimized-1-600x337.jpeg 600w\" sizes=\"(max-width: 1067px) 100vw, 1067px\" \/><\/div><\/div><\/div><\/div><div class=\"flex_column av_one_full  flex_column_div av-zero-column-padding first  avia-builder-el-2  el_after_av_one_full  el_before_av_one_full  column-top-margin\" style='border-radius:0px; '><section class=\"av_textblock_section \"  itemscope=\"itemscope\" itemtype=\"https:\/\/schema.org\/BlogPosting\" itemprop=\"blogPost\" ><div class='avia_textblock  '   itemprop=\"text\" ><p style=\"text-align: center;\"><strong><span style=\"font-size: 18pt;\">Con reconocimientos se celebr\u00f3 el D\u00eda de la Mujer Rural en Chile Chico <\/span><\/strong><\/p>\n<div id=\"gtx-trans\" style=\"position: absolute; left: -50px; top: 4.31534px;\">\n<div class=\"gtx-trans-icon\"><\/div>\n<\/div>\n<\/div><\/section><\/div><div class=\"flex_column av_one_full  flex_column_div av-zero-column-padding first  avia-builder-el-4  el_after_av_one_full  el_before_av_hr  column-top-margin\" style='border-radius:0px; '><section class=\"av_textblock_section \"  itemscope=\"itemscope\" itemtype=\"https:\/\/schema.org\/BlogPosting\" itemprop=\"blogPost\" ><div class='avia_textblock  '   itemprop=\"text\" ><p style=\"text-align: justify;\">En una jornada marcada por la el reconocimiento al trabajo de las mujeres del campo, se celebr\u00f3 este s\u00e1bado 25 de octubre la Feria del D\u00eda de la Mujer Rural en la sede de la Asociaci\u00f3n Gremial de Chacareros y Ganaderos Lago General Carrera, en Chile Chico.<\/p>\n<p style=\"text-align: justify;\">La actividad, organizada por la Delegaci\u00f3n Presidencial Provincial de General Carrera en conjunto con la AG, busc\u00f3 visibilizar el aporte de las mujeres rurales al desarrollo local y fortalecer el v\u00ednculo entre productoras, emprendedoras y vecinas de la comuna.<\/p>\n<p style=\"text-align: justify;\">Durante la jornada, las asistentes disfrutaron de exposiciones sobre agroecolog\u00eda, espacios de conversaci\u00f3n y muestras de productos locales. La m\u00fasica estuvo a cargo del grupo \u201cLos Demetrios\u201d con un amplio repertorio de folkl\u00f3rico que anim\u00f3 al p\u00fablico y las expositoras.<\/p>\n<p style=\"text-align: justify;\">Para finalizar, se entreg\u00f3 un diploma de reconocimiento y un \u00e1rbol donado por CONAF a todas las participantes como muestra de agradecimiento por la labor que realizan d\u00eda a d\u00eda, aportando a nuestra seguridad alimentaria y mantener nuestra tradici\u00f3n rural.<\/p>\n<p style=\"text-align: justify;\">El encuentro fue valorado por las asistentes, quienes destacaron el espacio \u201cMaravilloso, yo lo encuentro lo m\u00e1ximo esto\u201d se\u00f1al\u00f3 Yolanda Alarc\u00f3n, presidenta de la AG de Chacareros y Ganaderos Lago General Carrera, agrando que \u201cpor muchos a\u00f1os hemos estado bastante no vistas, no nos ve\u00edan las autoridades y hoy d\u00eda que nos vean, que se junten con nosotros para hacer esto lo encuentro maravilloso. Estimula, levanta el \u00e1nimo sentirse tomada en cuenta, considerada mujer, maravilloso, muy bueno\u201d cerr\u00f3 la dirigenta chilechiquense<\/p>\n<p style=\"text-align: justify;\">Por su parte Crist\u00f3bal Barcel\u00f3, Delegado Presidencial Provincial de General Carrera sostuvo que \u201cEs importante reconocer, es importante poner en valor todo el trabajo, el esfuerzo que ellas realizan y hoy lo estuvimos as\u00ed destacando en esta feria en conjunto que organiza la AG de Chile Chico y nosotros apoyando desde la Delegaci\u00f3n para que se realice una actividad que sea agradable, una actividad entretenida, pero adem\u00e1s que contin\u00fae poniendo en valor el trabajo que ellas desarrollan\u201d reflexion\u00f3 la m\u00e1xima autoridad provincial.<\/p>\n<p style=\"text-align: justify;\">De esta forma desde la <strong>Delegaci\u00f3n Presidencial Provincial de General Carrera<\/strong> se reafirm\u00f3 el compromiso del <strong>Gobierno de Chile<\/strong> con las mujeres rurales, impulsando iniciativas que promuevan su desarrollo productivo, autonom\u00eda econ\u00f3mica y participaci\u00f3n activa en los territorios.<\/p>\n<\/div><\/section><\/div><div  style='height:50px' class='hr hr-invisible   avia-builder-el-6  el_after_av_one_full  el_before_av_social_share '><span class='hr-inner ' ><span class='hr-inner-style'><\/span><\/span><\/div><\/p>\n<div  class='av-social-sharing-box  avia-builder-el-7  el_after_av_hr  el_before_av_hr  '><div class='av-share-box'><h5 class='av-share-link-description av-no-toc '>Compartir esta noticia<\/h5><ul class='av-share-box-list noLightbox'><li class='av-share-link av-social-link-facebook' ><a target=\"_blank\" aria-label=\"Compartir en Facebook\" href='https:\/\/www.facebook.com\/sharer.php?u=https:\/\/radiorevelacionfm.cl\/?p=60778&#038;t=Con%20reconocimientos%20se%20celebr%C3%B3%20el%20D%C3%ADa%20de%20la%20Mujer%20Rural%20en%20Chile%20Chico' aria-hidden='false' data-av_icon='\ue8f3' data-av_iconfont='entypo-fontello' title='' data-avia-related-tooltip='Compartir en Facebook' rel=\"noopener\"><span class='avia_hidden_link_text'>Compartir en Facebook<\/span><\/a><\/li><li class='av-share-link av-social-link-twitter' ><a target=\"_blank\" aria-label=\"Compartir en Twitter\" href='https:\/\/twitter.com\/share?text=Con%20reconocimientos%20se%20celebr%C3%B3%20el%20D%C3%ADa%20de%20la%20Mujer%20Rural%20en%20Chile%20Chico&#038;url=https:\/\/radiorevelacionfm.cl\/?p=60778' aria-hidden='false' data-av_icon='\ue8f1' data-av_iconfont='entypo-fontello' title='' data-avia-related-tooltip='Compartir en Twitter' rel=\"noopener\"><span class='avia_hidden_link_text'>Compartir en Twitter<\/span><\/a><\/li><li class='av-share-link av-social-link-whatsapp' ><a target=\"_blank\" aria-label=\"Compartir en Whatsapp\" href='https:\/\/api.whatsapp.com\/send?text=https:\/\/radiorevelacionfm.cl\/?p=60778' aria-hidden='false' data-av_icon='\uf232' data-av_iconfont='entypo-fontello' title='' data-avia-related-tooltip='Compartir en Whatsapp' rel=\"noopener\"><span class='avia_hidden_link_text'>Compartir en Whatsapp<\/span><\/a><\/li><li class='av-share-link av-social-link-linkedin' ><a target=\"_blank\" aria-label=\"Compartir en LinkedIn\" href='https:\/\/linkedin.com\/shareArticle?mini=true&#038;title=Con%20reconocimientos%20se%20celebr%C3%B3%20el%20D%C3%ADa%20de%20la%20Mujer%20Rural%20en%20Chile%20Chico&#038;url=https:\/\/radiorevelacionfm.cl\/?p=60778' aria-hidden='false' data-av_icon='\ue8fc' data-av_iconfont='entypo-fontello' title='' data-avia-related-tooltip='Compartir en LinkedIn' rel=\"noopener\"><span class='avia_hidden_link_text'>Compartir en LinkedIn<\/span><\/a><\/li><li class='av-share-link av-social-link-mail' ><a  aria-label=\"Compartir por correo\" href='mailto:?subject=Con%20reconocimientos%20se%20celebr%C3%B3%20el%20D%C3%ADa%20de%20la%20Mujer%20Rural%20en%20Chile%20Chico&#038;body=https:\/\/radiorevelacionfm.cl\/?p=60778' aria-hidden='false' data-av_icon='\ue805' data-av_iconfont='entypo-fontello' title='' data-avia-related-tooltip='Compartir por correo'><span class='avia_hidden_link_text'>Compartir por correo<\/span><\/a><\/li><\/ul><\/div><\/div>\n<div  style='height:50px' class='hr hr-invisible   avia-builder-el-8  el_after_av_social_share  el_before_av_comments_list '><span class='hr-inner ' ><span class='hr-inner-style'><\/span><\/span><\/div>\n<div  class='av-buildercomment  av-blog-meta-html-info-disabled av-blog-meta-tag-disabled  '><\/div>\n","protected":false},"excerpt":{"rendered":"","protected":false},"author":1,"featured_media":60779,"comment_status":"closed","ping_status":"closed","sticky":false,"template":"","format":"standard","meta":{"footnotes":""},"categories":[38],"tags":[],"class_list":["post-60778","post","type-post","status-publish","format-standard","has-post-thumbnail","hentry","category-regional"],"jetpack_featured_media_url":"https:\/\/radiorevelacionfm.cl\/wp-content\/uploads\/2025\/10\/feria-mujer-rural-4-1_optimized-1.jpeg","_links":{"self":[{"href":"https:\/\/radiorevelacionfm.cl\/index.php?rest_route=\/wp\/v2\/posts\/60778","targetHints":{"allow":["GET"]}}],"collection":[{"href":"https:\/\/radiorevelacionfm.cl\/index.php?rest_route=\/wp\/v2\/posts"}],"about":[{"href":"https:\/\/radiorevelacionfm.cl\/index.php?rest_route=\/wp\/v2\/types\/post"}],"author":[{"embeddable":true,"href":"https:\/\/radiorevelacionfm.cl\/index.php?rest_route=\/wp\/v2\/users\/1"}],"replies":[{"embeddable":true,"href":"https:\/\/radiorevelacionfm.cl\/index.php?rest_route=%2Fwp%2Fv2%2Fcomments&post=60778"}],"version-history":[{"count":2,"href":"https:\/\/radiorevelacionfm.cl\/index.php?rest_route=\/wp\/v2\/posts\/60778\/revisions"}],"predecessor-version":[{"id":60781,"href":"https:\/\/radiorevelacionfm.cl\/index.php?rest_route=\/wp\/v2\/posts\/60778\/revisions\/60781"}],"wp:featuredmedia":[{"embeddable":true,"href":"https:\/\/radiorevelacionfm.cl\/index.php?rest_route=\/wp\/v2\/media\/60779"}],"wp:attachment":[{"href":"https:\/\/radiorevelacionfm.cl\/index.php?rest_route=%2Fwp%2Fv2%2Fmedia&parent=60778"}],"wp:term":[{"taxonomy":"category","embeddable":true,"href":"https:\/\/radiorevelacionfm.cl\/index.php?rest_route=%2Fwp%2Fv2%2Fcategories&post=60778"},{"taxonomy":"post_tag","embeddable":true,"href":"https:\/\/radiorevelacionfm.cl\/index.php?rest_route=%2Fwp%2Fv2%2Ftags&post=60778"}],"curies":[{"name":"wp","href":"https:\/\/api.w.org\/{rel}","templated":true}]}}