{"id":60774,"date":"2025-10-27T10:48:42","date_gmt":"2025-10-27T13:48:42","guid":{"rendered":"https:\/\/radiorevelacionfm.cl\/?p=60774"},"modified":"2025-10-27T10:48:42","modified_gmt":"2025-10-27T13:48:42","slug":"premian-a-jardin-infantil-gabriela-mistral-de-coyhaique-por-su-compromiso-con-la-eficiencia-energetica","status":"publish","type":"post","link":"https:\/\/radiorevelacionfm.cl\/?p=60774","title":{"rendered":"Premian a jard\u00edn infantil \u201cGabriela Mistral\u201d de Coyhaique por su compromiso con la eficiencia energ\u00e9tica"},"content":{"rendered":"<div class=\"flex_column av_one_full  flex_column_div av-zero-column-padding first  avia-builder-el-0  el_before_av_one_full  avia-builder-el-first  \" style='border-radius:0px; '><div  class='avia-image-container  av-styling-    avia-builder-el-1  avia-builder-el-no-sibling  avia-align-center '  itemprop=\"image\" itemscope=\"itemscope\" itemtype=\"https:\/\/schema.org\/ImageObject\"  ><div class='avia-image-container-inner'><div class='avia-image-overlay-wrap'><img decoding=\"async\" class='wp-image-60775 avia-img-lazy-loading-not-60775 avia_image' src=\"https:\/\/radiorevelacionfm.cl\/wp-content\/uploads\/2025\/10\/sala-cuna-y-jardin-infantil-gabriela-mistral-4-1_optimized.jpeg\" alt='' title='sala-cuna-y-jard\u00edn-infantil-gabriela-mistral-(4)-(1)_optimized' height=\"600\" width=\"800\"  itemprop=\"thumbnailUrl\" srcset=\"https:\/\/radiorevelacionfm.cl\/wp-content\/uploads\/2025\/10\/sala-cuna-y-jardin-infantil-gabriela-mistral-4-1_optimized.jpeg 800w, https:\/\/radiorevelacionfm.cl\/wp-content\/uploads\/2025\/10\/sala-cuna-y-jardin-infantil-gabriela-mistral-4-1_optimized-300x225.jpeg 300w, https:\/\/radiorevelacionfm.cl\/wp-content\/uploads\/2025\/10\/sala-cuna-y-jardin-infantil-gabriela-mistral-4-1_optimized-768x576.jpeg 768w, https:\/\/radiorevelacionfm.cl\/wp-content\/uploads\/2025\/10\/sala-cuna-y-jardin-infantil-gabriela-mistral-4-1_optimized-705x529.jpeg 705w, https:\/\/radiorevelacionfm.cl\/wp-content\/uploads\/2025\/10\/sala-cuna-y-jardin-infantil-gabriela-mistral-4-1_optimized-450x338.jpeg 450w, https:\/\/radiorevelacionfm.cl\/wp-content\/uploads\/2025\/10\/sala-cuna-y-jardin-infantil-gabriela-mistral-4-1_optimized-600x450.jpeg 600w\" sizes=\"(max-width: 800px) 100vw, 800px\" \/><\/div><\/div><\/div><\/div><div class=\"flex_column av_one_full  flex_column_div av-zero-column-padding first  avia-builder-el-2  el_after_av_one_full  el_before_av_one_full  column-top-margin\" style='border-radius:0px; '><section class=\"av_textblock_section \"  itemscope=\"itemscope\" itemtype=\"https:\/\/schema.org\/BlogPosting\" itemprop=\"blogPost\" ><div class='avia_textblock  '   itemprop=\"text\" ><p style=\"text-align: center;\"><strong><span style=\"font-size: 18pt;\">Premian a jard\u00edn infantil \u201cGabriela Mistral\u201d de Coyhaique por su compromiso con la eficiencia energ\u00e9tica<\/span><\/strong><\/p>\n<div id=\"gtx-trans\" style=\"position: absolute; left: -50px; top: 4.31534px;\">\n<div class=\"gtx-trans-icon\"><\/div>\n<\/div>\n<\/div><\/section><\/div><div class=\"flex_column av_one_full  flex_column_div av-zero-column-padding first  avia-builder-el-4  el_after_av_one_full  el_before_av_hr  column-top-margin\" style='border-radius:0px; '><section class=\"av_textblock_section \"  itemscope=\"itemscope\" itemtype=\"https:\/\/schema.org\/BlogPosting\" itemprop=\"blogPost\" ><div class='avia_textblock  '   itemprop=\"text\" ><p style=\"text-align: justify;\"><em>El establecimiento fue reconocido por lograr el mayor ahorro el\u00e9ctrico en la competencia de Eficiencia Energ\u00e9tica 2025 que impulsa Edelaysen junto a Grupo Saesa, destacando entre cinco colegios de la regi\u00f3n por su compromiso con el cuidado del medio ambiente.<\/em><\/p>\n<p style=\"text-align: justify;\">Edelaysen visit\u00f3 el jard\u00edn infantil Gabriela Mistral de Coyhaique para reconocer el esfuerzo y compromiso de su comunidad educativa con el uso responsable de la energ\u00eda. En tal sentido, el establecimiento obtuvo el primer lugar en la competencia de Eficiencia Energ\u00e9tica de este a\u00f1o, organizada por la empresa el\u00e9ctrica tras alcanzar el mayor ahorro en consumo entre cinco colegios participantes.<\/p>\n<p style=\"text-align: justify;\">La competencia de Eficiencia Energ\u00e9tica de Grupo Saesa es una iniciativa que busca promover el ahorro y la gesti\u00f3n consciente del consumo el\u00e9ctrico en establecimientos educacionales del sur del pa\u00eds, incentivando a los estudiantes a adoptar h\u00e1bitos sostenibles y a comprender la importancia del uso responsable de la energ\u00eda desde temprana edad.<\/p>\n<p style=\"text-align: justify;\">Durante la actividad, se destac\u00f3 el entusiasmo de los estudiantes por implementar buenas pr\u00e1cticas en su d\u00eda a d\u00eda, demostrando que los peque\u00f1os cambios generan impactos en la protecci\u00f3n del entorno.<\/p>\n<p style=\"text-align: justify;\">Para Mar\u00eda de los \u00c1ngeles Gajardo, jefa de Servicio al Cliente de Edelaysen, este logro refleja el valor de la educaci\u00f3n como motor del cambio: \u201cNos llena de orgullo ver como las nuevas generaciones se comprometen con el uso consciente de la energ\u00eda. El jard\u00edn infantil Gabriela Mistral es un ejemplo de que, con educaci\u00f3n y motivaci\u00f3n, se pueden generar grandes transformaciones en beneficio del medio ambiente\u201d.<\/p>\n<p style=\"text-align: justify;\">As\u00ed mismo, la directora del establecimiento Mar\u00eda Francisca Rojas destac\u00f3 que: \u201cEstamos felices con la visita de representantes de Edelaysen que nos entregaron una gran sorpresa para nuestro jard\u00edn infantil Gabriela Mistral. Un premio por eficiencia energ\u00e9tica, ahorro de luz, gracias al trabajo del equipo familia, y por supuesto los ni\u00f1os, que son nuestros primeros promotores en el cuidado del medio ambiente. Continuaremos trabajando en beneficio de esta gran meta. Nuestra instituci\u00f3n, tambi\u00e9n con su sello verde, promueve las actividades que fortalece el cuidado del entorno y nosotros en nuestro proyecto educativo, le ponemos mucho esfuerzo y coraz\u00f3n\u201d.<\/p>\n<p style=\"text-align: justify;\">Con esta iniciativa, Edelaysen reafirma su compromiso con la educaci\u00f3n y la sostenibilidad, impulsando acciones que promueven una cultura energ\u00e9tica responsable en la regi\u00f3n de Ays\u00e9n.<\/p>\n<\/div><\/section><\/div><div  style='height:50px' class='hr hr-invisible   avia-builder-el-6  el_after_av_one_full  el_before_av_social_share '><span class='hr-inner ' ><span class='hr-inner-style'><\/span><\/span><\/div><\/p>\n<div  class='av-social-sharing-box  avia-builder-el-7  el_after_av_hr  el_before_av_hr  '><div class='av-share-box'><h5 class='av-share-link-description av-no-toc '>Compartir esta noticia<\/h5><ul class='av-share-box-list noLightbox'><li class='av-share-link av-social-link-facebook' ><a target=\"_blank\" aria-label=\"Compartir en Facebook\" href='https:\/\/www.facebook.com\/sharer.php?u=https:\/\/radiorevelacionfm.cl\/?p=60774&#038;t=Premian%20a%20jard%C3%ADn%20infantil%20%E2%80%9CGabriela%20Mistral%E2%80%9D%20de%20Coyhaique%20por%20su%20compromiso%20con%20la%20eficiencia%20energ%C3%A9tica' aria-hidden='false' data-av_icon='\ue8f3' data-av_iconfont='entypo-fontello' title='' data-avia-related-tooltip='Compartir en Facebook' rel=\"noopener\"><span class='avia_hidden_link_text'>Compartir en Facebook<\/span><\/a><\/li><li class='av-share-link av-social-link-twitter' ><a target=\"_blank\" aria-label=\"Compartir en Twitter\" href='https:\/\/twitter.com\/share?text=Premian%20a%20jard%C3%ADn%20infantil%20%E2%80%9CGabriela%20Mistral%E2%80%9D%20de%20Coyhaique%20por%20su%20compromiso%20con%20la%20eficiencia%20energ%C3%A9tica&#038;url=https:\/\/radiorevelacionfm.cl\/?p=60774' aria-hidden='false' data-av_icon='\ue8f1' data-av_iconfont='entypo-fontello' title='' data-avia-related-tooltip='Compartir en Twitter' rel=\"noopener\"><span class='avia_hidden_link_text'>Compartir en Twitter<\/span><\/a><\/li><li class='av-share-link av-social-link-whatsapp' ><a target=\"_blank\" aria-label=\"Compartir en Whatsapp\" href='https:\/\/api.whatsapp.com\/send?text=https:\/\/radiorevelacionfm.cl\/?p=60774' aria-hidden='false' data-av_icon='\uf232' data-av_iconfont='entypo-fontello' title='' data-avia-related-tooltip='Compartir en Whatsapp' rel=\"noopener\"><span class='avia_hidden_link_text'>Compartir en Whatsapp<\/span><\/a><\/li><li class='av-share-link av-social-link-linkedin' ><a target=\"_blank\" aria-label=\"Compartir en LinkedIn\" href='https:\/\/linkedin.com\/shareArticle?mini=true&#038;title=Premian%20a%20jard%C3%ADn%20infantil%20%E2%80%9CGabriela%20Mistral%E2%80%9D%20de%20Coyhaique%20por%20su%20compromiso%20con%20la%20eficiencia%20energ%C3%A9tica&#038;url=https:\/\/radiorevelacionfm.cl\/?p=60774' aria-hidden='false' data-av_icon='\ue8fc' data-av_iconfont='entypo-fontello' title='' data-avia-related-tooltip='Compartir en LinkedIn' rel=\"noopener\"><span class='avia_hidden_link_text'>Compartir en LinkedIn<\/span><\/a><\/li><li class='av-share-link av-social-link-mail' ><a  aria-label=\"Compartir por correo\" href='mailto:?subject=Premian%20a%20jard%C3%ADn%20infantil%20%E2%80%9CGabriela%20Mistral%E2%80%9D%20de%20Coyhaique%20por%20su%20compromiso%20con%20la%20eficiencia%20energ%C3%A9tica&#038;body=https:\/\/radiorevelacionfm.cl\/?p=60774' aria-hidden='false' data-av_icon='\ue805' data-av_iconfont='entypo-fontello' title='' data-avia-related-tooltip='Compartir por correo'><span class='avia_hidden_link_text'>Compartir por correo<\/span><\/a><\/li><\/ul><\/div><\/div>\n<div  style='height:50px' class='hr hr-invisible   avia-builder-el-8  el_after_av_social_share  el_before_av_comments_list '><span class='hr-inner ' ><span class='hr-inner-style'><\/span><\/span><\/div>\n<div  class='av-buildercomment  av-blog-meta-html-info-disabled av-blog-meta-tag-disabled  '><\/div>\n","protected":false},"excerpt":{"rendered":"","protected":false},"author":1,"featured_media":60775,"comment_status":"closed","ping_status":"closed","sticky":false,"template":"","format":"standard","meta":{"footnotes":""},"categories":[38],"tags":[],"class_list":["post-60774","post","type-post","status-publish","format-standard","has-post-thumbnail","hentry","category-regional"],"jetpack_featured_media_url":"https:\/\/radiorevelacionfm.cl\/wp-content\/uploads\/2025\/10\/sala-cuna-y-jardin-infantil-gabriela-mistral-4-1_optimized.jpeg","_links":{"self":[{"href":"https:\/\/radiorevelacionfm.cl\/index.php?rest_route=\/wp\/v2\/posts\/60774","targetHints":{"allow":["GET"]}}],"collection":[{"href":"https:\/\/radiorevelacionfm.cl\/index.php?rest_route=\/wp\/v2\/posts"}],"about":[{"href":"https:\/\/radiorevelacionfm.cl\/index.php?rest_route=\/wp\/v2\/types\/post"}],"author":[{"embeddable":true,"href":"https:\/\/radiorevelacionfm.cl\/index.php?rest_route=\/wp\/v2\/users\/1"}],"replies":[{"embeddable":true,"href":"https:\/\/radiorevelacionfm.cl\/index.php?rest_route=%2Fwp%2Fv2%2Fcomments&post=60774"}],"version-history":[{"count":2,"href":"https:\/\/radiorevelacionfm.cl\/index.php?rest_route=\/wp\/v2\/posts\/60774\/revisions"}],"predecessor-version":[{"id":60777,"href":"https:\/\/radiorevelacionfm.cl\/index.php?rest_route=\/wp\/v2\/posts\/60774\/revisions\/60777"}],"wp:featuredmedia":[{"embeddable":true,"href":"https:\/\/radiorevelacionfm.cl\/index.php?rest_route=\/wp\/v2\/media\/60775"}],"wp:attachment":[{"href":"https:\/\/radiorevelacionfm.cl\/index.php?rest_route=%2Fwp%2Fv2%2Fmedia&parent=60774"}],"wp:term":[{"taxonomy":"category","embeddable":true,"href":"https:\/\/radiorevelacionfm.cl\/index.php?rest_route=%2Fwp%2Fv2%2Fcategories&post=60774"},{"taxonomy":"post_tag","embeddable":true,"href":"https:\/\/radiorevelacionfm.cl\/index.php?rest_route=%2Fwp%2Fv2%2Ftags&post=60774"}],"curies":[{"name":"wp","href":"https:\/\/api.w.org\/{rel}","templated":true}]}}