{"id":60769,"date":"2025-10-26T15:00:00","date_gmt":"2025-10-26T18:00:00","guid":{"rendered":"https:\/\/radiorevelacionfm.cl\/?p=60769"},"modified":"2025-10-26T15:00:00","modified_gmt":"2025-10-26T18:00:00","slug":"presidenta-de-la-corporacion-chelenko-sobre-controversia-por-acceso-al-lago-leones-de-no-ponernos-de-acuerdo-en-conjunto-sobre-los-distintos-usos-del-territorio-iremos-de-conflicto-en-confl","status":"publish","type":"post","link":"https:\/\/radiorevelacionfm.cl\/?p=60769","title":{"rendered":"Presidenta de la Corporaci\u00f3n Chelenko sobre controversia por acceso al lago Leones: \u201cDe no ponernos de acuerdo en conjunto sobre los distintos usos del territorio, iremos de conflicto en conflicto\u201d"},"content":{"rendered":"<div class=\"flex_column av_one_full  flex_column_div av-zero-column-padding first  avia-builder-el-0  el_before_av_one_full  avia-builder-el-first  \" style='border-radius:0px; '><div  class='avia-image-container  av-styling-    avia-builder-el-1  avia-builder-el-no-sibling  avia-align-center '  itemprop=\"image\" itemscope=\"itemscope\" itemtype=\"https:\/\/schema.org\/ImageObject\"  ><div class='avia-image-container-inner'><div class='avia-image-overlay-wrap'><img decoding=\"async\" class='wp-image-60770 avia-img-lazy-loading-not-60770 avia_image' src=\"https:\/\/radiorevelacionfm.cl\/wp-content\/uploads\/2025\/10\/Glaciar-Leones-2-1-1.jpg\" alt='' title='Glaciar Leones (2) (1) (1)' height=\"600\" width=\"800\"  itemprop=\"thumbnailUrl\" srcset=\"https:\/\/radiorevelacionfm.cl\/wp-content\/uploads\/2025\/10\/Glaciar-Leones-2-1-1.jpg 800w, https:\/\/radiorevelacionfm.cl\/wp-content\/uploads\/2025\/10\/Glaciar-Leones-2-1-1-300x225.jpg 300w, https:\/\/radiorevelacionfm.cl\/wp-content\/uploads\/2025\/10\/Glaciar-Leones-2-1-1-768x576.jpg 768w, https:\/\/radiorevelacionfm.cl\/wp-content\/uploads\/2025\/10\/Glaciar-Leones-2-1-1-705x529.jpg 705w, https:\/\/radiorevelacionfm.cl\/wp-content\/uploads\/2025\/10\/Glaciar-Leones-2-1-1-450x338.jpg 450w, https:\/\/radiorevelacionfm.cl\/wp-content\/uploads\/2025\/10\/Glaciar-Leones-2-1-1-600x450.jpg 600w\" sizes=\"(max-width: 800px) 100vw, 800px\" \/><\/div><\/div><\/div><\/div><div class=\"flex_column av_one_full  flex_column_div av-zero-column-padding first  avia-builder-el-2  el_after_av_one_full  el_before_av_one_full  column-top-margin\" style='border-radius:0px; '><section class=\"av_textblock_section \"  itemscope=\"itemscope\" itemtype=\"https:\/\/schema.org\/BlogPosting\" itemprop=\"blogPost\" ><div class='avia_textblock  '   itemprop=\"text\" ><p style=\"text-align: center;\"><strong><span style=\"font-size: 18pt;\">Presidenta de la Corporaci\u00f3n Chelenko sobre controversia por acceso al lago Leones: \u201cDe no ponernos de acuerdo en conjunto sobre los distintos usos del territorio, iremos de conflicto en conflicto\u201d<\/span><\/strong><\/p>\n<div id=\"gtx-trans\" style=\"position: absolute; left: -50px; top: 4.31534px;\">\n<div class=\"gtx-trans-icon\"><\/div>\n<\/div>\n<\/div><\/section><\/div><div class=\"flex_column av_one_full  flex_column_div av-zero-column-padding first  avia-builder-el-4  el_after_av_one_full  el_before_av_hr  column-top-margin\" style='border-radius:0px; '><section class=\"av_textblock_section \"  itemscope=\"itemscope\" itemtype=\"https:\/\/schema.org\/BlogPosting\" itemprop=\"blogPost\" ><div class='avia_textblock  '   itemprop=\"text\" ><ul>\n<li style=\"font-weight: 400; text-align: justify;\"><em>Miriam Chible record\u00f3 que \u201ctodo el acceso al lago Leones es parte de la Zona de Inter\u00e9s Tur\u00edstico Chelenko. Es decir, existe una decisi\u00f3n acordada territorial y nacionalmente de potenciarla para su uso en turismo sustentable, que es el que se ha venido desarrollando tradicionalmente por operadores locales\u201d.<\/em><\/li>\n<li style=\"font-weight: 400;\"><em>Puntualiz\u00f3 que estas discusiones son necesarias en la regi\u00f3n, pero particularmente en la cuenca del lago General Carrera, ya que al no abordarse sigue el mismo camino de los mega loteos, que han proliferado generando nuevos asentamientos urbanos al margen de la planificaci\u00f3n territorial, con todos sus impactos asociados.\u00a0<\/em><\/li>\n<\/ul>\n<p style=\"font-weight: 400; text-align: justify;\">\u201c<em>Todo el acceso al lago Leones, tanto la parte vehicular como la peatonal, es parte del pol\u00edgono de la Zona de Inter\u00e9s Tur\u00edstico Chelenko. Es decir, existe una decisi\u00f3n acordada territorial y nacionalmente de potenciarla para su uso en turismo sustentable, que es el que se ha venido desarrollando tradicionalmente por operadores locales<\/em>\u201d.<\/p>\n<p style=\"font-weight: 400; text-align: justify;\">La presidenta de la\u00a0<strong>Corporaci\u00f3n Chelenko, Miriam Chible Contreras,<\/strong> aport\u00f3 esta informaci\u00f3n a la discusi\u00f3n que se ha generado en los \u00faltimos d\u00edas producto del cierre de la ruta vehicular que acerca al lago Leones y, por ende, al glaciar hom\u00f3nimo. Hist\u00f3ricamente el camino interior llega hasta unos 9 kil\u00f3metros de la ribera del lago, punto desde el cual siempre los visitantes han continuado v\u00eda pedestre. Hoy se ha instalado una cadena cerrando el paso vehicular pasado el puente Meliquina, casi seis kil\u00f3metros m\u00e1s atr\u00e1s de punto original, lo cual aleja y dificulta el acceso general a ese bien nacional de uso p\u00fablico.<\/p>\n<p style=\"font-weight: 400; text-align: justify;\">\u201c<em>Entendemos el inter\u00e9s de un privado de conservar la naturaleza, e incluso restaurarla, sin embargo esto debe realizarse incorporando y respetando los usos comunitarios y econ\u00f3micos que han hecho las comunidades que viven en el lugar. M\u00e1s a\u00fan cuando el predio en particular s\u00f3lo se usa como camino de acceso, porque la actividad tur\u00edstica principal es en el sector del lago Leones, entonces el impacto no debiera ser mayor<\/em>\u201d indic\u00f3.<\/p>\n<p style=\"font-weight: 400; text-align: justify;\">Record\u00f3, asimismo, que esto se ha venido planteando en distintos espacios, ya que es un tema que se arrastra desde hace a\u00f1os.<\/p>\n<p style=\"font-weight: 400; text-align: justify;\">\u201c<em>Ya en diciembre de 2022 entregamos una carta al Presidente de la Rep\u00fablica y a la Subsecretaria de Turismo para que se impulsara el Plan Regulador Intercomunal de General Carrera, el cual puede ser una oportunidad para abordar \u00e9sta y otras materias<\/em>\u201d indic\u00f3. Y tambi\u00e9n fue parte de la agenda que la Corporaci\u00f3n Chelenko plante\u00f3 al gobernador Marcelo Santana y su equipo en marzo de este a\u00f1o, <a href=\"https:\/\/radiorevelacionfm.cl\/?p=51523\" data-saferedirecturl=\"https:\/\/www.google.com\/url?q=https:\/\/radiorevelacionfm.cl\/?p%3D51523&amp;source=gmail&amp;ust=1761584162699000&amp;usg=AOvVaw1e7ecyWCItKlj-2hjkMFVd\">explicando<\/a>\u00a0que se requer\u00eda \u201c<em>regularizar la situaci\u00f3n del puente Meliquina, que est\u00e1 en un camino particular pero que es la \u00fanica v\u00eda de acceso al sector del glaciar Leones del Parque Nacional Laguna San Rafael<\/em>\u201d.<\/p>\n<p style=\"font-weight: 400; text-align: justify;\">Y antes de eso desde las organizaciones lo impulsamos cuando en 2016 se discuti\u00f3 el pol\u00edgono ZOIT y \u00faltimamente en el proceso de la Reserva de la Bi\u00f3sfera Parque Nacional Laguna San Rafael y Guayaneco. \u201c<em>Y cada vez que se reinicia la temporada tur\u00edstica, resurge como un pendiente a abordar<\/em>\u201d explic\u00f3.<\/p>\n<p style=\"font-weight: 400; text-align: justify;\">\u201c<em>Es complejo cuando se dificulta el tr\u00e1nsito a un lugar hacia el cual hist\u00f3ricamente se ha tenido acceso. Concordamos en que se requiere que el Estado aborde este tema mediante un trabajo t\u00e9cnico que sume a las partes, para llegar a acuerdos en pos del inter\u00e9s colectivo y de fortalecer el destino<\/em>\u201d indic\u00f3.<\/p>\n<p style=\"font-weight: 400; text-align: justify;\">Buscando, eso s\u00ed, que esta discusi\u00f3n de mediano o largo plazo no sea impedimento para encontrar salidas puntuales en el presente que sirvan ahora a los afectados por esta situaci\u00f3n. Y que se apunte a \u201c<em>c\u00f3mo constituir legalmente y construir un acceso que asegure el ingreso hasta el parque nacional, sector Leones, que no comprometa la conservaci\u00f3n y sustentabilidad del atractivo, entendiendo que hasta hoy CONAF no tiene presencia en el lugar ni plan de uso p\u00fablico. Con voluntad de todas las partes, creemos que se puede<\/em>\u201d.<\/p>\n<p style=\"font-weight: 400; text-align: justify;\">La\u00a0<strong>presidenta de la AG de Turismo de Puerto Guadal, Ang\u00e9lica Anti\u00f1anco Levicoy,<\/strong> coincidi\u00f3 en la necesidad de abordar el tema integralmente. \u201c<em>Hay operadores afectados, que son socios de nuestra organizaci\u00f3n, a quienes es preciso que se les d\u00e9 una respuesta y una soluci\u00f3n a corto plazo. Y junto a ello, con mirada de largo alcance considerando que esa zona es de desarrollo tur\u00edstico de innegable valor, m\u00e1s a\u00fan cuando el glaciar Exploradores est\u00e1 cerrado<\/em>\u201d.<\/p>\n<p style=\"font-weight: 400; text-align: justify;\"><strong>Di\u00e1logo necesario en pro de un ordenamiento territorial<\/strong><\/p>\n<p style=\"font-weight: 400; text-align: justify;\">Miriam Chible plante\u00f3 que estas discusiones son necesarias en la regi\u00f3n, pero particularmente en la cuenca del lago General Carrera, ya que al no abordarse sigue el mismo camino de los mega loteos, que han proliferado generando nuevos asentamientos urbanos al margen de la planificaci\u00f3n territorial, con todos sus impactos asociados. O las controversias que han ido emergiendo en toda la cuenca por conflictos de uso, como el cierre del acceso al lago Bertrand y r\u00edo Baker en Puerto Bertrand, los sitios prioritarios para la conservaci\u00f3n de la biodiversidad o actividades productivas de alto impacto como la miner\u00eda que tambi\u00e9n cierran terrenos fiscales y de acceso a bienes nacionales de uso p\u00fablico.<\/p>\n<p style=\"font-weight: 400; text-align: justify;\">Por ello, plante\u00f3, ser\u00eda positivo que se elabore en la cuenca, y quiz\u00e1s a nivel regional, un catastro de \u00e1reas de conflictos similares, que derive en un plan de acci\u00f3n integral.<\/p>\n<p style=\"font-weight: 400; text-align: justify;\">En este sentido, explic\u00f3 que estas compatibilidades e incompatibilidades, en torno al agua espec\u00edficamente, forman parte del objetivo del\u00a0<a href=\"https:\/\/www.instagram.com\/p\/DQM4fDjD4Ti\/\" data-saferedirecturl=\"https:\/\/www.google.com\/url?q=https:\/\/www.instagram.com\/p\/DQM4fDjD4Ti\/&amp;source=gmail&amp;ust=1761584162699000&amp;usg=AOvVaw0oGdXE8qKoobiRwh-kdM7u\">seminario<\/a>\u00a0\u201c<em>Por un habitar y producir sustentable en la Zona de Inter\u00e9s Tur\u00edstico Chelenko<\/em>\u201d que se desarrollar\u00e1 en Puerto R\u00edo Tranquilo el 30 de octubre.<\/p>\n<p style=\"font-weight: 400; text-align: justify;\">A este encuentro,\u00a0<strong>organizado por la Corporaci\u00f3n Chelenko, con apoyo del PER Turismo (iniciativa CORFO con fondos del Gobierno Regional de Ays\u00e9n)<\/strong>\u00a0se ha convocado a expositores del \u00e1mbito de la\u00a0<strong>agricultura familiar campesina<\/strong>, la\u00a0<strong>miner\u00eda<\/strong>, la\u00a0<strong>horticultura<\/strong>, la\u00a0<strong>artesan\u00eda<\/strong>, la\u00a0<strong>industria del salm\u00f3n<\/strong>, la\u00a0<strong>educaci\u00f3n<\/strong>, el\u00a0<strong>sector inmobiliario<\/strong>, junto a la mirada\u00a0<strong>desde los vecinos<\/strong>. \u201c<em>Tenemos que ponernos a conversar entre los habitantes de este territorio, junto a quienes producen y quienes quieren conservar, adem\u00e1s de los \u00f3rganos del Estado. De otra forma iremos de conflicto en conflicto, cada d\u00eda m\u00e1s graves por efectos de los m\u00faltiples cambios que se han ido produciendo: clim\u00e1ticos, poblacionales, de tecnolog\u00eda\u201d.<\/em><\/p>\n<p style=\"font-weight: 400; text-align: justify;\">\u201c<em>Es errado seguir con la visi\u00f3n cortoplacista de la imposici\u00f3n. Dialogar es de m\u00e1s largo plazo y sustentable. Nuevamente se nos presenta la oportunidad de pensar con responsabilidad intergeneracional el desarrollo para la cuenca del lago<\/em>\u201d concluy\u00f3.<\/p>\n<p style=\"font-weight: 400; text-align: justify;\">La\u00a0<strong>Corporaci\u00f3n Chelenko<\/strong>\u00a0est\u00e1 conformada por 15 organizaciones del turismo de la cuenca del lago General Carrera, de las localidades de\u00a0<strong>Puerto Ingeniero Ib\u00e1\u00f1ez<\/strong>,\u00a0<strong>Puerto R\u00edo Tranquilo<\/strong>,\u00a0<strong>Bah\u00eda Murta<\/strong>,\u00a0<strong>Puerto S\u00e1nchez<\/strong>,\u00a0<strong>El Le\u00f3n<\/strong>,\u00a0<strong>Puerto Guadal<\/strong>,\u00a0<strong>Puerto Bertrand<\/strong>\u00a0y\u00a0<strong>Chile Chico<\/strong>.<\/p>\n<\/div><\/section><\/div><div  style='height:50px' class='hr hr-invisible   avia-builder-el-6  el_after_av_one_full  el_before_av_social_share '><span class='hr-inner ' ><span class='hr-inner-style'><\/span><\/span><\/div><\/p>\n<div  class='av-social-sharing-box  avia-builder-el-7  el_after_av_hr  el_before_av_hr  '><div class='av-share-box'><h5 class='av-share-link-description av-no-toc '>Compartir esta noticia<\/h5><ul class='av-share-box-list noLightbox'><li class='av-share-link av-social-link-facebook' ><a target=\"_blank\" aria-label=\"Compartir en Facebook\" href='https:\/\/www.facebook.com\/sharer.php?u=https:\/\/radiorevelacionfm.cl\/?p=60769&#038;t=Presidenta%20de%20la%20Corporaci%C3%B3n%20Chelenko%20sobre%20controversia%20por%20acceso%20al%20lago%20Leones%3A%20%E2%80%9CDe%20no%20ponernos%20de%20acuerdo%20en%20conjunto%20sobre%20los%20distintos%20usos%20del%20territorio%2C%20iremos%20de%20conflicto%20en%20conflicto%E2%80%9D' aria-hidden='false' data-av_icon='\ue8f3' data-av_iconfont='entypo-fontello' title='' data-avia-related-tooltip='Compartir en Facebook' rel=\"noopener\"><span class='avia_hidden_link_text'>Compartir en Facebook<\/span><\/a><\/li><li class='av-share-link av-social-link-twitter' ><a target=\"_blank\" aria-label=\"Compartir en Twitter\" href='https:\/\/twitter.com\/share?text=Presidenta%20de%20la%20Corporaci%C3%B3n%20Chelenko%20sobre%20controversia%20por%20acceso%20al%20lago%20Leones%3A%20%E2%80%9CDe%20no%20ponernos%20de%20acuerdo%20en%20conjunto%20sobre%20los%20distintos%20usos%20del%20territorio%2C%20iremos%20de%20conflicto%20en%20conflicto%E2%80%9D&#038;url=https:\/\/radiorevelacionfm.cl\/?p=60769' aria-hidden='false' data-av_icon='\ue8f1' data-av_iconfont='entypo-fontello' title='' data-avia-related-tooltip='Compartir en Twitter' rel=\"noopener\"><span class='avia_hidden_link_text'>Compartir en Twitter<\/span><\/a><\/li><li class='av-share-link av-social-link-whatsapp' ><a target=\"_blank\" aria-label=\"Compartir en Whatsapp\" href='https:\/\/api.whatsapp.com\/send?text=https:\/\/radiorevelacionfm.cl\/?p=60769' aria-hidden='false' data-av_icon='\uf232' data-av_iconfont='entypo-fontello' title='' data-avia-related-tooltip='Compartir en Whatsapp' rel=\"noopener\"><span class='avia_hidden_link_text'>Compartir en Whatsapp<\/span><\/a><\/li><li class='av-share-link av-social-link-linkedin' ><a target=\"_blank\" aria-label=\"Compartir en LinkedIn\" href='https:\/\/linkedin.com\/shareArticle?mini=true&#038;title=Presidenta%20de%20la%20Corporaci%C3%B3n%20Chelenko%20sobre%20controversia%20por%20acceso%20al%20lago%20Leones%3A%20%E2%80%9CDe%20no%20ponernos%20de%20acuerdo%20en%20conjunto%20sobre%20los%20distintos%20usos%20del%20territorio%2C%20iremos%20de%20conflicto%20en%20conflicto%E2%80%9D&#038;url=https:\/\/radiorevelacionfm.cl\/?p=60769' aria-hidden='false' data-av_icon='\ue8fc' data-av_iconfont='entypo-fontello' title='' data-avia-related-tooltip='Compartir en LinkedIn' rel=\"noopener\"><span class='avia_hidden_link_text'>Compartir en LinkedIn<\/span><\/a><\/li><li class='av-share-link av-social-link-mail' ><a  aria-label=\"Compartir por correo\" href='mailto:?subject=Presidenta%20de%20la%20Corporaci%C3%B3n%20Chelenko%20sobre%20controversia%20por%20acceso%20al%20lago%20Leones%3A%20%E2%80%9CDe%20no%20ponernos%20de%20acuerdo%20en%20conjunto%20sobre%20los%20distintos%20usos%20del%20territorio%2C%20iremos%20de%20conflicto%20en%20conflicto%E2%80%9D&#038;body=https:\/\/radiorevelacionfm.cl\/?p=60769' aria-hidden='false' data-av_icon='\ue805' data-av_iconfont='entypo-fontello' title='' data-avia-related-tooltip='Compartir por correo'><span class='avia_hidden_link_text'>Compartir por correo<\/span><\/a><\/li><\/ul><\/div><\/div>\n<div  style='height:50px' class='hr hr-invisible   avia-builder-el-8  el_after_av_social_share  el_before_av_comments_list '><span class='hr-inner ' ><span class='hr-inner-style'><\/span><\/span><\/div>\n<div  class='av-buildercomment  av-blog-meta-html-info-disabled av-blog-meta-tag-disabled  '><\/div>\n","protected":false},"excerpt":{"rendered":"","protected":false},"author":1,"featured_media":60770,"comment_status":"closed","ping_status":"closed","sticky":false,"template":"","format":"standard","meta":{"footnotes":""},"categories":[38],"tags":[],"class_list":["post-60769","post","type-post","status-publish","format-standard","has-post-thumbnail","hentry","category-regional"],"jetpack_featured_media_url":"https:\/\/radiorevelacionfm.cl\/wp-content\/uploads\/2025\/10\/Glaciar-Leones-2-1-1.jpg","_links":{"self":[{"href":"https:\/\/radiorevelacionfm.cl\/index.php?rest_route=\/wp\/v2\/posts\/60769","targetHints":{"allow":["GET"]}}],"collection":[{"href":"https:\/\/radiorevelacionfm.cl\/index.php?rest_route=\/wp\/v2\/posts"}],"about":[{"href":"https:\/\/radiorevelacionfm.cl\/index.php?rest_route=\/wp\/v2\/types\/post"}],"author":[{"embeddable":true,"href":"https:\/\/radiorevelacionfm.cl\/index.php?rest_route=\/wp\/v2\/users\/1"}],"replies":[{"embeddable":true,"href":"https:\/\/radiorevelacionfm.cl\/index.php?rest_route=%2Fwp%2Fv2%2Fcomments&post=60769"}],"version-history":[{"count":2,"href":"https:\/\/radiorevelacionfm.cl\/index.php?rest_route=\/wp\/v2\/posts\/60769\/revisions"}],"predecessor-version":[{"id":60772,"href":"https:\/\/radiorevelacionfm.cl\/index.php?rest_route=\/wp\/v2\/posts\/60769\/revisions\/60772"}],"wp:featuredmedia":[{"embeddable":true,"href":"https:\/\/radiorevelacionfm.cl\/index.php?rest_route=\/wp\/v2\/media\/60770"}],"wp:attachment":[{"href":"https:\/\/radiorevelacionfm.cl\/index.php?rest_route=%2Fwp%2Fv2%2Fmedia&parent=60769"}],"wp:term":[{"taxonomy":"category","embeddable":true,"href":"https:\/\/radiorevelacionfm.cl\/index.php?rest_route=%2Fwp%2Fv2%2Fcategories&post=60769"},{"taxonomy":"post_tag","embeddable":true,"href":"https:\/\/radiorevelacionfm.cl\/index.php?rest_route=%2Fwp%2Fv2%2Ftags&post=60769"}],"curies":[{"name":"wp","href":"https:\/\/api.w.org\/{rel}","templated":true}]}}