{"id":60766,"date":"2025-10-26T23:49:37","date_gmt":"2025-10-27T02:49:37","guid":{"rendered":"https:\/\/radiorevelacionfm.cl\/?p=60766"},"modified":"2025-10-26T23:49:37","modified_gmt":"2025-10-27T02:49:37","slug":"sandoval-planteo-que-definicion-de-sitio-prioritarios-debe-considerar-necesario-resguardo-de-las-actividades-que-realizan-nuestros-pobladores-a-lo-largo-de-la-region","status":"publish","type":"post","link":"https:\/\/radiorevelacionfm.cl\/?p=60766","title":{"rendered":"Sandoval plante\u00f3 que definici\u00f3n de Sitio Prioritarios debe considerar \u201cnecesario resguardo de las actividades que realizan nuestros pobladores a lo largo de la regi\u00f3n\u201d"},"content":{"rendered":"<div class=\"flex_column av_one_full  flex_column_div av-zero-column-padding first  avia-builder-el-0  el_before_av_one_full  avia-builder-el-first  \" style='border-radius:0px; '><div  class='avia-image-container  av-styling-    avia-builder-el-1  avia-builder-el-no-sibling  avia-align-center '  itemprop=\"image\" itemscope=\"itemscope\" itemtype=\"https:\/\/schema.org\/ImageObject\"  ><div class='avia-image-container-inner'><div class='avia-image-overlay-wrap'><img decoding=\"async\" class='wp-image-60767 avia-img-lazy-loading-not-60767 avia_image' src=\"https:\/\/radiorevelacionfm.cl\/wp-content\/uploads\/2025\/10\/Senador-Sandoval-26.10.2025-1-1.jpg\" alt='' title='Senador Sandoval 26.10.2025 (1) (1)' height=\"600\" width=\"900\"  itemprop=\"thumbnailUrl\" srcset=\"https:\/\/radiorevelacionfm.cl\/wp-content\/uploads\/2025\/10\/Senador-Sandoval-26.10.2025-1-1.jpg 900w, https:\/\/radiorevelacionfm.cl\/wp-content\/uploads\/2025\/10\/Senador-Sandoval-26.10.2025-1-1-300x200.jpg 300w, https:\/\/radiorevelacionfm.cl\/wp-content\/uploads\/2025\/10\/Senador-Sandoval-26.10.2025-1-1-768x512.jpg 768w, https:\/\/radiorevelacionfm.cl\/wp-content\/uploads\/2025\/10\/Senador-Sandoval-26.10.2025-1-1-705x470.jpg 705w, https:\/\/radiorevelacionfm.cl\/wp-content\/uploads\/2025\/10\/Senador-Sandoval-26.10.2025-1-1-450x300.jpg 450w, https:\/\/radiorevelacionfm.cl\/wp-content\/uploads\/2025\/10\/Senador-Sandoval-26.10.2025-1-1-600x400.jpg 600w\" sizes=\"(max-width: 900px) 100vw, 900px\" \/><\/div><\/div><\/div><\/div><div class=\"flex_column av_one_full  flex_column_div av-zero-column-padding first  avia-builder-el-2  el_after_av_one_full  el_before_av_one_full  column-top-margin\" style='border-radius:0px; '><section class=\"av_textblock_section \"  itemscope=\"itemscope\" itemtype=\"https:\/\/schema.org\/BlogPosting\" itemprop=\"blogPost\" ><div class='avia_textblock  '   itemprop=\"text\" ><p style=\"text-align: center;\"><span style=\"font-size: 18pt;\"><strong>Sandoval plante\u00f3 que definici\u00f3n de Sitio Prioritarios debe considerar \u201cnecesario resguardo de las actividades que realizan nuestros pobladores a lo largo de la regi\u00f3n\u201d<\/strong><\/span><\/p>\n<div id=\"gtx-trans\" style=\"position: absolute; left: -50px; top: 4.31534px;\">\n<div class=\"gtx-trans-icon\"><\/div>\n<\/div>\n<\/div><\/section><\/div><div class=\"flex_column av_one_full  flex_column_div av-zero-column-padding first  avia-builder-el-4  el_after_av_one_full  el_before_av_hr  column-top-margin\" style='border-radius:0px; '><section class=\"av_textblock_section \"  itemscope=\"itemscope\" itemtype=\"https:\/\/schema.org\/BlogPosting\" itemprop=\"blogPost\" ><div class='avia_textblock  '   itemprop=\"text\" ><p style=\"text-align: justify;\">El senador David Sandoval manifest\u00f3 su inquietud por el proceso de definici\u00f3n que impulsa el SBAP en materia de Sitios Prioritarios, se\u00f1alando que aquello debe considerar el \u201cnecesario resguardo de las actividades que realizan nuestros pobladores a lo largo de la regi\u00f3n\u201d.<\/p>\n<p style=\"text-align: justify;\">El parlamentario si bien dijo entender \u201cprofundamente el valor de lo que significa esta fijaci\u00f3n para la conservaci\u00f3n de la biodiversidad de nuestra regi\u00f3n\u201d, se tiene que considerar la preocupaci\u00f3n que este tema ha causado en localidades como Chile Chico, por la definici\u00f3n de sitio prioritario de Conservaci\u00f3n Estepa Jeinimeni \u2013 Laguna Bah\u00eda Jara. \u201cSu propio alcalde, Ariel Keim, ha manifestado precisamente esta inquietud, porque no podemos solamente vivir de la contemplaci\u00f3n\u201d, plante\u00f3.<\/p>\n<p style=\"text-align: justify;\">Sandoval record\u00f3 que un \u201cochenta y seis por ciento de la superficie regional son parques, reservas nacionales, monumentos naturales o tierras fiscales, por lo que no se puede \u201cbajo el pretexto de fijar sitios, terminar por coartar la necesidad de mantener esas actividades, pues el empleo y el desarrollo son hoy d\u00eda absolutamente necesarios en Ays\u00e9n\u201d.<\/p>\n<p style=\"text-align: justify;\">El legislador agreg\u00f3 que \u201chay sectores que tienen vocaci\u00f3n minera, hay otros que tienen vocaci\u00f3n pesquera, como en nuestra zona del litoral\u201d, casos en los que se debe resguardar \u201cque las cosas se hagan bien, pero donde bajo ning\u00fan punto de vista utilizar un instrumento para afectar el desarrollo\u201d, recordando lo que pasa con otra ley, como la Lafkenche, para lo cual actualmente se discute un proyecto de modificaciones en el Senado.<\/p>\n<p style=\"text-align: justify;\">Finalmente, el senador Sandoval consider\u00f3 que es prioritario \u201cque la regi\u00f3n tenga una clara pronunciamiento respecto de este particular\u201d.<\/p>\n<\/div><\/section><\/div><div  style='height:50px' class='hr hr-invisible   avia-builder-el-6  el_after_av_one_full  el_before_av_social_share '><span class='hr-inner ' ><span class='hr-inner-style'><\/span><\/span><\/div><\/p>\n<div  class='av-social-sharing-box  avia-builder-el-7  el_after_av_hr  el_before_av_hr  '><div class='av-share-box'><h5 class='av-share-link-description av-no-toc '>Compartir esta noticia<\/h5><ul class='av-share-box-list noLightbox'><li class='av-share-link av-social-link-facebook' ><a target=\"_blank\" aria-label=\"Compartir en Facebook\" href='https:\/\/www.facebook.com\/sharer.php?u=https:\/\/radiorevelacionfm.cl\/?p=60766&#038;t=Sandoval%20plante%C3%B3%20que%20definici%C3%B3n%20de%20Sitio%20Prioritarios%20debe%20considerar%20%E2%80%9Cnecesario%20resguardo%20de%20las%20actividades%20que%20realizan%20nuestros%20pobladores%20a%20lo%20largo%20de%20la%20regi%C3%B3n%E2%80%9D' aria-hidden='false' data-av_icon='\ue8f3' data-av_iconfont='entypo-fontello' title='' data-avia-related-tooltip='Compartir en Facebook' rel=\"noopener\"><span class='avia_hidden_link_text'>Compartir en Facebook<\/span><\/a><\/li><li class='av-share-link av-social-link-twitter' ><a target=\"_blank\" aria-label=\"Compartir en Twitter\" href='https:\/\/twitter.com\/share?text=Sandoval%20plante%C3%B3%20que%20definici%C3%B3n%20de%20Sitio%20Prioritarios%20debe%20considerar%20%E2%80%9Cnecesario%20resguardo%20de%20las%20actividades%20que%20realizan%20nuestros%20pobladores%20a%20lo%20largo%20de%20la%20regi%C3%B3n%E2%80%9D&#038;url=https:\/\/radiorevelacionfm.cl\/?p=60766' aria-hidden='false' data-av_icon='\ue8f1' data-av_iconfont='entypo-fontello' title='' data-avia-related-tooltip='Compartir en Twitter' rel=\"noopener\"><span class='avia_hidden_link_text'>Compartir en Twitter<\/span><\/a><\/li><li class='av-share-link av-social-link-whatsapp' ><a target=\"_blank\" aria-label=\"Compartir en Whatsapp\" href='https:\/\/api.whatsapp.com\/send?text=https:\/\/radiorevelacionfm.cl\/?p=60766' aria-hidden='false' data-av_icon='\uf232' data-av_iconfont='entypo-fontello' title='' data-avia-related-tooltip='Compartir en Whatsapp' rel=\"noopener\"><span class='avia_hidden_link_text'>Compartir en Whatsapp<\/span><\/a><\/li><li class='av-share-link av-social-link-linkedin' ><a target=\"_blank\" aria-label=\"Compartir en LinkedIn\" href='https:\/\/linkedin.com\/shareArticle?mini=true&#038;title=Sandoval%20plante%C3%B3%20que%20definici%C3%B3n%20de%20Sitio%20Prioritarios%20debe%20considerar%20%E2%80%9Cnecesario%20resguardo%20de%20las%20actividades%20que%20realizan%20nuestros%20pobladores%20a%20lo%20largo%20de%20la%20regi%C3%B3n%E2%80%9D&#038;url=https:\/\/radiorevelacionfm.cl\/?p=60766' aria-hidden='false' data-av_icon='\ue8fc' data-av_iconfont='entypo-fontello' title='' data-avia-related-tooltip='Compartir en LinkedIn' rel=\"noopener\"><span class='avia_hidden_link_text'>Compartir en LinkedIn<\/span><\/a><\/li><li class='av-share-link av-social-link-mail' ><a  aria-label=\"Compartir por correo\" href='mailto:?subject=Sandoval%20plante%C3%B3%20que%20definici%C3%B3n%20de%20Sitio%20Prioritarios%20debe%20considerar%20%E2%80%9Cnecesario%20resguardo%20de%20las%20actividades%20que%20realizan%20nuestros%20pobladores%20a%20lo%20largo%20de%20la%20regi%C3%B3n%E2%80%9D&#038;body=https:\/\/radiorevelacionfm.cl\/?p=60766' aria-hidden='false' data-av_icon='\ue805' data-av_iconfont='entypo-fontello' title='' data-avia-related-tooltip='Compartir por correo'><span class='avia_hidden_link_text'>Compartir por correo<\/span><\/a><\/li><\/ul><\/div><\/div>\n<div  style='height:50px' class='hr hr-invisible   avia-builder-el-8  el_after_av_social_share  el_before_av_comments_list '><span class='hr-inner ' ><span class='hr-inner-style'><\/span><\/span><\/div>\n<div  class='av-buildercomment  av-blog-meta-html-info-disabled av-blog-meta-tag-disabled  '><\/div>\n","protected":false},"excerpt":{"rendered":"","protected":false},"author":1,"featured_media":60767,"comment_status":"closed","ping_status":"closed","sticky":false,"template":"","format":"standard","meta":{"footnotes":""},"categories":[35],"tags":[],"class_list":["post-60766","post","type-post","status-publish","format-standard","has-post-thumbnail","hentry","category-politica"],"jetpack_featured_media_url":"https:\/\/radiorevelacionfm.cl\/wp-content\/uploads\/2025\/10\/Senador-Sandoval-26.10.2025-1-1.jpg","_links":{"self":[{"href":"https:\/\/radiorevelacionfm.cl\/index.php?rest_route=\/wp\/v2\/posts\/60766","targetHints":{"allow":["GET"]}}],"collection":[{"href":"https:\/\/radiorevelacionfm.cl\/index.php?rest_route=\/wp\/v2\/posts"}],"about":[{"href":"https:\/\/radiorevelacionfm.cl\/index.php?rest_route=\/wp\/v2\/types\/post"}],"author":[{"embeddable":true,"href":"https:\/\/radiorevelacionfm.cl\/index.php?rest_route=\/wp\/v2\/users\/1"}],"replies":[{"embeddable":true,"href":"https:\/\/radiorevelacionfm.cl\/index.php?rest_route=%2Fwp%2Fv2%2Fcomments&post=60766"}],"version-history":[{"count":2,"href":"https:\/\/radiorevelacionfm.cl\/index.php?rest_route=\/wp\/v2\/posts\/60766\/revisions"}],"predecessor-version":[{"id":60773,"href":"https:\/\/radiorevelacionfm.cl\/index.php?rest_route=\/wp\/v2\/posts\/60766\/revisions\/60773"}],"wp:featuredmedia":[{"embeddable":true,"href":"https:\/\/radiorevelacionfm.cl\/index.php?rest_route=\/wp\/v2\/media\/60767"}],"wp:attachment":[{"href":"https:\/\/radiorevelacionfm.cl\/index.php?rest_route=%2Fwp%2Fv2%2Fmedia&parent=60766"}],"wp:term":[{"taxonomy":"category","embeddable":true,"href":"https:\/\/radiorevelacionfm.cl\/index.php?rest_route=%2Fwp%2Fv2%2Fcategories&post=60766"},{"taxonomy":"post_tag","embeddable":true,"href":"https:\/\/radiorevelacionfm.cl\/index.php?rest_route=%2Fwp%2Fv2%2Ftags&post=60766"}],"curies":[{"name":"wp","href":"https:\/\/api.w.org\/{rel}","templated":true}]}}