{"id":60756,"date":"2025-10-25T11:45:51","date_gmt":"2025-10-25T14:45:51","guid":{"rendered":"https:\/\/radiorevelacionfm.cl\/?p=60756"},"modified":"2025-10-25T11:45:51","modified_gmt":"2025-10-25T14:45:51","slug":"gran-convocatoria-en-feria-de-educacion-para-la-sostenibilidad-realizada-en-coyhaique","status":"publish","type":"post","link":"https:\/\/radiorevelacionfm.cl\/?p=60756","title":{"rendered":"Gran convocatoria en feria de educaci\u00f3n para la sostenibilidad realizada en Coyhaique"},"content":{"rendered":"<div class=\"flex_column av_one_full  flex_column_div av-zero-column-padding first  avia-builder-el-0  el_before_av_one_full  avia-builder-el-first  \" style='border-radius:0px; '><div  class='avia-image-container  av-styling-    avia-builder-el-1  avia-builder-el-no-sibling  avia-align-center '  itemprop=\"image\" itemscope=\"itemscope\" itemtype=\"https:\/\/schema.org\/ImageObject\"  ><div class='avia-image-container-inner'><div class='avia-image-overlay-wrap'><img decoding=\"async\" class='wp-image-60757 avia-img-lazy-loading-not-60757 avia_image' src=\"https:\/\/radiorevelacionfm.cl\/wp-content\/uploads\/2025\/10\/img_7684-1-1_optimized-1_optimized-1.jpg\" alt='' title='img_7684-(1)-(1)_optimized-(1)_optimized (1)' height=\"600\" width=\"1067\"  itemprop=\"thumbnailUrl\" srcset=\"https:\/\/radiorevelacionfm.cl\/wp-content\/uploads\/2025\/10\/img_7684-1-1_optimized-1_optimized-1.jpg 1067w, https:\/\/radiorevelacionfm.cl\/wp-content\/uploads\/2025\/10\/img_7684-1-1_optimized-1_optimized-1-300x169.jpg 300w, https:\/\/radiorevelacionfm.cl\/wp-content\/uploads\/2025\/10\/img_7684-1-1_optimized-1_optimized-1-1030x579.jpg 1030w, https:\/\/radiorevelacionfm.cl\/wp-content\/uploads\/2025\/10\/img_7684-1-1_optimized-1_optimized-1-768x432.jpg 768w, https:\/\/radiorevelacionfm.cl\/wp-content\/uploads\/2025\/10\/img_7684-1-1_optimized-1_optimized-1-705x396.jpg 705w, https:\/\/radiorevelacionfm.cl\/wp-content\/uploads\/2025\/10\/img_7684-1-1_optimized-1_optimized-1-450x253.jpg 450w, https:\/\/radiorevelacionfm.cl\/wp-content\/uploads\/2025\/10\/img_7684-1-1_optimized-1_optimized-1-600x337.jpg 600w\" sizes=\"(max-width: 1067px) 100vw, 1067px\" \/><\/div><\/div><\/div><\/div><div class=\"flex_column av_one_full  flex_column_div av-zero-column-padding first  avia-builder-el-2  el_after_av_one_full  el_before_av_one_full  column-top-margin\" style='border-radius:0px; '><section class=\"av_textblock_section \"  itemscope=\"itemscope\" itemtype=\"https:\/\/schema.org\/BlogPosting\" itemprop=\"blogPost\" ><div class='avia_textblock  '   itemprop=\"text\" ><p style=\"text-align: center;\"><strong><span style=\"font-size: 18pt;\">Gran convocatoria en feria de educaci\u00f3n para la sostenibilidad realizada en Coyhaique<\/span><\/strong><\/p>\n<div id=\"gtx-trans\" style=\"position: absolute; left: -50px; top: 4.31534px;\">\n<div class=\"gtx-trans-icon\"><\/div>\n<\/div>\n<\/div><\/section><\/div><div class=\"flex_column av_one_full  flex_column_div av-zero-column-padding first  avia-builder-el-4  el_after_av_one_full  el_before_av_hr  column-top-margin\" style='border-radius:0px; '><section class=\"av_textblock_section \"  itemscope=\"itemscope\" itemtype=\"https:\/\/schema.org\/BlogPosting\" itemprop=\"blogPost\" ><div class='avia_textblock  '   itemprop=\"text\" ><p style=\"text-align: justify;\">La Mesa Ays\u00e9n de la Pol\u00edtica Nacional de Educaci\u00f3n para el Desarrollo Sustentable PNEDS, se tom\u00f3 nuevamente la plaza de Coyhaique para llevar a cabo su feria ciudadana anual. Bajo el lema Feria de Desarrollo Sostenible 2025: \u201cEl futuro se dise\u00f1a hoy\u201d, cerca de 50 stands se instalaron en el centro de la capital regional a exponer sus acciones ambientales en l\u00ednea con los objetivos de desarrollo sostenible ODS.<\/p>\n<p style=\"text-align: justify;\">La actividad realizada en el marco de del d\u00eda mundial contra el cambio clim\u00e1tico, reuni\u00f3 a establecimientos educacionales, empresas, emprendedores, instituciones p\u00fablicas y organizaciones de la sociedad civil, en una fiesta ciudadana que detuvo a los transe\u00fantes con proyectos y programas medioambientales.<\/p>\n<p style=\"text-align: justify;\">\u201cComo Gobierno estamos preocupados del cambio clim\u00e1tico y sus efectos y por eso es que a trav\u00e9s de la agenda que tenemos en esa direcci\u00f3n, estamos haciendo esta feria para que la opini\u00f3n p\u00fablica de nuevos ciudadanos de nuestra capital regional tomen conciencia respecto de este fen\u00f3meno\u201d, declar\u00f3 el Delegado Presidencial\u00a0 Regional de Ays\u00e9n, Jorge D\u00edaz, recordando que el objetivo de la jornada es promover buenas pr\u00e1cticas en nuestra relaci\u00f3n con el medio ambiente, la seguridad alimentaria y la seguridad tambi\u00e9n social de nuestros habitantes.<\/p>\n<p style=\"text-align: justify;\">La Feria de Desarrollo Sostenible 2025 representa un\u202fhito regional significativo, la gran convocatoria confirma el inter\u00e9s colectivo por fortalecer la educaci\u00f3n para la sostenibilidad, visibilizando buenas pr\u00e1cticas, fomentando el di\u00e1logo y consolidando redes colaborativas para la transformaci\u00f3n social con pertinencia local y respeto por el entorno.<\/p>\n<p style=\"text-align: justify;\">\u201cDesde la Feria creemos que podemos tambi\u00e9n mostrarle a la ciudadan\u00eda c\u00f3mo estamos accionando desde las distintas iniciativas que realizan los establecimientos educacionales, los servicios p\u00fablicos, el mundo privado, porque esa es la forma de avanzar. Tenemos un trabajo que estamos realizando como gobierno, que es coherente tambi\u00e9n con esa mirada y esperamos tambi\u00e9n seguir trabajando con lo que venga de aqu\u00ed en adelante\u201d, destac\u00f3 el Seremi del Medio Ambiente, Yoal D\u00edaz, agregando que junto al Gobierno Regional y el Comit\u00e9 Regional de Cambio Clim\u00e1tico, ya se cuenta con el Plan de Acci\u00f3n Regional de Cambio Clim\u00e1tico, que muestra una hoja de ruta de cinco a\u00f1os para abordar la crisis clim\u00e1tica.<\/p>\n<p style=\"text-align: justify;\">Por su parte, la representante de Aguas Patagonia, actual presidencia de la Mesa PNEDS, Anita Oyarz\u00fan, agradeci\u00f3 la alta convocatoria a la actividad \u201cPara nosotros es muy importante, poder mostrar la transversalidad y c\u00f3mo nosotros vamos desarrollando anualmente todas las pol\u00edticas para poder hacer esta gesti\u00f3n medioambiental (\u2026) poder mostrarle a la comunidad c\u00f3mo todas las instituciones p\u00fablicas y privadas que en este momento est\u00e1n acompa\u00f1\u00e1ndonos, desarrollan, ejecutan y muestran la conciencia con la que nosotros tenemos que proyectarnos para tener un desarrollo m\u00e1s sostenible\u201d.<\/p>\n<p style=\"text-align: justify;\">Finalmente la Seremi de Desarrollo Social y Familia, Karina Acevedo, relev\u00f3 como la actividad se vincula con los objetivos de la agenda 2030,\u00a0 cuya articulaci\u00f3n es liderada por su cartera en la regi\u00f3n de Ays\u00e9n\u00a0 \u201cLa feria no solamente involucra lo que es el cambio clim\u00e1tico, tiene que ver tambi\u00e9n con la Agenda 2030 y los Objetivos de Desarrollo Sostenible ODS (\u2026) y cuando estamos hablando ODS, estamos hablando de superaci\u00f3n de la pobreza, de educaci\u00f3n, de g\u00e9nero, de mejor\u00eda, de calidad de vida\u201d, concluy\u00f3.<\/p>\n<\/div><\/section><\/div><div  style='height:50px' class='hr hr-invisible   avia-builder-el-6  el_after_av_one_full  el_before_av_social_share '><span class='hr-inner ' ><span class='hr-inner-style'><\/span><\/span><\/div><\/p>\n<div  class='av-social-sharing-box  avia-builder-el-7  el_after_av_hr  el_before_av_hr  '><div class='av-share-box'><h5 class='av-share-link-description av-no-toc '>Compartir esta noticia<\/h5><ul class='av-share-box-list noLightbox'><li class='av-share-link av-social-link-facebook' ><a target=\"_blank\" aria-label=\"Compartir en Facebook\" href='https:\/\/www.facebook.com\/sharer.php?u=https:\/\/radiorevelacionfm.cl\/?p=60756&#038;t=Gran%20convocatoria%20en%20feria%20de%20educaci%C3%B3n%20para%20la%20sostenibilidad%20realizada%20en%20Coyhaique' aria-hidden='false' data-av_icon='\ue8f3' data-av_iconfont='entypo-fontello' title='' data-avia-related-tooltip='Compartir en Facebook' rel=\"noopener\"><span class='avia_hidden_link_text'>Compartir en Facebook<\/span><\/a><\/li><li class='av-share-link av-social-link-twitter' ><a target=\"_blank\" aria-label=\"Compartir en Twitter\" href='https:\/\/twitter.com\/share?text=Gran%20convocatoria%20en%20feria%20de%20educaci%C3%B3n%20para%20la%20sostenibilidad%20realizada%20en%20Coyhaique&#038;url=https:\/\/radiorevelacionfm.cl\/?p=60756' aria-hidden='false' data-av_icon='\ue8f1' data-av_iconfont='entypo-fontello' title='' data-avia-related-tooltip='Compartir en Twitter' rel=\"noopener\"><span class='avia_hidden_link_text'>Compartir en Twitter<\/span><\/a><\/li><li class='av-share-link av-social-link-whatsapp' ><a target=\"_blank\" aria-label=\"Compartir en Whatsapp\" href='https:\/\/api.whatsapp.com\/send?text=https:\/\/radiorevelacionfm.cl\/?p=60756' aria-hidden='false' data-av_icon='\uf232' data-av_iconfont='entypo-fontello' title='' data-avia-related-tooltip='Compartir en Whatsapp' rel=\"noopener\"><span class='avia_hidden_link_text'>Compartir en Whatsapp<\/span><\/a><\/li><li class='av-share-link av-social-link-linkedin' ><a target=\"_blank\" aria-label=\"Compartir en LinkedIn\" href='https:\/\/linkedin.com\/shareArticle?mini=true&#038;title=Gran%20convocatoria%20en%20feria%20de%20educaci%C3%B3n%20para%20la%20sostenibilidad%20realizada%20en%20Coyhaique&#038;url=https:\/\/radiorevelacionfm.cl\/?p=60756' aria-hidden='false' data-av_icon='\ue8fc' data-av_iconfont='entypo-fontello' title='' data-avia-related-tooltip='Compartir en LinkedIn' rel=\"noopener\"><span class='avia_hidden_link_text'>Compartir en LinkedIn<\/span><\/a><\/li><li class='av-share-link av-social-link-mail' ><a  aria-label=\"Compartir por correo\" href='mailto:?subject=Gran%20convocatoria%20en%20feria%20de%20educaci%C3%B3n%20para%20la%20sostenibilidad%20realizada%20en%20Coyhaique&#038;body=https:\/\/radiorevelacionfm.cl\/?p=60756' aria-hidden='false' data-av_icon='\ue805' data-av_iconfont='entypo-fontello' title='' data-avia-related-tooltip='Compartir por correo'><span class='avia_hidden_link_text'>Compartir por correo<\/span><\/a><\/li><\/ul><\/div><\/div>\n<div  style='height:50px' class='hr hr-invisible   avia-builder-el-8  el_after_av_social_share  el_before_av_comments_list '><span class='hr-inner ' ><span class='hr-inner-style'><\/span><\/span><\/div>\n<div  class='av-buildercomment  av-blog-meta-html-info-disabled av-blog-meta-tag-disabled  '><\/div>\n","protected":false},"excerpt":{"rendered":"","protected":false},"author":1,"featured_media":60757,"comment_status":"closed","ping_status":"closed","sticky":false,"template":"","format":"standard","meta":{"footnotes":""},"categories":[38],"tags":[],"class_list":["post-60756","post","type-post","status-publish","format-standard","has-post-thumbnail","hentry","category-regional"],"jetpack_featured_media_url":"https:\/\/radiorevelacionfm.cl\/wp-content\/uploads\/2025\/10\/img_7684-1-1_optimized-1_optimized-1.jpg","_links":{"self":[{"href":"https:\/\/radiorevelacionfm.cl\/index.php?rest_route=\/wp\/v2\/posts\/60756","targetHints":{"allow":["GET"]}}],"collection":[{"href":"https:\/\/radiorevelacionfm.cl\/index.php?rest_route=\/wp\/v2\/posts"}],"about":[{"href":"https:\/\/radiorevelacionfm.cl\/index.php?rest_route=\/wp\/v2\/types\/post"}],"author":[{"embeddable":true,"href":"https:\/\/radiorevelacionfm.cl\/index.php?rest_route=\/wp\/v2\/users\/1"}],"replies":[{"embeddable":true,"href":"https:\/\/radiorevelacionfm.cl\/index.php?rest_route=%2Fwp%2Fv2%2Fcomments&post=60756"}],"version-history":[{"count":2,"href":"https:\/\/radiorevelacionfm.cl\/index.php?rest_route=\/wp\/v2\/posts\/60756\/revisions"}],"predecessor-version":[{"id":60765,"href":"https:\/\/radiorevelacionfm.cl\/index.php?rest_route=\/wp\/v2\/posts\/60756\/revisions\/60765"}],"wp:featuredmedia":[{"embeddable":true,"href":"https:\/\/radiorevelacionfm.cl\/index.php?rest_route=\/wp\/v2\/media\/60757"}],"wp:attachment":[{"href":"https:\/\/radiorevelacionfm.cl\/index.php?rest_route=%2Fwp%2Fv2%2Fmedia&parent=60756"}],"wp:term":[{"taxonomy":"category","embeddable":true,"href":"https:\/\/radiorevelacionfm.cl\/index.php?rest_route=%2Fwp%2Fv2%2Fcategories&post=60756"},{"taxonomy":"post_tag","embeddable":true,"href":"https:\/\/radiorevelacionfm.cl\/index.php?rest_route=%2Fwp%2Fv2%2Ftags&post=60756"}],"curies":[{"name":"wp","href":"https:\/\/api.w.org\/{rel}","templated":true}]}}