{"id":60753,"date":"2025-10-24T19:04:20","date_gmt":"2025-10-24T22:04:20","guid":{"rendered":"https:\/\/radiorevelacionfm.cl\/?p=60753"},"modified":"2025-10-24T19:04:20","modified_gmt":"2025-10-24T22:04:20","slug":"sence-aysen-invita-a-postular-a-cursos-online-de-talento-digital-e-inteligencia-artificial","status":"publish","type":"post","link":"https:\/\/radiorevelacionfm.cl\/?p=60753","title":{"rendered":"SENCE Ays\u00e9n invita a postular a Cursos online de Talento Digital e Inteligencia Artificial"},"content":{"rendered":"<div class=\"flex_column av_one_full  flex_column_div av-zero-column-padding first  avia-builder-el-0  el_before_av_one_full  avia-builder-el-first  \" style='border-radius:0px; '><div  class='avia-image-container  av-styling-    avia-builder-el-1  avia-builder-el-no-sibling  avia-align-center '  itemprop=\"image\" itemscope=\"itemscope\" itemtype=\"https:\/\/schema.org\/ImageObject\"  ><div class='avia-image-container-inner'><div class='avia-image-overlay-wrap'><img decoding=\"async\" class='wp-image-60754 avia-img-lazy-loading-not-60754 avia_image' src=\"https:\/\/radiorevelacionfm.cl\/wp-content\/uploads\/2025\/10\/Director-1-1.jpeg\" alt='' title='Director (1) (1)' height=\"600\" width=\"900\"  itemprop=\"thumbnailUrl\" srcset=\"https:\/\/radiorevelacionfm.cl\/wp-content\/uploads\/2025\/10\/Director-1-1.jpeg 900w, https:\/\/radiorevelacionfm.cl\/wp-content\/uploads\/2025\/10\/Director-1-1-300x200.jpeg 300w, https:\/\/radiorevelacionfm.cl\/wp-content\/uploads\/2025\/10\/Director-1-1-768x512.jpeg 768w, https:\/\/radiorevelacionfm.cl\/wp-content\/uploads\/2025\/10\/Director-1-1-705x470.jpeg 705w, https:\/\/radiorevelacionfm.cl\/wp-content\/uploads\/2025\/10\/Director-1-1-450x300.jpeg 450w, https:\/\/radiorevelacionfm.cl\/wp-content\/uploads\/2025\/10\/Director-1-1-600x400.jpeg 600w\" sizes=\"(max-width: 900px) 100vw, 900px\" \/><\/div><\/div><\/div><\/div><div class=\"flex_column av_one_full  flex_column_div av-zero-column-padding first  avia-builder-el-2  el_after_av_one_full  el_before_av_one_full  column-top-margin\" style='border-radius:0px; '><section class=\"av_textblock_section \"  itemscope=\"itemscope\" itemtype=\"https:\/\/schema.org\/BlogPosting\" itemprop=\"blogPost\" ><div class='avia_textblock  '   itemprop=\"text\" ><p style=\"text-align: center;\"><span style=\"font-size: 18pt;\"><strong>SENCE Ays\u00e9n invita a postular a Cursos online de Talento Digital e Inteligencia Artificial<\/strong><\/span><\/p>\n<div id=\"gtx-trans\" style=\"position: absolute; left: -50px; top: 4.31534px;\">\n<div class=\"gtx-trans-icon\"><\/div>\n<\/div>\n<\/div><\/section><\/div><div class=\"flex_column av_one_full  flex_column_div av-zero-column-padding first  avia-builder-el-4  el_after_av_one_full  el_before_av_hr  column-top-margin\" style='border-radius:0px; '><section class=\"av_textblock_section \"  itemscope=\"itemscope\" itemtype=\"https:\/\/schema.org\/BlogPosting\" itemprop=\"blogPost\" ><div class='avia_textblock  '   itemprop=\"text\" ><p style=\"font-weight: 400; text-align: justify;\"><em>Se trata de los programas \u201cHazlo con IA\u201d y a las Becas de \u201cTalento Digital Reinv\u00e9ntate\u201d<\/em><\/p>\n<p style=\"font-weight: 400; text-align: justify;\">Un llamado a postular su oferta program\u00e1tica est\u00e1 realizando el Servicio Nacional de Capacitaci\u00f3n y Empleo &#8211; SENCE, de la regi\u00f3n de Ays\u00e9n, son dos programas que ofrecen cursos de manera 100% E-learning, con subsidios por avances y en algunos casos, pueden optar funcionarios p\u00fablicos, lo que es una apuesta innovadora que justamente busca mejorar y potenciar la funci\u00f3n en el aparataje estatal.<\/p>\n<p style=\"font-weight: 400; text-align: justify;\">Los cursos est\u00e1n disponibles en \u201cHazlo con IA\u201d, son gratuitos y 100% en l\u00ednea. No requieren conocimientos previos y cada usuario recibir\u00e1 una ruta personalizada de aprendizaje, compuesta por cursos fundamentales y contenidos adaptados a las necesidades de su labor en el sector p\u00fablico. As\u00ed lo destac\u00f3 el director regional del SENCE Ays\u00e9n, Nelson Garrido Morales \u201c<em>T<\/em><em>enemos los cursos \u201cHazlo con IA\u201d tras el exitoso inicio con m\u00e1s de 25 mil trabajadores de mipymes inscritos en la primera etapa, el proyecto p\u00fablico-privado Hazlo con IA inici\u00f3 su segunda fase. Son 18 cursos de Inteligencia Artificial Generativa (IAGen) gratuitos y en l\u00ednea, especialmente dise\u00f1ados para funcionarios p\u00fablicos, tanto del gobierno central, como de los otros poderes del Estado, las administraciones locales y los \u00f3rganos aut\u00f3nomos. La segunda fase de Hazlo con IA contempla 18 cursos orientados a formar a unas 32.000 personas que trabajan en el sector p\u00fablico, con el fin de impulsar el uso estrat\u00e9gico y responsable de la IA, de cara a mejorar la gesti\u00f3n y los servicios a la ciudadan\u00eda. Estos cursos incluyen m\u00f3dulos de introducci\u00f3n a la IA, \u00e9tica y uso responsable, automatizaci\u00f3n de procesos, dise\u00f1o de prompts para gesti\u00f3n p\u00fablica y aplicaciones pr\u00e1cticas en \u00e1reas clave<\/em>\u201d manifest\u00f3.<\/p>\n<p style=\"font-weight: 400; text-align: justify;\">El Seremi(s) del Trabajo y Previsi\u00f3n Social, Rodrigo D\u00edaz Cordaro, coment\u00f3 sobre estos cursos gratuitos de Sence,\u00a0<em>\u201cDesde el punto de vista laboral, el cambio es una constante y debemos estar preparados como trabajadores a vivir estas transformaciones y adaptarnos a ellos. Por eso Sence a trav\u00e9s de estos cursos de talento Digital y Hazlo con IA (Inteligencia Artificial) y otros que tiene a libre disposici\u00f3n en su sitio web, buscan capacitar y entregar herramientas fundamentales en los d\u00edas actuales, que hay que aprovecharlos desde el punto de vista laboral y tambi\u00e9n personal\u201d.<\/em><\/p>\n<p style=\"font-weight: 400; text-align: justify;\">La autoridad laboral a\u00f1adi\u00f3,\u00a0<em>\u201cPrecisamente esta semana junto al Observatorio Laboral de Ays\u00e9n, la Direcci\u00f3n del Trabajo y el CFT Estatal realizamos un Seminario de Prospecci\u00f3n Laboral sobre el Futuro del Trabajo para dirigentes sindicales, y as\u00ed prepararlos para lo que viene, ya que como Regi\u00f3n de Ays\u00e9n no nos podemos quedar atr\u00e1s y esa tambi\u00e9n es una responsabilidad personal, de cada trabajador y trabajadora. Como Gobierno, nos estamos preocupando y ocupando de apoyar a los trabajadores a insertarse de mejor en los nuevos escenarios y necesidades del campo laboral\u201d<\/em>, manifest\u00f3.<\/p>\n<p style=\"font-weight: 400; text-align: justify;\">Con el prop\u00f3sito de seguir ampliando las oportunidades laborales en el sector tecnol\u00f3gico y responder a la creciente demanda de talento digital en el pa\u00eds, Talento Digital para Chile y el Servicio Nacional de Capacitaci\u00f3n y Empleo (SENCE) se encuentran en proceso de postulaci\u00f3n de una nueva edici\u00f3n del programa Reinv\u00e9ntate, que pone a disposici\u00f3n 2.075 becas gratuitas en \u00e1reas de alta demanda como programaci\u00f3n, an\u00e1lisis de datos, dise\u00f1o UX\/UI y ciberseguridad. La iniciativa lanzada el 9 de octubre pasado, ha resultado un \u00e9xito por lo que SENCE y Talento Digital para Chile, decidieron extender la postulaci\u00f3n por cinco d\u00edas cerrando el proceso en\u00a0<a href=\"http:\/\/sence.cl\/\" data-saferedirecturl=\"https:\/\/www.google.com\/url?q=http:\/\/sence.cl&amp;source=gmail&amp;ust=1761419103471000&amp;usg=AOvVaw0dUSLttk68PCS3xp_ormfu\">sence.cl<\/a>, el pr\u00f3ximo martes 28 de octubre.<\/p>\n<p style=\"font-weight: 400; text-align: justify;\"><em>\u201cInvitamos a postular a nuestro programa \u201cTalento Digital Reinv\u00e9ntate\u201d, donde se ampli\u00f3 el plazo de postulaci\u00f3n, tenemos una oferta variada de cursos de capacitaci\u00f3n, El programa est\u00e1 dirigido a personas que hoy no tienen trabajo y que hayan trabajado como dependientes o independientes, con cotizaciones registradas en los \u00faltimos 36 meses. Esta iniciativa busca capacitar en carreras tecnol\u00f3gicas de alta demanda, entregando nuevas habilidades y m\u00e1s oportunidades de reinserci\u00f3n laboral, a trav\u00e9s de dos l\u00edneas de formaci\u00f3n: una de nivel inicial (Entry Level), pensada para quienes reci\u00e9n comienzan en el mundo digital, y otra de especialidad, dirigida a personas con experiencia o formaci\u00f3n t\u00e9cnica o profesional en \u00e1reas afines que deseen profundizar. Hay que se\u00f1alar que quienes deseen postular se deben encontrar sin trabajo, hay que ser mayor de 18 a\u00f1os, se debe contar con al menos 3 cotizaciones en los \u00faltimos 36 meses, \u00f3sea 3 a\u00f1os y no haber percibido una renta bruta superior en el \u00faltimo a\u00f1o superior al $1.200.000.- estos cursos son todos de modalidad online, cuentan con subsidios por avance de 4000 y 5000 pesos\u201d<\/em>\u00a0se\u00f1al\u00f3 el director regional.<\/p>\n<p style=\"font-weight: 400; text-align: justify;\"><strong>Un programa gratuito y de alcance nacional<\/strong><\/p>\n<p style=\"font-weight: 400; text-align: justify;\">El programa Reinv\u00e9ntate \u2013 L\u00ednea Talento Digital ofrece formaci\u00f3n intensiva bajo la metodolog\u00eda bootcamp, que permite adquirir habilidades t\u00e9cnicas y pr\u00e1cticas en un periodo de entre 3 y 6 meses, facilitando una r\u00e1pida inserci\u00f3n en el mercado laboral.<\/p>\n<p style=\"font-weight: 400; text-align: justify;\">Los cursos se imparten en modalidad online, est\u00e1n dirigidos a personas cesantes o trabajadores independientes de todo el pa\u00eds y son 100% gratuitos en formato e-learning.<\/p>\n<p style=\"font-weight: 400; text-align: justify;\">Entre los programas disponibles destacan:<\/p>\n<ul>\n<li style=\"font-weight: 400; text-align: justify;\">Fundamentos de Ciencia de Datos<\/li>\n<li style=\"font-weight: 400; text-align: justify;\">Fundamentos de An\u00e1lisis de Datos<\/li>\n<li style=\"font-weight: 400; text-align: justify;\">Fundamentos de Arquitectura Cloud<\/li>\n<li style=\"font-weight: 400; text-align: justify;\">Fundamentos de Product Owner<\/li>\n<li style=\"font-weight: 400; text-align: justify;\">Fundamentos de Seguridad en Plataformas Computacionales<\/li>\n<li style=\"font-weight: 400; text-align: justify;\">Desarrollo de Aplicaciones Front-End, Full Stack Java, Full Stack JavaScript y Python<\/li>\n<li style=\"font-weight: 400; text-align: justify;\">Desarrollo de Aplicaciones M\u00f3viles Android<\/li>\n<li style=\"font-weight: 400; text-align: justify;\">Dise\u00f1o UX\/UI<\/li>\n<\/ul>\n<\/div><\/section><\/div><div  style='height:50px' class='hr hr-invisible   avia-builder-el-6  el_after_av_one_full  el_before_av_social_share '><span class='hr-inner ' ><span class='hr-inner-style'><\/span><\/span><\/div><\/p>\n<div  class='av-social-sharing-box  avia-builder-el-7  el_after_av_hr  el_before_av_hr  '><div class='av-share-box'><h5 class='av-share-link-description av-no-toc '>Compartir esta noticia<\/h5><ul class='av-share-box-list noLightbox'><li class='av-share-link av-social-link-facebook' ><a target=\"_blank\" aria-label=\"Compartir en Facebook\" href='https:\/\/www.facebook.com\/sharer.php?u=https:\/\/radiorevelacionfm.cl\/?p=60753&#038;t=SENCE%20Ays%C3%A9n%20invita%20a%20postular%20a%20Cursos%20online%20de%20Talento%20Digital%20e%20Inteligencia%20Artificial' aria-hidden='false' data-av_icon='\ue8f3' data-av_iconfont='entypo-fontello' title='' data-avia-related-tooltip='Compartir en Facebook' rel=\"noopener\"><span class='avia_hidden_link_text'>Compartir en Facebook<\/span><\/a><\/li><li class='av-share-link av-social-link-twitter' ><a target=\"_blank\" aria-label=\"Compartir en Twitter\" href='https:\/\/twitter.com\/share?text=SENCE%20Ays%C3%A9n%20invita%20a%20postular%20a%20Cursos%20online%20de%20Talento%20Digital%20e%20Inteligencia%20Artificial&#038;url=https:\/\/radiorevelacionfm.cl\/?p=60753' aria-hidden='false' data-av_icon='\ue8f1' data-av_iconfont='entypo-fontello' title='' data-avia-related-tooltip='Compartir en Twitter' rel=\"noopener\"><span class='avia_hidden_link_text'>Compartir en Twitter<\/span><\/a><\/li><li class='av-share-link av-social-link-whatsapp' ><a target=\"_blank\" aria-label=\"Compartir en Whatsapp\" href='https:\/\/api.whatsapp.com\/send?text=https:\/\/radiorevelacionfm.cl\/?p=60753' aria-hidden='false' data-av_icon='\uf232' data-av_iconfont='entypo-fontello' title='' data-avia-related-tooltip='Compartir en Whatsapp' rel=\"noopener\"><span class='avia_hidden_link_text'>Compartir en Whatsapp<\/span><\/a><\/li><li class='av-share-link av-social-link-linkedin' ><a target=\"_blank\" aria-label=\"Compartir en LinkedIn\" href='https:\/\/linkedin.com\/shareArticle?mini=true&#038;title=SENCE%20Ays%C3%A9n%20invita%20a%20postular%20a%20Cursos%20online%20de%20Talento%20Digital%20e%20Inteligencia%20Artificial&#038;url=https:\/\/radiorevelacionfm.cl\/?p=60753' aria-hidden='false' data-av_icon='\ue8fc' data-av_iconfont='entypo-fontello' title='' data-avia-related-tooltip='Compartir en LinkedIn' rel=\"noopener\"><span class='avia_hidden_link_text'>Compartir en LinkedIn<\/span><\/a><\/li><li class='av-share-link av-social-link-mail' ><a  aria-label=\"Compartir por correo\" href='mailto:?subject=SENCE%20Ays%C3%A9n%20invita%20a%20postular%20a%20Cursos%20online%20de%20Talento%20Digital%20e%20Inteligencia%20Artificial&#038;body=https:\/\/radiorevelacionfm.cl\/?p=60753' aria-hidden='false' data-av_icon='\ue805' data-av_iconfont='entypo-fontello' title='' data-avia-related-tooltip='Compartir por correo'><span class='avia_hidden_link_text'>Compartir por correo<\/span><\/a><\/li><\/ul><\/div><\/div>\n<div  style='height:50px' class='hr hr-invisible   avia-builder-el-8  el_after_av_social_share  el_before_av_comments_list '><span class='hr-inner ' ><span class='hr-inner-style'><\/span><\/span><\/div>\n<div  class='av-buildercomment  av-blog-meta-html-info-disabled av-blog-meta-tag-disabled  '><\/div>\n","protected":false},"excerpt":{"rendered":"","protected":false},"author":1,"featured_media":60754,"comment_status":"closed","ping_status":"closed","sticky":false,"template":"","format":"standard","meta":{"footnotes":""},"categories":[56],"tags":[],"class_list":["post-60753","post","type-post","status-publish","format-standard","has-post-thumbnail","hentry","category-trabajo"],"jetpack_featured_media_url":"https:\/\/radiorevelacionfm.cl\/wp-content\/uploads\/2025\/10\/Director-1-1.jpeg","_links":{"self":[{"href":"https:\/\/radiorevelacionfm.cl\/index.php?rest_route=\/wp\/v2\/posts\/60753","targetHints":{"allow":["GET"]}}],"collection":[{"href":"https:\/\/radiorevelacionfm.cl\/index.php?rest_route=\/wp\/v2\/posts"}],"about":[{"href":"https:\/\/radiorevelacionfm.cl\/index.php?rest_route=\/wp\/v2\/types\/post"}],"author":[{"embeddable":true,"href":"https:\/\/radiorevelacionfm.cl\/index.php?rest_route=\/wp\/v2\/users\/1"}],"replies":[{"embeddable":true,"href":"https:\/\/radiorevelacionfm.cl\/index.php?rest_route=%2Fwp%2Fv2%2Fcomments&post=60753"}],"version-history":[{"count":2,"href":"https:\/\/radiorevelacionfm.cl\/index.php?rest_route=\/wp\/v2\/posts\/60753\/revisions"}],"predecessor-version":[{"id":60760,"href":"https:\/\/radiorevelacionfm.cl\/index.php?rest_route=\/wp\/v2\/posts\/60753\/revisions\/60760"}],"wp:featuredmedia":[{"embeddable":true,"href":"https:\/\/radiorevelacionfm.cl\/index.php?rest_route=\/wp\/v2\/media\/60754"}],"wp:attachment":[{"href":"https:\/\/radiorevelacionfm.cl\/index.php?rest_route=%2Fwp%2Fv2%2Fmedia&parent=60753"}],"wp:term":[{"taxonomy":"category","embeddable":true,"href":"https:\/\/radiorevelacionfm.cl\/index.php?rest_route=%2Fwp%2Fv2%2Fcategories&post=60753"},{"taxonomy":"post_tag","embeddable":true,"href":"https:\/\/radiorevelacionfm.cl\/index.php?rest_route=%2Fwp%2Fv2%2Ftags&post=60753"}],"curies":[{"name":"wp","href":"https:\/\/api.w.org\/{rel}","templated":true}]}}