{"id":60749,"date":"2025-10-24T16:01:16","date_gmt":"2025-10-24T19:01:16","guid":{"rendered":"https:\/\/radiorevelacionfm.cl\/?p=60749"},"modified":"2025-10-24T16:01:16","modified_gmt":"2025-10-24T19:01:16","slug":"cisnes-presento-su-plan-de-desarrollo-turistico-en-la-localidad-de-puyuhuapi","status":"publish","type":"post","link":"https:\/\/radiorevelacionfm.cl\/?p=60749","title":{"rendered":"Cisnes present\u00f3 su Plan de Desarrollo Tur\u00edstico en la localidad de Puyuhuapi"},"content":{"rendered":"<div class=\"flex_column av_one_full  flex_column_div av-zero-column-padding first  avia-builder-el-0  el_before_av_one_full  avia-builder-el-first  \" style='border-radius:0px; '><div  class='avia-image-container  av-styling-    avia-builder-el-1  avia-builder-el-no-sibling  avia-align-center '  itemprop=\"image\" itemscope=\"itemscope\" itemtype=\"https:\/\/schema.org\/ImageObject\"  ><div class='avia-image-container-inner'><div class='avia-image-overlay-wrap'><img decoding=\"async\" class='wp-image-60750 avia-img-lazy-loading-not-60750 avia_image' src=\"https:\/\/radiorevelacionfm.cl\/wp-content\/uploads\/2025\/10\/Entrega-Resumen-Pladetur-a-agrupaciones-1-1.jpg\" alt='' title='Entrega Resumen Pladetur a agrupaciones (1) (1)' height=\"600\" width=\"800\"  itemprop=\"thumbnailUrl\" srcset=\"https:\/\/radiorevelacionfm.cl\/wp-content\/uploads\/2025\/10\/Entrega-Resumen-Pladetur-a-agrupaciones-1-1.jpg 800w, https:\/\/radiorevelacionfm.cl\/wp-content\/uploads\/2025\/10\/Entrega-Resumen-Pladetur-a-agrupaciones-1-1-300x225.jpg 300w, https:\/\/radiorevelacionfm.cl\/wp-content\/uploads\/2025\/10\/Entrega-Resumen-Pladetur-a-agrupaciones-1-1-768x576.jpg 768w, https:\/\/radiorevelacionfm.cl\/wp-content\/uploads\/2025\/10\/Entrega-Resumen-Pladetur-a-agrupaciones-1-1-705x529.jpg 705w, https:\/\/radiorevelacionfm.cl\/wp-content\/uploads\/2025\/10\/Entrega-Resumen-Pladetur-a-agrupaciones-1-1-450x338.jpg 450w, https:\/\/radiorevelacionfm.cl\/wp-content\/uploads\/2025\/10\/Entrega-Resumen-Pladetur-a-agrupaciones-1-1-600x450.jpg 600w\" sizes=\"(max-width: 800px) 100vw, 800px\" \/><\/div><\/div><\/div><\/div><div class=\"flex_column av_one_full  flex_column_div av-zero-column-padding first  avia-builder-el-2  el_after_av_one_full  el_before_av_one_full  column-top-margin\" style='border-radius:0px; '><section class=\"av_textblock_section \"  itemscope=\"itemscope\" itemtype=\"https:\/\/schema.org\/BlogPosting\" itemprop=\"blogPost\" ><div class='avia_textblock  '   itemprop=\"text\" ><p style=\"text-align: center;\"><strong><span style=\"font-size: 18pt;\">Cisnes present\u00f3 su Plan de Desarrollo Tur\u00edstico en la localidad de Puyuhuapi<\/span><\/strong><\/p>\n<div id=\"gtx-trans\" style=\"position: absolute; left: -50px; top: 4.31534px;\">\n<div class=\"gtx-trans-icon\"><\/div>\n<\/div>\n<\/div><\/section><\/div><div class=\"flex_column av_one_full  flex_column_div av-zero-column-padding first  avia-builder-el-4  el_after_av_one_full  el_before_av_hr  column-top-margin\" style='border-radius:0px; '><section class=\"av_textblock_section \"  itemscope=\"itemscope\" itemtype=\"https:\/\/schema.org\/BlogPosting\" itemprop=\"blogPost\" ><div class='avia_textblock  '   itemprop=\"text\" ><p style=\"text-align: justify;\">Puyuhuapi \u2014 Con una amplia convocatoria de autoridades comunales y regionales, representantes del mundo p\u00fablico, privado, acad\u00e9mico y comunitario, la comuna de Cisnes realiz\u00f3 el pasado jueves 16 de octubre el lanzamiento oficial de su Plan de Desarrollo Tur\u00edstico (Pladetur) 2023\u20132030, instrumento que orientar\u00e1 el desarrollo del turismo local bajo una mirada sostenible, participativa y con identidad territorial.<\/p>\n<p style=\"text-align: justify;\">La ceremonia, desarrollada en Puerto Puyuhuapi, fue encabezada por el alcalde Francisco Roncagliolo Lepio, junto al gobernador regional de Ays\u00e9n, Marcelo Santana Vargas; el delegado presidencial regional, Jorge D\u00edaz Guzm\u00e1n; el director regional de Sernatur, Claudio Montecinos Angulo; representantes del Proyecto GEF FAO Gobernanza Marino Costera; Sernapesca, concejales, instituciones, emprendedores y vecinos de distintas localidades de la comuna.<\/p>\n<p style=\"text-align: justify;\"><strong>Una hoja de ruta para el desarrollo sostenible<\/strong><\/p>\n<p style=\"text-align: justify;\">El Pladetur es una herramienta de planificaci\u00f3n que permite diagnosticar la situaci\u00f3n actual del turismo, identificar oportunidades y definir lineamientos comunes para orientar su crecimiento de manera equilibrada. Su elaboraci\u00f3n fue fruto de un proceso participativo que reuni\u00f3 a representantes del sector p\u00fablico, privado, acad\u00e9mico y comunitario, bajo un modelo de gobernanza colaborativa destinado a alinear esfuerzos y fortalecer las capacidades locales.<\/p>\n<p style=\"text-align: justify;\">\u201cEl Pladetur nace desde una mirada participativa, con una gobernanza positiva que valora la cooperaci\u00f3n entre actores. Este plan no impone, sino que recoge las voces de quienes habitan el territorio, impulsando una estrategia coherente con nuestra identidad local y nuestras particularidades geogr\u00e1ficas y culturales\u201d, se\u00f1al\u00f3 el alcalde Francisco Roncagliolo Lepio, quien subray\u00f3 que el instrumento \u201cmarca los lineamientos con los cuales trabajaremos hasta el 2030, promoviendo la colaboraci\u00f3n entre instituciones y actores locales para el bienestar de toda nuestra gente. Su \u00e9nfasis est\u00e1 en avanzar unidos, entendiendo que el turismo es una de las actividades que sustentan nuestra econom\u00eda junto a la pesca, la agricultura, la ganader\u00eda, la industria salmonera, el comercio y los oficios tradicionales\u201d.<\/p>\n<p style=\"text-align: justify;\"><strong>Autoridades valoran la articulaci\u00f3n local<\/strong><\/p>\n<p style=\"text-align: justify;\">El gobernador regional de Ays\u00e9n, Marcelo Santana Vargas, destac\u00f3 la articulaci\u00f3n lograda en el proceso y el liderazgo local en la construcci\u00f3n del plan. \u201cQuiero reconocer el trabajo coordinado entre los dirigentes, los prestadores de servicios, el municipio, sus concejales y, por supuesto, el alcalde, quien ha encabezado este proceso y que hoy entrega directrices claras para el desarrollo tur\u00edstico de la comuna de Cisnes. Este es un trabajo que fortalece una de las actividades econ\u00f3micas m\u00e1s importantes de la regi\u00f3n, como es el turismo\u201d, expres\u00f3.<\/p>\n<p style=\"text-align: justify;\">El director regional de Sernatur, Claudio Montecinos, se\u00f1al\u00f3 que \u201cdesde Sernatur, particularmente desde Per Turismo Ays\u00e9n, hemos acompa\u00f1ado la elaboraci\u00f3n del Pladetur y reafirmamos nuestro compromiso para apoyar su implementaci\u00f3n, de modo que Cisnes contin\u00fae avanzando en un modelo de turismo sostenible\u201d.<\/p>\n<p style=\"text-align: justify;\">La encargada nacional de FAO en Chile, Andrea S\u00e1ez, valor\u00f3 el compromiso institucional y el trabajo conjunto: \u201cEl trabajo con el municipio, el Gobierno Regional y las autoridades locales, pero liderado en gran parte por el alcalde, ha hecho que las cosas pasen. Cuando existen autoridades comprometidas junto con la comunidad y las organizaciones civiles, los proyectos avanzan y logran resultados concretos. En la regi\u00f3n hemos tenido un trabajo muy fruct\u00edfero, impulsado por las voluntades pol\u00edticas de las autoridades, as\u00ed que mi agradecimiento al municipio\u201d.<\/p>\n<p style=\"text-align: justify;\"><strong>Reconocimientos e identidad territorial<\/strong><\/p>\n<p style=\"text-align: justify;\">Durante la jornada, se realiz\u00f3 un especial reconocimiento de Sernatur a Ver\u00f3nica Gallardo, por su destacada trayectoria gremial en el turismo local y regional. Adem\u00e1s, se entregaron los premios del Fondo de Econom\u00eda Azul, impulsado por el Proyecto GEF Gobernanza Marino Costera, que distingui\u00f3 las iniciativas de las agrupaciones \u201cRescatando Ra\u00edces\u201d de Puerto Cisnes y \u201cGu\u00edas Pioneros\u201d de Puyuhuapi.<\/p>\n<p style=\"text-align: justify;\">La actividad cont\u00f3 tambi\u00e9n con la presentaci\u00f3n del grupo folcl\u00f3rico Ra\u00edces de Puyuhuapi y una charla de Felipe Vera, representante de Green Destinations, quien comparti\u00f3 la experiencia que llev\u00f3 a Puyuhuapi a obtener la certificaci\u00f3n internacional como \u201cDestino Verde \u2013 Nivel Plata\u201d, reconocimiento alcanzado recientemente en Montpellier, Francia, y que en esta oportunidad entreg\u00f3 simb\u00f3licamente al gobernador regional Marcelo Santana y al alcalde Francisco Roncagliolo, como muestra del compromiso del territorio con el turismo sostenible.<\/p>\n<p style=\"text-align: justify;\">El Pladetur de Cisnes 2023\u20132030 es el resultado del trabajo conjunto entre la Municipalidad de Cisnes, el Gobierno Regional de Ays\u00e9n, la Universidad Austral de Chile a trav\u00e9s del Programa Austral Patagonia, las Comunidades Portal, Per Turismo Ays\u00e9n, el Proyecto GEF Gobernanza Marino Costera, Sernatur, el Ministerio del Medio Ambiente, la Subsecretar\u00eda de Pesca y Acuicultura y Sernapesca.<\/p>\n<\/div><\/section><\/div><div  style='height:50px' class='hr hr-invisible   avia-builder-el-6  el_after_av_one_full  el_before_av_social_share '><span class='hr-inner ' ><span class='hr-inner-style'><\/span><\/span><\/div><\/p>\n<div  class='av-social-sharing-box  avia-builder-el-7  el_after_av_hr  el_before_av_hr  '><div class='av-share-box'><h5 class='av-share-link-description av-no-toc '>Compartir esta noticia<\/h5><ul class='av-share-box-list noLightbox'><li class='av-share-link av-social-link-facebook' ><a target=\"_blank\" aria-label=\"Compartir en Facebook\" href='https:\/\/www.facebook.com\/sharer.php?u=https:\/\/radiorevelacionfm.cl\/?p=60749&#038;t=Cisnes%20present%C3%B3%20su%20Plan%20de%20Desarrollo%20Tur%C3%ADstico%20en%20la%20localidad%20de%20Puyuhuapi' aria-hidden='false' data-av_icon='\ue8f3' data-av_iconfont='entypo-fontello' title='' data-avia-related-tooltip='Compartir en Facebook' rel=\"noopener\"><span class='avia_hidden_link_text'>Compartir en Facebook<\/span><\/a><\/li><li class='av-share-link av-social-link-twitter' ><a target=\"_blank\" aria-label=\"Compartir en Twitter\" href='https:\/\/twitter.com\/share?text=Cisnes%20present%C3%B3%20su%20Plan%20de%20Desarrollo%20Tur%C3%ADstico%20en%20la%20localidad%20de%20Puyuhuapi&#038;url=https:\/\/radiorevelacionfm.cl\/?p=60749' aria-hidden='false' data-av_icon='\ue8f1' data-av_iconfont='entypo-fontello' title='' data-avia-related-tooltip='Compartir en Twitter' rel=\"noopener\"><span class='avia_hidden_link_text'>Compartir en Twitter<\/span><\/a><\/li><li class='av-share-link av-social-link-whatsapp' ><a target=\"_blank\" aria-label=\"Compartir en Whatsapp\" href='https:\/\/api.whatsapp.com\/send?text=https:\/\/radiorevelacionfm.cl\/?p=60749' aria-hidden='false' data-av_icon='\uf232' data-av_iconfont='entypo-fontello' title='' data-avia-related-tooltip='Compartir en Whatsapp' rel=\"noopener\"><span class='avia_hidden_link_text'>Compartir en Whatsapp<\/span><\/a><\/li><li class='av-share-link av-social-link-linkedin' ><a target=\"_blank\" aria-label=\"Compartir en LinkedIn\" href='https:\/\/linkedin.com\/shareArticle?mini=true&#038;title=Cisnes%20present%C3%B3%20su%20Plan%20de%20Desarrollo%20Tur%C3%ADstico%20en%20la%20localidad%20de%20Puyuhuapi&#038;url=https:\/\/radiorevelacionfm.cl\/?p=60749' aria-hidden='false' data-av_icon='\ue8fc' data-av_iconfont='entypo-fontello' title='' data-avia-related-tooltip='Compartir en LinkedIn' rel=\"noopener\"><span class='avia_hidden_link_text'>Compartir en LinkedIn<\/span><\/a><\/li><li class='av-share-link av-social-link-mail' ><a  aria-label=\"Compartir por correo\" href='mailto:?subject=Cisnes%20present%C3%B3%20su%20Plan%20de%20Desarrollo%20Tur%C3%ADstico%20en%20la%20localidad%20de%20Puyuhuapi&#038;body=https:\/\/radiorevelacionfm.cl\/?p=60749' aria-hidden='false' data-av_icon='\ue805' data-av_iconfont='entypo-fontello' title='' data-avia-related-tooltip='Compartir por correo'><span class='avia_hidden_link_text'>Compartir por correo<\/span><\/a><\/li><\/ul><\/div><\/div>\n<div  style='height:50px' class='hr hr-invisible   avia-builder-el-8  el_after_av_social_share  el_before_av_comments_list '><span class='hr-inner ' ><span class='hr-inner-style'><\/span><\/span><\/div>\n<div  class='av-buildercomment  av-blog-meta-html-info-disabled av-blog-meta-tag-disabled  '><\/div>\n","protected":false},"excerpt":{"rendered":"","protected":false},"author":1,"featured_media":60750,"comment_status":"closed","ping_status":"closed","sticky":false,"template":"","format":"standard","meta":{"footnotes":""},"categories":[38],"tags":[],"class_list":["post-60749","post","type-post","status-publish","format-standard","has-post-thumbnail","hentry","category-regional"],"jetpack_featured_media_url":"https:\/\/radiorevelacionfm.cl\/wp-content\/uploads\/2025\/10\/Entrega-Resumen-Pladetur-a-agrupaciones-1-1.jpg","_links":{"self":[{"href":"https:\/\/radiorevelacionfm.cl\/index.php?rest_route=\/wp\/v2\/posts\/60749","targetHints":{"allow":["GET"]}}],"collection":[{"href":"https:\/\/radiorevelacionfm.cl\/index.php?rest_route=\/wp\/v2\/posts"}],"about":[{"href":"https:\/\/radiorevelacionfm.cl\/index.php?rest_route=\/wp\/v2\/types\/post"}],"author":[{"embeddable":true,"href":"https:\/\/radiorevelacionfm.cl\/index.php?rest_route=\/wp\/v2\/users\/1"}],"replies":[{"embeddable":true,"href":"https:\/\/radiorevelacionfm.cl\/index.php?rest_route=%2Fwp%2Fv2%2Fcomments&post=60749"}],"version-history":[{"count":2,"href":"https:\/\/radiorevelacionfm.cl\/index.php?rest_route=\/wp\/v2\/posts\/60749\/revisions"}],"predecessor-version":[{"id":60752,"href":"https:\/\/radiorevelacionfm.cl\/index.php?rest_route=\/wp\/v2\/posts\/60749\/revisions\/60752"}],"wp:featuredmedia":[{"embeddable":true,"href":"https:\/\/radiorevelacionfm.cl\/index.php?rest_route=\/wp\/v2\/media\/60750"}],"wp:attachment":[{"href":"https:\/\/radiorevelacionfm.cl\/index.php?rest_route=%2Fwp%2Fv2%2Fmedia&parent=60749"}],"wp:term":[{"taxonomy":"category","embeddable":true,"href":"https:\/\/radiorevelacionfm.cl\/index.php?rest_route=%2Fwp%2Fv2%2Fcategories&post=60749"},{"taxonomy":"post_tag","embeddable":true,"href":"https:\/\/radiorevelacionfm.cl\/index.php?rest_route=%2Fwp%2Fv2%2Ftags&post=60749"}],"curies":[{"name":"wp","href":"https:\/\/api.w.org\/{rel}","templated":true}]}}