{"id":60740,"date":"2025-10-24T15:37:29","date_gmt":"2025-10-24T18:37:29","guid":{"rendered":"https:\/\/radiorevelacionfm.cl\/?p=60740"},"modified":"2025-10-24T15:37:29","modified_gmt":"2025-10-24T18:37:29","slug":"implementan-programa-para-fortalecer-y-visibilizar-emprendimientos-de-turismo-indigena-en-aysen","status":"publish","type":"post","link":"https:\/\/radiorevelacionfm.cl\/?p=60740","title":{"rendered":"Implementan programa para fortalecer y visibilizar emprendimientos de turismo ind\u00edgena en Ays\u00e9n"},"content":{"rendered":"<div class=\"flex_column av_one_full  flex_column_div av-zero-column-padding first  avia-builder-el-0  el_before_av_one_full  avia-builder-el-first  \" style='border-radius:0px; '><div  class='avia-image-container  av-styling-    avia-builder-el-1  avia-builder-el-no-sibling  avia-align-center '  itemprop=\"image\" itemscope=\"itemscope\" itemtype=\"https:\/\/schema.org\/ImageObject\"  ><div class='avia-image-container-inner'><div class='avia-image-overlay-wrap'><img decoding=\"async\" class='wp-image-60741 avia-img-lazy-loading-not-60741 avia_image' src=\"https:\/\/radiorevelacionfm.cl\/wp-content\/uploads\/2025\/10\/seminario-turismo-indigena-01_optimized-1.jpg\" alt='' title='seminario-turismo-indigena-01_optimized (1)' height=\"600\" width=\"1072\"  itemprop=\"thumbnailUrl\" srcset=\"https:\/\/radiorevelacionfm.cl\/wp-content\/uploads\/2025\/10\/seminario-turismo-indigena-01_optimized-1.jpg 1072w, https:\/\/radiorevelacionfm.cl\/wp-content\/uploads\/2025\/10\/seminario-turismo-indigena-01_optimized-1-300x168.jpg 300w, https:\/\/radiorevelacionfm.cl\/wp-content\/uploads\/2025\/10\/seminario-turismo-indigena-01_optimized-1-1030x576.jpg 1030w, https:\/\/radiorevelacionfm.cl\/wp-content\/uploads\/2025\/10\/seminario-turismo-indigena-01_optimized-1-768x430.jpg 768w, https:\/\/radiorevelacionfm.cl\/wp-content\/uploads\/2025\/10\/seminario-turismo-indigena-01_optimized-1-705x395.jpg 705w, https:\/\/radiorevelacionfm.cl\/wp-content\/uploads\/2025\/10\/seminario-turismo-indigena-01_optimized-1-450x252.jpg 450w, https:\/\/radiorevelacionfm.cl\/wp-content\/uploads\/2025\/10\/seminario-turismo-indigena-01_optimized-1-600x336.jpg 600w\" sizes=\"(max-width: 1072px) 100vw, 1072px\" \/><\/div><\/div><\/div><\/div><div class=\"flex_column av_one_full  flex_column_div av-zero-column-padding first  avia-builder-el-2  el_after_av_one_full  el_before_av_one_full  column-top-margin\" style='border-radius:0px; '><section class=\"av_textblock_section \"  itemscope=\"itemscope\" itemtype=\"https:\/\/schema.org\/BlogPosting\" itemprop=\"blogPost\" ><div class='avia_textblock  '   itemprop=\"text\" ><p style=\"text-align: center;\"><span style=\"font-size: 18pt;\"><b>Implementan programa para fortalecer y visibilizar emprendimientos de turismo ind\u00edgena en Ays\u00e9n<\/b>\u00a0<\/span><\/p>\n<div id=\"gtx-trans\" style=\"position: absolute; left: -50px; top: 4.31534px;\">\n<div class=\"gtx-trans-icon\"><\/div>\n<\/div>\n<\/div><\/section><\/div><div class=\"flex_column av_one_full  flex_column_div av-zero-column-padding first  avia-builder-el-4  el_after_av_one_full  el_before_av_hr  column-top-margin\" style='border-radius:0px; '><section class=\"av_textblock_section \"  itemscope=\"itemscope\" itemtype=\"https:\/\/schema.org\/BlogPosting\" itemprop=\"blogPost\" ><div class='avia_textblock  '   itemprop=\"text\" ><p style=\"text-align: justify;\"><em>Programa piloto en Villa Cerro Castillo impulsa la formalizaci\u00f3n, calidad y articulaci\u00f3n comercial de emprendimientos con identidad ind\u00edgena, con miras a replicar aprendizajes en toda la regi\u00f3n.\u00a0<\/em><\/p>\n<p style=\"text-align: justify;\">Con la realizaci\u00f3n del Primer Seminario de Turismo Ind\u00edgena en Villa Cerro Castillo, se inicia una nueva etapa en la ejecuci\u00f3n de un programa piloto de turismo ind\u00edgena impulsado de manera conjunta por\u00a0 Sernatur Ays\u00e9n y la Corporaci\u00f3n Nacional de Desarrollo Ind\u00edgena (CONADI) con el apoyo de la Seremi de Desarrollo Social y Familia de la regi\u00f3n de Ays\u00e9n.<\/p>\n<p style=\"text-align: justify;\">La iniciativa busca fortalecer y visibilizar emprendimientos con identidad de pueblos originarios, promoviendo su formalizaci\u00f3n, calidad de servicio y articulaci\u00f3n comercial, a trav\u00e9s de una intervenci\u00f3n piloto en la comuna de R\u00edo Ib\u00e1\u00f1ez y espec\u00edficamente en la localidad de Villa Cerro Castillo.\u00a0 El trabajo comenz\u00f3 en el mes de agosto con el desarrollo de cuatro jornadas de capacitaci\u00f3n donde se abordaron tem\u00e1ticas tales como identidad ind\u00edgena, desarrollo de productos tur\u00edsticos y formalizaci\u00f3n de servicios tur\u00edsticos, entre otros.<\/p>\n<p style=\"text-align: justify;\">Desde Sernatur Ays\u00e9n, Sandra Navarro, encargada de Desarrollo se\u00f1al\u00f3 que este trabajo es fundamental para avanzar en el fortalecimiento de la oferta tur\u00edstica y la diversificaci\u00f3n de productos tur\u00edsticos de la mano de las comunidades ind\u00edgenas de la regi\u00f3n.\u00a0 \u201cImpulsar una mayor oferta tur\u00edstica con productos diferenciadores es clave para el desarrollo del destino y en esta l\u00ednea, el turismo ind\u00edgena representa una oportunidad que aporta valor cultural, diversifica la oferta y fortalece econom\u00edas locales y, en este sentido, este piloto busca visibilizar esas oportunidades y generar aprendizajes replicables en la regi\u00f3n y desde Sernatur estaremos acompa\u00f1ando este piloto para promover la formalizaci\u00f3n de los servicios tur\u00edsticos, la calidad de servicio, articulaci\u00f3n comercial y un turismo con identidad y respeto cultural\u201d.<\/p>\n<p style=\"text-align: justify;\">El seminario, desarrollado en la sede comunitaria de Villa Cerro Castillo, cont\u00f3 con la participaci\u00f3n de empresarias tur\u00edsticas de la localidad, adem\u00e1s de estudiantes de turismo del Liceo de Cerro Castillo, quienes tuvieron la posibilidad de conocer experiencias nacionales de los expositores asistentes. Una de ellas fue\u00a0Yesica Huent\u00e9n Catrileo, empresaria tur\u00edstica reconocida el a\u00f1o 2024 por el\u00a0 World Travel Market (WTM) en Brasil, como mejor iniciativa de turismo ind\u00edgena.\u00a0 Desde Lago Budi, la expositora lidera la sociedad de turismo Mapuche Budi Lafken Mapu, una empresa tour operadora que tiene como prop\u00f3sito potenciar el turismo comunitario, rural y mapuche en el territorio lafkenche en la costa, gestionando y realizando rutas con valor cultural, a trav\u00e9s de gastronom\u00eda, hospedaje y rutas tur\u00edsticas, haciendo hincapi\u00e9 en la cosmovisi\u00f3n mapuche lafkenche.<\/p>\n<p style=\"text-align: justify;\">En la ocasi\u00f3n, Yesica Huenten present\u00f3 la experiencia de trabajo de la agrupaci\u00f3n, destacando la importancia de poder generar un turismo diferenciador con las comunidades ind\u00edgenas de la regi\u00f3n. \u201cPara la regi\u00f3n de Ays\u00e9n es importante reconocer y visibilizar a hermanos de los pueblos originarios de Chile, en este caso Mapuche o Mapuche Teheulche, tienen la oportunidad y la mirada de que se puede generar un turismo diferenciador, pero en el \u00e1mbito positivo para poner en valor la cultura, las costumbres y las personas que tienen este tipo de emprendimiento con identidad\u201d, indic\u00f3.<\/p>\n<p style=\"text-align: justify;\">Adem\u00e1s, el seminario cont\u00f3 con la participaci\u00f3n de Elmo Huen\u00fan empresario tur\u00edstico y representante del pueblo mapuche en la Asociaci\u00f3n Nacional de Turismo Ind\u00edgena, quien expuso sobre la identidad ind\u00edgena como ventaja competitiva en el desarrollo de emprendimientos tur\u00edsticos.<\/p>\n<p style=\"text-align: justify;\">Desde Ays\u00e9n en tanto, participaron de este encuentro, Sergio Huenul, impulsor del Lof Antuka Pire Mapu Mew en Alto Baguales, y Teresa V\u00e1squez Saihueque de la Ruta del Choyque, quienes presentaron sus iniciativas locales, generando un valioso intercambio de visiones y aprendizajes entre los asistentes.<\/p>\n<p style=\"text-align: justify;\">Finalmemte, desde la Subsecretar\u00eda de Turismo,\u00a0 Carolina Cassals\u00a0 profesional de la Divisi\u00f3n de Articulaci\u00f3n y Planificaci\u00f3n Estrat\u00e9gica de la subsecretar\u00eda realiz\u00f3 una presentaci\u00f3n sobre el trabajo que se est\u00e1 desarrollando desde el sector p\u00fablico para fortalecer el turismo ind\u00edgena en el pa\u00eds.<\/p>\n<p style=\"text-align: justify;\">Al finalizar la jornada, la Secretaria Regional Ministerial de Desarrollo y Familia de la Regi\u00f3n de Ays\u00e9n, Karina Acevedo valor\u00f3 la posibilidad de poder estar ejecutando este programa piloto en Ays\u00e9n. \u201cTenemos la convicci\u00f3n de que, a trav\u00e9s de este Programa, con este trabajo articulado y comprometido de todas las instituciones, la cosmovisi\u00f3n e identidad como pueblo se pondr\u00e1 en valor a\u00fan m\u00e1s, al igual que el poder fortalecer su autonom\u00eda econ\u00f3mica. As\u00ed que estamos tremendamente contentos, este es un hito hist\u00f3rico para nuestra regi\u00f3n que nos desaf\u00eda a consolidar el turismo ind\u00edgena de Ays\u00e9n\u201d, puntualiz\u00f3.<\/p>\n<p style=\"text-align: justify;\">El trabajo de este piloto continuar\u00e1 durante la \u00faltima semana de octubre con una gira tecnol\u00f3gica a la regi\u00f3n de la Araucan\u00eda, espec\u00edficamente a la localidad de Lago Budi, donde diez empresarias y operadoras tur\u00edsticas regionales, tendr\u00e1n la posibilidad de conocer el trabajo que desarrolla la comunidad ind\u00edgena de Llaguepulli, para conocer, vivenciar y reflexionar sobre experiencias concretas de articulaci\u00f3n territorial, desarrollo econ\u00f3mico con pertinencia cultural y estrategias de comercializaci\u00f3n implementadas por empresas de turismo ind\u00edgena en la zona.<\/p>\n<\/div><\/section><\/div><div  style='height:50px' class='hr hr-invisible   avia-builder-el-6  el_after_av_one_full  el_before_av_social_share '><span class='hr-inner ' ><span class='hr-inner-style'><\/span><\/span><\/div><\/p>\n<div  class='av-social-sharing-box  avia-builder-el-7  el_after_av_hr  el_before_av_hr  '><div class='av-share-box'><h5 class='av-share-link-description av-no-toc '>Compartir esta noticia<\/h5><ul class='av-share-box-list noLightbox'><li class='av-share-link av-social-link-facebook' ><a target=\"_blank\" aria-label=\"Compartir en Facebook\" href='https:\/\/www.facebook.com\/sharer.php?u=https:\/\/radiorevelacionfm.cl\/?p=60740&#038;t=Implementan%20programa%20para%20fortalecer%20y%20visibilizar%20emprendimientos%20de%20turismo%20ind%C3%ADgena%20en%20Ays%C3%A9n' aria-hidden='false' data-av_icon='\ue8f3' data-av_iconfont='entypo-fontello' title='' data-avia-related-tooltip='Compartir en Facebook' rel=\"noopener\"><span class='avia_hidden_link_text'>Compartir en Facebook<\/span><\/a><\/li><li class='av-share-link av-social-link-twitter' ><a target=\"_blank\" aria-label=\"Compartir en Twitter\" href='https:\/\/twitter.com\/share?text=Implementan%20programa%20para%20fortalecer%20y%20visibilizar%20emprendimientos%20de%20turismo%20ind%C3%ADgena%20en%20Ays%C3%A9n&#038;url=https:\/\/radiorevelacionfm.cl\/?p=60740' aria-hidden='false' data-av_icon='\ue8f1' data-av_iconfont='entypo-fontello' title='' data-avia-related-tooltip='Compartir en Twitter' rel=\"noopener\"><span class='avia_hidden_link_text'>Compartir en Twitter<\/span><\/a><\/li><li class='av-share-link av-social-link-whatsapp' ><a target=\"_blank\" aria-label=\"Compartir en Whatsapp\" href='https:\/\/api.whatsapp.com\/send?text=https:\/\/radiorevelacionfm.cl\/?p=60740' aria-hidden='false' data-av_icon='\uf232' data-av_iconfont='entypo-fontello' title='' data-avia-related-tooltip='Compartir en Whatsapp' rel=\"noopener\"><span class='avia_hidden_link_text'>Compartir en Whatsapp<\/span><\/a><\/li><li class='av-share-link av-social-link-linkedin' ><a target=\"_blank\" aria-label=\"Compartir en LinkedIn\" href='https:\/\/linkedin.com\/shareArticle?mini=true&#038;title=Implementan%20programa%20para%20fortalecer%20y%20visibilizar%20emprendimientos%20de%20turismo%20ind%C3%ADgena%20en%20Ays%C3%A9n&#038;url=https:\/\/radiorevelacionfm.cl\/?p=60740' aria-hidden='false' data-av_icon='\ue8fc' data-av_iconfont='entypo-fontello' title='' data-avia-related-tooltip='Compartir en LinkedIn' rel=\"noopener\"><span class='avia_hidden_link_text'>Compartir en LinkedIn<\/span><\/a><\/li><li class='av-share-link av-social-link-mail' ><a  aria-label=\"Compartir por correo\" href='mailto:?subject=Implementan%20programa%20para%20fortalecer%20y%20visibilizar%20emprendimientos%20de%20turismo%20ind%C3%ADgena%20en%20Ays%C3%A9n&#038;body=https:\/\/radiorevelacionfm.cl\/?p=60740' aria-hidden='false' data-av_icon='\ue805' data-av_iconfont='entypo-fontello' title='' data-avia-related-tooltip='Compartir por correo'><span class='avia_hidden_link_text'>Compartir por correo<\/span><\/a><\/li><\/ul><\/div><\/div>\n<div  style='height:50px' class='hr hr-invisible   avia-builder-el-8  el_after_av_social_share  el_before_av_comments_list '><span class='hr-inner ' ><span class='hr-inner-style'><\/span><\/span><\/div>\n<div  class='av-buildercomment  av-blog-meta-html-info-disabled av-blog-meta-tag-disabled  '><\/div>\n","protected":false},"excerpt":{"rendered":"","protected":false},"author":1,"featured_media":60741,"comment_status":"closed","ping_status":"closed","sticky":false,"template":"","format":"standard","meta":{"footnotes":""},"categories":[54],"tags":[],"class_list":["post-60740","post","type-post","status-publish","format-standard","has-post-thumbnail","hentry","category-turismo"],"jetpack_featured_media_url":"https:\/\/radiorevelacionfm.cl\/wp-content\/uploads\/2025\/10\/seminario-turismo-indigena-01_optimized-1.jpg","_links":{"self":[{"href":"https:\/\/radiorevelacionfm.cl\/index.php?rest_route=\/wp\/v2\/posts\/60740","targetHints":{"allow":["GET"]}}],"collection":[{"href":"https:\/\/radiorevelacionfm.cl\/index.php?rest_route=\/wp\/v2\/posts"}],"about":[{"href":"https:\/\/radiorevelacionfm.cl\/index.php?rest_route=\/wp\/v2\/types\/post"}],"author":[{"embeddable":true,"href":"https:\/\/radiorevelacionfm.cl\/index.php?rest_route=\/wp\/v2\/users\/1"}],"replies":[{"embeddable":true,"href":"https:\/\/radiorevelacionfm.cl\/index.php?rest_route=%2Fwp%2Fv2%2Fcomments&post=60740"}],"version-history":[{"count":2,"href":"https:\/\/radiorevelacionfm.cl\/index.php?rest_route=\/wp\/v2\/posts\/60740\/revisions"}],"predecessor-version":[{"id":60744,"href":"https:\/\/radiorevelacionfm.cl\/index.php?rest_route=\/wp\/v2\/posts\/60740\/revisions\/60744"}],"wp:featuredmedia":[{"embeddable":true,"href":"https:\/\/radiorevelacionfm.cl\/index.php?rest_route=\/wp\/v2\/media\/60741"}],"wp:attachment":[{"href":"https:\/\/radiorevelacionfm.cl\/index.php?rest_route=%2Fwp%2Fv2%2Fmedia&parent=60740"}],"wp:term":[{"taxonomy":"category","embeddable":true,"href":"https:\/\/radiorevelacionfm.cl\/index.php?rest_route=%2Fwp%2Fv2%2Fcategories&post=60740"},{"taxonomy":"post_tag","embeddable":true,"href":"https:\/\/radiorevelacionfm.cl\/index.php?rest_route=%2Fwp%2Fv2%2Ftags&post=60740"}],"curies":[{"name":"wp","href":"https:\/\/api.w.org\/{rel}","templated":true}]}}