{"id":60737,"date":"2025-10-24T13:27:49","date_gmt":"2025-10-24T16:27:49","guid":{"rendered":"https:\/\/radiorevelacionfm.cl\/?p=60737"},"modified":"2025-10-24T13:27:49","modified_gmt":"2025-10-24T16:27:49","slug":"uach-y-corfo-aysen-impulsan-la-innovacion-turistica-desde-la-identidad-intercultural-de-la-patagonia","status":"publish","type":"post","link":"https:\/\/radiorevelacionfm.cl\/?p=60737","title":{"rendered":"UACh y Corfo Ays\u00e9n impulsan la innovaci\u00f3n tur\u00edstica desde la identidad intercultural de la Patagonia"},"content":{"rendered":"<div class=\"flex_column av_one_full  flex_column_div av-zero-column-padding first  avia-builder-el-0  el_before_av_one_full  avia-builder-el-first  \" style='border-radius:0px; '><div  class='avia-image-container  av-styling-    avia-builder-el-1  avia-builder-el-no-sibling  avia-align-center '  itemprop=\"image\" itemscope=\"itemscope\" itemtype=\"https:\/\/schema.org\/ImageObject\"  ><div class='avia-image-container-inner'><div class='avia-image-overlay-wrap'><img decoding=\"async\" class='wp-image-60738 avia-img-lazy-loading-not-60738 avia_image' src=\"https:\/\/radiorevelacionfm.cl\/wp-content\/uploads\/2025\/10\/1-2025-10-24t121306_optimized.252-1.jpg\" alt='' title='1---2025-10-24t121306_optimized.252-(1)' height=\"600\" width=\"900\"  itemprop=\"thumbnailUrl\" srcset=\"https:\/\/radiorevelacionfm.cl\/wp-content\/uploads\/2025\/10\/1-2025-10-24t121306_optimized.252-1.jpg 900w, https:\/\/radiorevelacionfm.cl\/wp-content\/uploads\/2025\/10\/1-2025-10-24t121306_optimized.252-1-300x200.jpg 300w, https:\/\/radiorevelacionfm.cl\/wp-content\/uploads\/2025\/10\/1-2025-10-24t121306_optimized.252-1-768x512.jpg 768w, https:\/\/radiorevelacionfm.cl\/wp-content\/uploads\/2025\/10\/1-2025-10-24t121306_optimized.252-1-705x470.jpg 705w, https:\/\/radiorevelacionfm.cl\/wp-content\/uploads\/2025\/10\/1-2025-10-24t121306_optimized.252-1-450x300.jpg 450w, https:\/\/radiorevelacionfm.cl\/wp-content\/uploads\/2025\/10\/1-2025-10-24t121306_optimized.252-1-600x400.jpg 600w\" sizes=\"(max-width: 900px) 100vw, 900px\" \/><\/div><\/div><\/div><\/div><div class=\"flex_column av_one_full  flex_column_div av-zero-column-padding first  avia-builder-el-2  el_after_av_one_full  el_before_av_one_full  column-top-margin\" style='border-radius:0px; '><section class=\"av_textblock_section \"  itemscope=\"itemscope\" itemtype=\"https:\/\/schema.org\/BlogPosting\" itemprop=\"blogPost\" ><div class='avia_textblock  '   itemprop=\"text\" ><p style=\"text-align: center;\"><strong><span style=\"font-size: 18pt;\">UACh y Corfo Ays\u00e9n impulsan la innovaci\u00f3n tur\u00edstica desde la identidad intercultural de la Patagonia<\/span><\/strong><\/p>\n<div id=\"gtx-trans\" style=\"position: absolute; left: -50px; top: 4.31534px;\">\n<div class=\"gtx-trans-icon\"><\/div>\n<\/div>\n<\/div><\/section><\/div><div class=\"flex_column av_one_full  flex_column_div av-zero-column-padding first  avia-builder-el-4  el_after_av_one_full  el_before_av_hr  column-top-margin\" style='border-radius:0px; '><section class=\"av_textblock_section \"  itemscope=\"itemscope\" itemtype=\"https:\/\/schema.org\/BlogPosting\" itemprop=\"blogPost\" ><div class='avia_textblock  '   itemprop=\"text\" ><div dir=\"auto\" data-smartmail=\"gmail_signature\">\n<div dir=\"ltr\">\n<p dir=\"ltr\" style=\"text-align: justify;\">Con apoyo de Corfo Ays\u00e9n a trav\u00e9s del programa Viraliza, la Universidad Austral de Chile desarrollar\u00e1 el Primer Encuentro Internacional de Turismo Intercultural, que reunir\u00e1 a emprendedores, comunidades y expertos de Latinoam\u00e9rica para fortalecer el turismo con identidad y sustentabilidad.<\/p>\n<p dir=\"ltr\" style=\"text-align: justify;\">La Universidad Austral de Chile (UACh), con apoyo de Corfo Ays\u00e9n y del Comit\u00e9 de Desarrollo Productivo Regional (CDPR), est\u00e1 liderando un proyecto pionero que promueve la innovaci\u00f3n y el emprendimiento en torno al turismo intercultural en comunidades rurales y mapuche-tehuelche de la Regi\u00f3n de Ays\u00e9n.<\/p>\n<p dir=\"ltr\" style=\"text-align: justify;\">La iniciativa se enmarca en el programa Viraliza Eventos de Corfo, orientado a fortalecer redes y generar encuentros de alto impacto entre emprendedores, expertos y actores del ecosistema de innovaci\u00f3n. En este caso, el proyecto desarrollado por el Laboratorio de Innovaci\u00f3n e Inteligencia Tur\u00edstica de la Patagonia, dependiente del Campus Patagonia y del Instituto de Turismo de la UACh, tiene como eje central la realizaci\u00f3n del Primer Encuentro Internacional de Turismo Intercultural, que se llevar\u00e1 a cabo los d\u00edas 4 y 5 de diciembre de 2025 en Coyhaique.<\/p>\n<p dir=\"ltr\" style=\"text-align: justify;\">El encuentro busca visibilizar pr\u00e1cticas emergentes del turismo ind\u00edgena, rural y de base comunitaria, integrando la mirada de las comunidades locales, la academia y el sector p\u00fablico en torno a un modelo de desarrollo sustentable y con identidad territorial.<\/p>\n<p dir=\"ltr\" style=\"text-align: justify;\">\u201cEl turismo intercultural abre oportunidades reales para emprender desde la cultura y la naturaleza, generando valor con ra\u00edces en el territorio y una mirada de futuro basada en la colaboraci\u00f3n y la innovaci\u00f3n\u201d, se\u00f1al\u00f3 Humberto Mar\u00edn Leiva, director de Corfo Ays\u00e9n.<\/p>\n<p dir=\"ltr\" style=\"text-align: justify;\">Agreg\u00f3 que esta iniciativa, impulsada con apoyo del CDPR Ays\u00e9n, \u201cfortalece el ecosistema tur\u00edstico regional al articular saberes locales, identidad cultural y desarrollo econ\u00f3mico sostenible\u201d.<\/p>\n<p dir=\"ltr\" style=\"text-align: justify;\">Durante la reciente visita del equipo acad\u00e9mico al Campus Patagonia, encabezado por el Dr. Guillermo Pacheco, director del Laboratorio y del proyecto Viraliza, junto a Marisela Pilquim\u00e1n, prodecana de la Facultad de Ciencias Econ\u00f3micas y Administrativas, y Juan Carlos Miranda, director del Campus Patagonia, se sostuvo una agenda de trabajo para preparar el evento internacional y coordinar la participaci\u00f3n de distintos actores locales.<\/p>\n<p dir=\"ltr\" style=\"text-align: justify;\"><strong>Calendario<\/strong><\/p>\n<p dir=\"ltr\" style=\"text-align: justify;\">Entre las actividades programadas para el 4 de diciembre se contempla un curso certificado en Turismo Intercultural, con \u00e9nfasis en turismo de base comunitaria, adem\u00e1s de una feria y rueda de negocios que reunir\u00e1 a emprendedores, operadores tur\u00edsticos y experiencias ind\u00edgenas y rurales de toda la regi\u00f3n.<\/p>\n<p dir=\"ltr\" style=\"text-align: justify;\">El viernes 5 se desarrollar\u00e1 un seminario internacional que contar\u00e1 con expositores de Brasil y Latinoam\u00e9rica, junto a referentes nacionales del turismo mapuche y de pueblos originarios del norte. Se abordar\u00e1n experiencias como Acolhida da Col\u00f4nia y redes amaz\u00f3nicas de turismo comunitario, destacando c\u00f3mo la asociatividad local puede transformar los territorios.<\/p>\n<p dir=\"ltr\" style=\"text-align: justify;\">Para Yorka Cheuquian Gallardo, representante de la Asociaci\u00f3n Rakiduamtun, sostuvo que buscan potenciar el turismo ind\u00edgena. \u201cEstamos con muchas expectativas este seminario d\u00f3nde se podr\u00e1 mostrar algo m\u00e1s concreto del trabajo que estamos realizando como asociaci\u00f3n, nosotros representamos la manufactura d\u00f3nde de cierta manera se demuestra el conocimiento antiguo de quienes nos antecedieron en diferentes oficios mapuche como son las fibras naturales como la lana y mimbre, plater\u00eda mapuche, alfarer\u00eda, madera entre otros (\u2026) queremos\u00a0 fortalecer el trabajo colectivo de base, d\u00f3nde cada uno pueda mostrar la riqueza que tiene en su espacio territorial y que finalmente pueda formar parte de alg\u00fan paquete tur\u00edstico\u201d, coment\u00f3.<\/p>\n<p dir=\"ltr\" style=\"text-align: justify;\">Como parte de su vinculaci\u00f3n territorial, el equipo de la UACh se reuni\u00f3 con l\u00edderes mapuche-tehuelche en la ruka de Alto Bahuales, pioneros del turismo ind\u00edgena en la regi\u00f3n, y con la Agrupaci\u00f3n de Turismo de Villa Los Torreones, con el fin de definir lineamientos de participaci\u00f3n comunitaria y fortalecer el protagonismo local en el encuentro.<\/p>\n<p dir=\"ltr\" style=\"text-align: justify;\">La jornada incluy\u00f3 tambi\u00e9n una visita al Circuito Las Ardillas, experiencia de turismo asociativo apoyada por la universidad. En el lugar se reunieron con el emprendedor Rolando Antrillao, con quien se acord\u00f3 su participaci\u00f3n en el curso, en la rueda de negocios y en el seminario internacional.<\/p>\n<p dir=\"ltr\" style=\"text-align: justify;\">\u201cEstas acciones reflejan el compromiso del Laboratorio de Innovaci\u00f3n e Inteligencia Tur\u00edstica con la construcci\u00f3n de un turismo intercultural con ra\u00edz territorial\u201d, explic\u00f3 el Dr. Guillermo Pacheco. \u201cQueremos posicionar a la Patagonia como un territorio de innovaci\u00f3n tur\u00edstica que no solo valora su naturaleza, sino tambi\u00e9n la cultura viva de sus habitantes\u201d, agreg\u00f3.<\/p>\n<p dir=\"ltr\" style=\"text-align: justify;\">El proyecto Viraliza de la UACh marca un paso decisivo hacia un modelo de turismo inclusivo y sostenible, donde la innovaci\u00f3n nace de la identidad. Con esta iniciativa, Corfo Ays\u00e9n y la universidad refuerzan su compromiso con el desarrollo regional y la puesta en valor del patrimonio cultural y natural de la Patagonia.<\/p>\n<\/div>\n<\/div>\n<div class=\"gmail_quote\" dir=\"auto\">\n<div>\n<div>\n<div>\n<div dir=\"ltr\" style=\"text-align: justify;\"><\/div>\n<\/div>\n<\/div>\n<\/div>\n<\/div>\n<\/div><\/section><\/div><div  style='height:50px' class='hr hr-invisible   avia-builder-el-6  el_after_av_one_full  el_before_av_social_share '><span class='hr-inner ' ><span class='hr-inner-style'><\/span><\/span><\/div><\/p>\n<div  class='av-social-sharing-box  avia-builder-el-7  el_after_av_hr  el_before_av_hr  '><div class='av-share-box'><h5 class='av-share-link-description av-no-toc '>Compartir esta noticia<\/h5><ul class='av-share-box-list noLightbox'><li class='av-share-link av-social-link-facebook' ><a target=\"_blank\" aria-label=\"Compartir en Facebook\" href='https:\/\/www.facebook.com\/sharer.php?u=https:\/\/radiorevelacionfm.cl\/?p=60737&#038;t=UACh%20y%20Corfo%20Ays%C3%A9n%20impulsan%20la%20innovaci%C3%B3n%20tur%C3%ADstica%20desde%20la%20identidad%20intercultural%20de%20la%20Patagonia' aria-hidden='false' data-av_icon='\ue8f3' data-av_iconfont='entypo-fontello' title='' data-avia-related-tooltip='Compartir en Facebook' rel=\"noopener\"><span class='avia_hidden_link_text'>Compartir en Facebook<\/span><\/a><\/li><li class='av-share-link av-social-link-twitter' ><a target=\"_blank\" aria-label=\"Compartir en Twitter\" href='https:\/\/twitter.com\/share?text=UACh%20y%20Corfo%20Ays%C3%A9n%20impulsan%20la%20innovaci%C3%B3n%20tur%C3%ADstica%20desde%20la%20identidad%20intercultural%20de%20la%20Patagonia&#038;url=https:\/\/radiorevelacionfm.cl\/?p=60737' aria-hidden='false' data-av_icon='\ue8f1' data-av_iconfont='entypo-fontello' title='' data-avia-related-tooltip='Compartir en Twitter' rel=\"noopener\"><span class='avia_hidden_link_text'>Compartir en Twitter<\/span><\/a><\/li><li class='av-share-link av-social-link-whatsapp' ><a target=\"_blank\" aria-label=\"Compartir en Whatsapp\" href='https:\/\/api.whatsapp.com\/send?text=https:\/\/radiorevelacionfm.cl\/?p=60737' aria-hidden='false' data-av_icon='\uf232' data-av_iconfont='entypo-fontello' title='' data-avia-related-tooltip='Compartir en Whatsapp' rel=\"noopener\"><span class='avia_hidden_link_text'>Compartir en Whatsapp<\/span><\/a><\/li><li class='av-share-link av-social-link-linkedin' ><a target=\"_blank\" aria-label=\"Compartir en LinkedIn\" href='https:\/\/linkedin.com\/shareArticle?mini=true&#038;title=UACh%20y%20Corfo%20Ays%C3%A9n%20impulsan%20la%20innovaci%C3%B3n%20tur%C3%ADstica%20desde%20la%20identidad%20intercultural%20de%20la%20Patagonia&#038;url=https:\/\/radiorevelacionfm.cl\/?p=60737' aria-hidden='false' data-av_icon='\ue8fc' data-av_iconfont='entypo-fontello' title='' data-avia-related-tooltip='Compartir en LinkedIn' rel=\"noopener\"><span class='avia_hidden_link_text'>Compartir en LinkedIn<\/span><\/a><\/li><li class='av-share-link av-social-link-mail' ><a  aria-label=\"Compartir por correo\" href='mailto:?subject=UACh%20y%20Corfo%20Ays%C3%A9n%20impulsan%20la%20innovaci%C3%B3n%20tur%C3%ADstica%20desde%20la%20identidad%20intercultural%20de%20la%20Patagonia&#038;body=https:\/\/radiorevelacionfm.cl\/?p=60737' aria-hidden='false' data-av_icon='\ue805' data-av_iconfont='entypo-fontello' title='' data-avia-related-tooltip='Compartir por correo'><span class='avia_hidden_link_text'>Compartir por correo<\/span><\/a><\/li><\/ul><\/div><\/div>\n<div  style='height:50px' class='hr hr-invisible   avia-builder-el-8  el_after_av_social_share  el_before_av_comments_list '><span class='hr-inner ' ><span class='hr-inner-style'><\/span><\/span><\/div>\n<div  class='av-buildercomment  av-blog-meta-html-info-disabled av-blog-meta-tag-disabled  '><\/div>\n","protected":false},"excerpt":{"rendered":"","protected":false},"author":1,"featured_media":60738,"comment_status":"closed","ping_status":"closed","sticky":false,"template":"","format":"standard","meta":{"footnotes":""},"categories":[38],"tags":[],"class_list":["post-60737","post","type-post","status-publish","format-standard","has-post-thumbnail","hentry","category-regional"],"jetpack_featured_media_url":"https:\/\/radiorevelacionfm.cl\/wp-content\/uploads\/2025\/10\/1-2025-10-24t121306_optimized.252-1.jpg","_links":{"self":[{"href":"https:\/\/radiorevelacionfm.cl\/index.php?rest_route=\/wp\/v2\/posts\/60737","targetHints":{"allow":["GET"]}}],"collection":[{"href":"https:\/\/radiorevelacionfm.cl\/index.php?rest_route=\/wp\/v2\/posts"}],"about":[{"href":"https:\/\/radiorevelacionfm.cl\/index.php?rest_route=\/wp\/v2\/types\/post"}],"author":[{"embeddable":true,"href":"https:\/\/radiorevelacionfm.cl\/index.php?rest_route=\/wp\/v2\/users\/1"}],"replies":[{"embeddable":true,"href":"https:\/\/radiorevelacionfm.cl\/index.php?rest_route=%2Fwp%2Fv2%2Fcomments&post=60737"}],"version-history":[{"count":2,"href":"https:\/\/radiorevelacionfm.cl\/index.php?rest_route=\/wp\/v2\/posts\/60737\/revisions"}],"predecessor-version":[{"id":60743,"href":"https:\/\/radiorevelacionfm.cl\/index.php?rest_route=\/wp\/v2\/posts\/60737\/revisions\/60743"}],"wp:featuredmedia":[{"embeddable":true,"href":"https:\/\/radiorevelacionfm.cl\/index.php?rest_route=\/wp\/v2\/media\/60738"}],"wp:attachment":[{"href":"https:\/\/radiorevelacionfm.cl\/index.php?rest_route=%2Fwp%2Fv2%2Fmedia&parent=60737"}],"wp:term":[{"taxonomy":"category","embeddable":true,"href":"https:\/\/radiorevelacionfm.cl\/index.php?rest_route=%2Fwp%2Fv2%2Fcategories&post=60737"},{"taxonomy":"post_tag","embeddable":true,"href":"https:\/\/radiorevelacionfm.cl\/index.php?rest_route=%2Fwp%2Fv2%2Ftags&post=60737"}],"curies":[{"name":"wp","href":"https:\/\/api.w.org\/{rel}","templated":true}]}}