{"id":60733,"date":"2025-10-24T12:08:01","date_gmt":"2025-10-24T15:08:01","guid":{"rendered":"https:\/\/radiorevelacionfm.cl\/?p=60733"},"modified":"2025-10-24T12:08:01","modified_gmt":"2025-10-24T15:08:01","slug":"proyecto-bioaysen-incorpora-nuevos-terrenos-y-avanza-hacia-la-certificacion-de-servicios-ecosistemicos-en-aysen","status":"publish","type":"post","link":"https:\/\/radiorevelacionfm.cl\/?p=60733","title":{"rendered":"Proyecto BioAys\u00e9n incorpora nuevos terrenos y avanza hacia la certificaci\u00f3n de servicios ecosist\u00e9micos en Ays\u00e9n"},"content":{"rendered":"<div class=\"flex_column av_one_full  flex_column_div av-zero-column-padding first  avia-builder-el-0  el_before_av_one_full  avia-builder-el-first  \" style='border-radius:0px; '><div  class='avia-image-container  av-styling-    avia-builder-el-1  avia-builder-el-no-sibling  avia-align-center '  itemprop=\"image\" itemscope=\"itemscope\" itemtype=\"https:\/\/schema.org\/ImageObject\"  ><div class='avia-image-container-inner'><div class='avia-image-overlay-wrap'><img decoding=\"async\" class='wp-image-60734 avia-img-lazy-loading-not-60734 avia_image' src=\"https:\/\/radiorevelacionfm.cl\/wp-content\/uploads\/2025\/10\/gobernanza-aysen-23_optimized.10.25-1-1.jpg\" alt='' title='gobernanza-ays\u00e9n-23_optimized.10.25-(1) (1)' height=\"600\" width=\"1237\"  itemprop=\"thumbnailUrl\" srcset=\"https:\/\/radiorevelacionfm.cl\/wp-content\/uploads\/2025\/10\/gobernanza-aysen-23_optimized.10.25-1-1.jpg 1237w, https:\/\/radiorevelacionfm.cl\/wp-content\/uploads\/2025\/10\/gobernanza-aysen-23_optimized.10.25-1-1-300x146.jpg 300w, https:\/\/radiorevelacionfm.cl\/wp-content\/uploads\/2025\/10\/gobernanza-aysen-23_optimized.10.25-1-1-1030x500.jpg 1030w, https:\/\/radiorevelacionfm.cl\/wp-content\/uploads\/2025\/10\/gobernanza-aysen-23_optimized.10.25-1-1-768x373.jpg 768w, https:\/\/radiorevelacionfm.cl\/wp-content\/uploads\/2025\/10\/gobernanza-aysen-23_optimized.10.25-1-1-705x342.jpg 705w, https:\/\/radiorevelacionfm.cl\/wp-content\/uploads\/2025\/10\/gobernanza-aysen-23_optimized.10.25-1-1-450x218.jpg 450w, https:\/\/radiorevelacionfm.cl\/wp-content\/uploads\/2025\/10\/gobernanza-aysen-23_optimized.10.25-1-1-600x291.jpg 600w\" sizes=\"(max-width: 1237px) 100vw, 1237px\" \/><\/div><\/div><\/div><\/div><div class=\"flex_column av_one_full  flex_column_div av-zero-column-padding first  avia-builder-el-2  el_after_av_one_full  el_before_av_one_full  column-top-margin\" style='border-radius:0px; '><section class=\"av_textblock_section \"  itemscope=\"itemscope\" itemtype=\"https:\/\/schema.org\/BlogPosting\" itemprop=\"blogPost\" ><div class='avia_textblock  '   itemprop=\"text\" ><p style=\"text-align: center;\"><strong><span style=\"font-size: 18pt;\">Proyecto BioAys\u00e9n incorpora nuevos terrenos y avanza hacia la certificaci\u00f3n de servicios ecosist\u00e9micos en Ays\u00e9n<\/span><\/strong><\/p>\n<div id=\"gtx-trans\" style=\"position: absolute; left: -50px; top: 4.31534px;\">\n<div class=\"gtx-trans-icon\"><\/div>\n<\/div>\n<\/div><\/section><\/div><div class=\"flex_column av_one_full  flex_column_div av-zero-column-padding first  avia-builder-el-4  el_after_av_one_full  el_before_av_hr  column-top-margin\" style='border-radius:0px; '><section class=\"av_textblock_section \"  itemscope=\"itemscope\" itemtype=\"https:\/\/schema.org\/BlogPosting\" itemprop=\"blogPost\" ><div class='avia_textblock  '   itemprop=\"text\" ><p style=\"text-align: justify;\"><em>Con la participaci\u00f3n de actores p\u00fablicos y privados, el proyecto de <\/em><a href=\"https:\/\/www.instagram.com\/proyectobioaysen\/\"><em>Bien P\u00fablico BioAys\u00e9n<\/em><\/a><em>, apoyado por Corfo, liderado por la <\/em><a href=\"https:\/\/fundacionchilecircular.cl\/\"><em>Fundaci\u00f3n Chile Circular<\/em><\/a> <em>y mandatado por el <\/em><a href=\"https:\/\/www.consejodelsalmon.cl\/\"><em>Consejo del Salm\u00f3n<\/em><\/a><em>, desarroll\u00f3 ayer una nueva sesi\u00f3n de gobernanza del Observatorio de Biodiversidad y Valorizaci\u00f3n de Capital Natural de Ays\u00e9n, instancia clave para fortalecer la gesti\u00f3n y proyecci\u00f3n de esta iniciativa pionera en conservaci\u00f3n y valoraci\u00f3n del capital natural.<\/em><\/p>\n<p style=\"text-align: justify;\">Durante la jornada se presentaron los principales avances del proyecto, entre ellos los informes t\u00e9cnicos y de valorizaci\u00f3n de servicios ecosist\u00e9micos de tres terrenos de la regi\u00f3n. Adem\u00e1s, se anunci\u00f3 que hacia fines de este a\u00f1o cuatro terrenos estar\u00e1n incorporados al Banco de Biodiversidad de BioAys\u00e9n, a trav\u00e9s de su plataforma digital. En esta misma l\u00ednea, para marzo de 2026 se sumar\u00e1n tres nuevos terrenos y proyectos privados, pertenecientes a la Fundaci\u00f3n Kreen, Fundaci\u00f3n Patagonia Ays\u00e9n y CMPC, consolidando el primer banco de biodiversidad del pa\u00eds bajo un modelo de conservaci\u00f3n y pagos por servicios ecosist\u00e9micos y de biodiversidad.<\/p>\n<p style=\"text-align: justify;\">Otro hito relevante que se abord\u00f3 en la instancia es el inicio, en noviembre, del primer proceso de certificaci\u00f3n de servicios ecosist\u00e9micos en dos terrenos piloto, gracias al apoyo del Forest Stewardship Council (FSC). Este avance permitir\u00e1 validar experiencias concretas que demuestran c\u00f3mo la conservaci\u00f3n puede transformarse en una actividad capaz de integrar el cuidado de la naturaleza con la generaci\u00f3n de ingresos.<\/p>\n<p style=\"text-align: justify;\">El director ejecutivo de la Fundaci\u00f3n Chile Circular, Gonzalo Pumarino, destac\u00f3 que \u201cser\u00e1n siete los primeros terrenos que podr\u00e1n ingresar a nuestra plataforma. Pudimos tambi\u00e9n anunciar que dos de estos terrenos se iniciar\u00e1n en un primer modelo de certificaci\u00f3n de servicio ecosist\u00e9mico con el apoyo del FSC, lo que resulta un paso clave para avanzar en experiencias concretas de proyectos cuyo objetivo sea la preservaci\u00f3n y restauraci\u00f3n de la biodiversidad de Ays\u00e9n, combinados con un modelo de pagos o retribuciones por servicios ecosist\u00e9micos; que genere ingresos a trav\u00e9s de iniciativas de conservaci\u00f3n\u00bb.<\/p>\n<p style=\"text-align: justify;\">Durante la sesi\u00f3n, la Gobernanza de BioAys\u00e9n reafirm\u00f3 su compromiso de seguir consolidando el modelo, impulsando pilotos de aplicaci\u00f3n directa y nuevas instancias de vinculaci\u00f3n con la comunidad regional, para ampliar la participaci\u00f3n y generar oportunidades de desarrollo en torno a la protecci\u00f3n de la naturaleza. Adem\u00e1s, se defini\u00f3 el desarrollo de un piloto tipo \u201cOtras Medidas Efectivas de Conservaci\u00f3n Basadas en \u00c1reas\u201d (OMEC), que busca combinar actividades de conservaci\u00f3n con usos productivos sostenibles, compatibilizando la protecci\u00f3n de ecosistemas con el crecimiento econ\u00f3mico y social.<\/p>\n<p style=\"text-align: justify;\">Irina Reyes, gerenta de <a href=\"https:\/\/www.instagram.com\/transformacambioclimatico\/\">Transforma Cambio Clim\u00e1tico<\/a>, declar\u00f3 que \u201cla gran innovaci\u00f3n de BioAys\u00e9n no solo est\u00e1 en la tecnolog\u00eda o en la valoraci\u00f3n econ\u00f3mica del capital natural, sino en su modelo de gobernanza. Que actores p\u00fablicos, privados y fundaciones se sienten en la misma mesa para decidir c\u00f3mo cuidar y financiar la biodiversidad de Ays\u00e9n habla de un proyecto pionera. Sin una gobernanza leg\u00edtima y territorializada, ning\u00fan modelo de conservaci\u00f3n es sostenible en el tiempo\u201d.<\/p>\n<p style=\"text-align: justify;\">Del mismo modo, Pumarino tambi\u00e9n se\u00f1al\u00f3 que \u201cBioAys\u00e9n ha logrado sumar apoyos claves de expertos nacionales e internacionales, avanzando en un di\u00e1logo con el gobierno regional, los servicios p\u00fablicos, CONAF, el Consejo del Salm\u00f3n y un importante grupo de propietarios regionales de terrenos que tambi\u00e9n quieren avanzar hacia proyectos que tengan un modelo de pagos por conservaci\u00f3n y desarrollo. BioAys\u00e9n se transforma en un proyecto clave para la regi\u00f3n y los desaf\u00edos de Chile, donde podemos avanzar en casos concretos de proyectos donde se hace conservaci\u00f3n efectiva y se puede avanzar hacia retribuciones y un modelo de pagos por carbono o biodiversidad. As\u00ed, se hace compatible la protecci\u00f3n de ecosistema con actividades productivas. BioAys\u00e9n es una plataforma de biodiversidad que puede ser clave para impulsar la generaci\u00f3n de nuevas oportunidades de desarrollo y de crecimiento para la regi\u00f3n de Ays\u00e9n.\u201d<\/p>\n<p style=\"text-align: justify;\">El evento cont\u00f3 con la participaci\u00f3n presencial y virtual de diversos representantes del sector p\u00fablico, entre ellos Nicol\u00e1s Smith, profesional del Ministerio del Medio Ambiente; Jos\u00e9 Luis P\u00e9rez y Fernando Bascu\u00f1\u00e1n, de CONAF; Humberto Mar\u00edn, ejecutivo de Corfo Ays\u00e9n; Margit Veloso, del Comit\u00e9 de Desarrollo Productivo de Ays\u00e9n; y Zolka Moreno, de la Divisi\u00f3n de Fomento e Industria del Gobierno Regional de Ays\u00e9n. Desde Transforma Cambio Clim\u00e1tico, programa estrat\u00e9gico de Corfo que brinda apoyo t\u00e9cnico a BioAys\u00e9n, participaron su gerenta, Irina Reyes; el coordinador de iniciativas, Isnardo L\u00f3pez; y la coordinadora de monitoreo y seguimiento, Gabriela Barrera.<\/p>\n<p style=\"text-align: justify;\">Adem\u00e1s, participaron de manera h\u00edbrida representantes de destacadas organizaciones vinculadas a la conservaci\u00f3n. Desde el Forest Stewardship Council (FSC) asistieron su directora ejecutiva, Regina Massai; la gerenta de Desarrollo de Mercado y Alianzas, Paola Bol\u00edvar; y la profesional Rayen Catrileo. Tambi\u00e9n estuvo presente el director ejecutivo de la Fundaci\u00f3n Kreen, Carlos Mendoza. En representaci\u00f3n de CMPC, participaron el jefe de Sostenibilidad y Conservaci\u00f3n, Patricio Herranz, y el jefe de Relacionamiento Coyhaique, Roderick Jara. Desde la Fundaci\u00f3n Patagonia Ays\u00e9n, lo hicieron su presidente, Ar\u00edstides Benavente, y la directora ejecutiva, Mar\u00eda Jes\u00fas Brautigam. Por su parte, del Consejo del Salm\u00f3n participaron la presidenta ejecutiva, Loreto Salazar; el director regional de Ays\u00e9n, Rolf Traeger; y la directora de Estudios Aplicados, Alejandra Bustamante.<\/p>\n<p style=\"text-align: justify;\">Para m\u00e1s informaci\u00f3n del proyecto, pueden visitar el sitio web <a href=\"https:\/\/fundacionchilecircular.cl\/proyecto-bioaysen\/\">https:\/\/fundacionchilecircular.cl\/proyecto-bioaysen\/<\/a> o el Instagram del proyecto <a href=\"https:\/\/www.instagram.com\/proyectobioaysen\/\">https:\/\/www.instagram.com\/proyectobioaysen\/<\/a><\/p>\n<\/div><\/section><\/div><div  style='height:50px' class='hr hr-invisible   avia-builder-el-6  el_after_av_one_full  el_before_av_social_share '><span class='hr-inner ' ><span class='hr-inner-style'><\/span><\/span><\/div><\/p>\n<div  class='av-social-sharing-box  avia-builder-el-7  el_after_av_hr  el_before_av_hr  '><div class='av-share-box'><h5 class='av-share-link-description av-no-toc '>Compartir esta noticia<\/h5><ul class='av-share-box-list noLightbox'><li class='av-share-link av-social-link-facebook' ><a target=\"_blank\" aria-label=\"Compartir en Facebook\" href='https:\/\/www.facebook.com\/sharer.php?u=https:\/\/radiorevelacionfm.cl\/?p=60733&#038;t=Proyecto%20BioAys%C3%A9n%20incorpora%20nuevos%20terrenos%20y%20avanza%20hacia%20la%20certificaci%C3%B3n%20de%20servicios%20ecosist%C3%A9micos%20en%20Ays%C3%A9n' aria-hidden='false' data-av_icon='\ue8f3' data-av_iconfont='entypo-fontello' title='' data-avia-related-tooltip='Compartir en Facebook' rel=\"noopener\"><span class='avia_hidden_link_text'>Compartir en Facebook<\/span><\/a><\/li><li class='av-share-link av-social-link-twitter' ><a target=\"_blank\" aria-label=\"Compartir en Twitter\" href='https:\/\/twitter.com\/share?text=Proyecto%20BioAys%C3%A9n%20incorpora%20nuevos%20terrenos%20y%20avanza%20hacia%20la%20certificaci%C3%B3n%20de%20servicios%20ecosist%C3%A9micos%20en%20Ays%C3%A9n&#038;url=https:\/\/radiorevelacionfm.cl\/?p=60733' aria-hidden='false' data-av_icon='\ue8f1' data-av_iconfont='entypo-fontello' title='' data-avia-related-tooltip='Compartir en Twitter' rel=\"noopener\"><span class='avia_hidden_link_text'>Compartir en Twitter<\/span><\/a><\/li><li class='av-share-link av-social-link-whatsapp' ><a target=\"_blank\" aria-label=\"Compartir en Whatsapp\" href='https:\/\/api.whatsapp.com\/send?text=https:\/\/radiorevelacionfm.cl\/?p=60733' aria-hidden='false' data-av_icon='\uf232' data-av_iconfont='entypo-fontello' title='' data-avia-related-tooltip='Compartir en Whatsapp' rel=\"noopener\"><span class='avia_hidden_link_text'>Compartir en Whatsapp<\/span><\/a><\/li><li class='av-share-link av-social-link-linkedin' ><a target=\"_blank\" aria-label=\"Compartir en LinkedIn\" href='https:\/\/linkedin.com\/shareArticle?mini=true&#038;title=Proyecto%20BioAys%C3%A9n%20incorpora%20nuevos%20terrenos%20y%20avanza%20hacia%20la%20certificaci%C3%B3n%20de%20servicios%20ecosist%C3%A9micos%20en%20Ays%C3%A9n&#038;url=https:\/\/radiorevelacionfm.cl\/?p=60733' aria-hidden='false' data-av_icon='\ue8fc' data-av_iconfont='entypo-fontello' title='' data-avia-related-tooltip='Compartir en LinkedIn' rel=\"noopener\"><span class='avia_hidden_link_text'>Compartir en LinkedIn<\/span><\/a><\/li><li class='av-share-link av-social-link-mail' ><a  aria-label=\"Compartir por correo\" href='mailto:?subject=Proyecto%20BioAys%C3%A9n%20incorpora%20nuevos%20terrenos%20y%20avanza%20hacia%20la%20certificaci%C3%B3n%20de%20servicios%20ecosist%C3%A9micos%20en%20Ays%C3%A9n&#038;body=https:\/\/radiorevelacionfm.cl\/?p=60733' aria-hidden='false' data-av_icon='\ue805' data-av_iconfont='entypo-fontello' title='' data-avia-related-tooltip='Compartir por correo'><span class='avia_hidden_link_text'>Compartir por correo<\/span><\/a><\/li><\/ul><\/div><\/div>\n<div  style='height:50px' class='hr hr-invisible   avia-builder-el-8  el_after_av_social_share  el_before_av_comments_list '><span class='hr-inner ' ><span class='hr-inner-style'><\/span><\/span><\/div>\n<div  class='av-buildercomment  av-blog-meta-html-info-disabled av-blog-meta-tag-disabled  '><\/div>\n","protected":false},"excerpt":{"rendered":"","protected":false},"author":1,"featured_media":60734,"comment_status":"closed","ping_status":"closed","sticky":false,"template":"","format":"standard","meta":{"footnotes":""},"categories":[38],"tags":[],"class_list":["post-60733","post","type-post","status-publish","format-standard","has-post-thumbnail","hentry","category-regional"],"jetpack_featured_media_url":"https:\/\/radiorevelacionfm.cl\/wp-content\/uploads\/2025\/10\/gobernanza-aysen-23_optimized.10.25-1-1.jpg","_links":{"self":[{"href":"https:\/\/radiorevelacionfm.cl\/index.php?rest_route=\/wp\/v2\/posts\/60733","targetHints":{"allow":["GET"]}}],"collection":[{"href":"https:\/\/radiorevelacionfm.cl\/index.php?rest_route=\/wp\/v2\/posts"}],"about":[{"href":"https:\/\/radiorevelacionfm.cl\/index.php?rest_route=\/wp\/v2\/types\/post"}],"author":[{"embeddable":true,"href":"https:\/\/radiorevelacionfm.cl\/index.php?rest_route=\/wp\/v2\/users\/1"}],"replies":[{"embeddable":true,"href":"https:\/\/radiorevelacionfm.cl\/index.php?rest_route=%2Fwp%2Fv2%2Fcomments&post=60733"}],"version-history":[{"count":2,"href":"https:\/\/radiorevelacionfm.cl\/index.php?rest_route=\/wp\/v2\/posts\/60733\/revisions"}],"predecessor-version":[{"id":60736,"href":"https:\/\/radiorevelacionfm.cl\/index.php?rest_route=\/wp\/v2\/posts\/60733\/revisions\/60736"}],"wp:featuredmedia":[{"embeddable":true,"href":"https:\/\/radiorevelacionfm.cl\/index.php?rest_route=\/wp\/v2\/media\/60734"}],"wp:attachment":[{"href":"https:\/\/radiorevelacionfm.cl\/index.php?rest_route=%2Fwp%2Fv2%2Fmedia&parent=60733"}],"wp:term":[{"taxonomy":"category","embeddable":true,"href":"https:\/\/radiorevelacionfm.cl\/index.php?rest_route=%2Fwp%2Fv2%2Fcategories&post=60733"},{"taxonomy":"post_tag","embeddable":true,"href":"https:\/\/radiorevelacionfm.cl\/index.php?rest_route=%2Fwp%2Fv2%2Ftags&post=60733"}],"curies":[{"name":"wp","href":"https:\/\/api.w.org\/{rel}","templated":true}]}}