{"id":60717,"date":"2025-10-23T21:33:35","date_gmt":"2025-10-24T00:33:35","guid":{"rendered":"https:\/\/radiorevelacionfm.cl\/?p=60717"},"modified":"2025-10-23T21:44:11","modified_gmt":"2025-10-24T00:44:11","slug":"marcia-raphael-advierte-que-recorte-de-presupuesto-en-educacion-podria-generar-mas-250-despidos-en-slep","status":"publish","type":"post","link":"https:\/\/radiorevelacionfm.cl\/?p=60717","title":{"rendered":"Marcia Raphael advierte que recorte de presupuesto en educaci\u00f3n podr\u00eda generar m\u00e1s de 250 despidos en SLEP"},"content":{"rendered":"<div class=\"flex_column av_one_full  flex_column_div av-zero-column-padding first  avia-builder-el-0  el_before_av_one_full  avia-builder-el-first  \" style='border-radius:0px; '><div  class='avia-image-container  av-styling-    avia-builder-el-1  avia-builder-el-no-sibling  avia-align-center '  itemprop=\"image\" itemscope=\"itemscope\" itemtype=\"https:\/\/schema.org\/ImageObject\"  ><div class='avia-image-container-inner'><div class='avia-image-overlay-wrap'><img decoding=\"async\" class='wp-image-60718 avia-img-lazy-loading-not-60718 avia_image' src=\"https:\/\/radiorevelacionfm.cl\/wp-content\/uploads\/2025\/10\/Recorte-SLEP-DipRaphael-1-1.jpg\" alt='' title='Recorte SLEP - DipRaphael (1) (1)' height=\"600\" width=\"843\"  itemprop=\"thumbnailUrl\" srcset=\"https:\/\/radiorevelacionfm.cl\/wp-content\/uploads\/2025\/10\/Recorte-SLEP-DipRaphael-1-1.jpg 843w, https:\/\/radiorevelacionfm.cl\/wp-content\/uploads\/2025\/10\/Recorte-SLEP-DipRaphael-1-1-300x214.jpg 300w, https:\/\/radiorevelacionfm.cl\/wp-content\/uploads\/2025\/10\/Recorte-SLEP-DipRaphael-1-1-768x547.jpg 768w, https:\/\/radiorevelacionfm.cl\/wp-content\/uploads\/2025\/10\/Recorte-SLEP-DipRaphael-1-1-260x185.jpg 260w, https:\/\/radiorevelacionfm.cl\/wp-content\/uploads\/2025\/10\/Recorte-SLEP-DipRaphael-1-1-705x502.jpg 705w, https:\/\/radiorevelacionfm.cl\/wp-content\/uploads\/2025\/10\/Recorte-SLEP-DipRaphael-1-1-450x320.jpg 450w, https:\/\/radiorevelacionfm.cl\/wp-content\/uploads\/2025\/10\/Recorte-SLEP-DipRaphael-1-1-600x427.jpg 600w\" sizes=\"(max-width: 843px) 100vw, 843px\" \/><\/div><\/div><\/div><\/div>\n<div class=\"flex_column av_one_full  flex_column_div av-zero-column-padding first  avia-builder-el-2  el_after_av_one_full  el_before_av_one_full  column-top-margin\" style='border-radius:0px; '><section class=\"av_textblock_section \"  itemscope=\"itemscope\" itemtype=\"https:\/\/schema.org\/BlogPosting\" itemprop=\"blogPost\" ><div class='avia_textblock  '   itemprop=\"text\" ><p style=\"text-align: center;\"><span style=\"font-size: 18pt;\"><b>Marcia Raphael advierte que recorte de presupuesto en educaci\u00f3n podr\u00eda generar m\u00e1s de 250 despidos en SLEP<\/b><\/span><\/p>\n<div id=\"gtx-trans\" style=\"position: absolute; left: -50px; top: 4.31534px;\">\n<div class=\"gtx-trans-icon\"><\/div>\n<\/div>\n<\/div><\/section><\/div><div class=\"flex_column av_one_full  flex_column_div av-zero-column-padding first  avia-builder-el-4  el_after_av_one_full  el_before_av_hr  column-top-margin\" style='border-radius:0px; '><section class=\"av_textblock_section \"  itemscope=\"itemscope\" itemtype=\"https:\/\/schema.org\/BlogPosting\" itemprop=\"blogPost\" ><div class='avia_textblock  '   itemprop=\"text\" ><p style=\"font-weight: 400; text-align: justify;\"><em>La diputada Raphael (RN) detall\u00f3 que de $46.093 millones de pesos del 2025 se pasa a $45.730 millones de pesos al 2026 destinados al SLEP, reduciendo con ello de 988 a 737 la dotaci\u00f3n de funcionarios seg\u00fan se indica en la partida del gobierno.<\/em><\/p>\n<p style=\"font-weight: 400; text-align: justify;\">La diputada por Ays\u00e9n, Marcia Raphael Mora, anunci\u00f3 su voto en contra de la partida que present\u00f3 para el presupuesto 2026 en materia de educaci\u00f3n el gobierno del presidente Boric, instando al Ministerio de Educaci\u00f3n a revertir su propuesta, dado que en nuestra regi\u00f3n implicar\u00eda la reducci\u00f3n de horas docentes y despidos asistentes de la educaci\u00f3n debido al recorte de recursos que traer\u00eda la iniciativa de ley.<\/p>\n<p style=\"font-weight: 400; text-align: justify;\">Sobre la partida de educaci\u00f3n presentada por el gobierno para someterla a la discusi\u00f3n del presupuesto, la diputada, Marcia Raphael, explic\u00f3 que \u201cla ley de presupuesto que nos present\u00f3 el gobierno en materia de educaci\u00f3n nos tiene en alerta y muy preocupados, dado que est\u00e1n planteando un recorte que en nuestra Regi\u00f3n de Ays\u00e9n impactar\u00eda a los docentes y asistentes de la educaci\u00f3n que forman parte del Servicio Local de Educaci\u00f3n (SLEP) y esta reducci\u00f3n de recursos llevar\u00eda al despido seg\u00fan se estima de 251 personas. Adem\u00e1s, se reducen m\u00e1s de 360 horas docentes\u201d.<\/p>\n<p style=\"font-weight: 400; text-align: justify;\">\u201cDicha reducci\u00f3n no s\u00f3lo se dar\u00eda en establecimientos educacionales de distintas comunas sino tambi\u00e9n en las escuelas rurales, dado que el criterio que se estar\u00eda aplicando desde el gobierno es por n\u00famero de matr\u00edculas, es decir, hay una falta de conocimiento de la realidad pa\u00eds y de las regiones extremas tremenda, porque sabemos lo importante que son los establecimientos educacionales en las localidades m\u00e1s apartadas en nuestra regi\u00f3n\u201d, agreg\u00f3 la diputada.<\/p>\n<p style=\"font-weight: 400; text-align: justify;\">\u201cLo que nos duele y lamentamos es que el foco del gobierno no est\u00e1 en el fortalecimiento de la calidad de la educaci\u00f3n p\u00fablica y en sus mejoras, m\u00e1s a\u00fan tampoco en el reconocimiento de los funcionarios y su labor en el sistema educativo. Desde ya, anuncio mi voto en contra de la partida de educaci\u00f3n en caso de que el Ministerio de Educaci\u00f3n no revierta esta mala propuesta de presupuesto 2026\u201d, concluy\u00f3 Marcia Raphael.<\/p>\n<\/div><\/section><\/div><\/p>\n<div  style='height:50px' class='hr hr-invisible   avia-builder-el-6  el_after_av_one_full  el_before_av_social_share '><span class='hr-inner ' ><span class='hr-inner-style'><\/span><\/span><\/div>\n<div  class='av-social-sharing-box  avia-builder-el-7  el_after_av_hr  el_before_av_hr  '><div class='av-share-box'><h5 class='av-share-link-description av-no-toc '>Compartir esta noticia<\/h5><ul class='av-share-box-list noLightbox'><li class='av-share-link av-social-link-facebook' ><a target=\"_blank\" aria-label=\"Compartir en Facebook\" href='https:\/\/www.facebook.com\/sharer.php?u=https:\/\/radiorevelacionfm.cl\/?p=60717&#038;t=Marcia%20Raphael%20advierte%20que%20recorte%20de%20presupuesto%20en%20educaci%C3%B3n%20podr%C3%ADa%20generar%20m%C3%A1s%20de%20250%20despidos%20en%20SLEP' aria-hidden='false' data-av_icon='\ue8f3' data-av_iconfont='entypo-fontello' title='' data-avia-related-tooltip='Compartir en Facebook' rel=\"noopener\"><span class='avia_hidden_link_text'>Compartir en Facebook<\/span><\/a><\/li><li class='av-share-link av-social-link-twitter' ><a target=\"_blank\" aria-label=\"Compartir en Twitter\" href='https:\/\/twitter.com\/share?text=Marcia%20Raphael%20advierte%20que%20recorte%20de%20presupuesto%20en%20educaci%C3%B3n%20podr%C3%ADa%20generar%20m%C3%A1s%20de%20250%20despidos%20en%20SLEP&#038;url=https:\/\/radiorevelacionfm.cl\/?p=60717' aria-hidden='false' data-av_icon='\ue8f1' data-av_iconfont='entypo-fontello' title='' data-avia-related-tooltip='Compartir en Twitter' rel=\"noopener\"><span class='avia_hidden_link_text'>Compartir en Twitter<\/span><\/a><\/li><li class='av-share-link av-social-link-whatsapp' ><a target=\"_blank\" aria-label=\"Compartir en Whatsapp\" href='https:\/\/api.whatsapp.com\/send?text=https:\/\/radiorevelacionfm.cl\/?p=60717' aria-hidden='false' data-av_icon='\uf232' data-av_iconfont='entypo-fontello' title='' data-avia-related-tooltip='Compartir en Whatsapp' rel=\"noopener\"><span class='avia_hidden_link_text'>Compartir en Whatsapp<\/span><\/a><\/li><li class='av-share-link av-social-link-linkedin' ><a target=\"_blank\" aria-label=\"Compartir en LinkedIn\" href='https:\/\/linkedin.com\/shareArticle?mini=true&#038;title=Marcia%20Raphael%20advierte%20que%20recorte%20de%20presupuesto%20en%20educaci%C3%B3n%20podr%C3%ADa%20generar%20m%C3%A1s%20de%20250%20despidos%20en%20SLEP&#038;url=https:\/\/radiorevelacionfm.cl\/?p=60717' aria-hidden='false' data-av_icon='\ue8fc' data-av_iconfont='entypo-fontello' title='' data-avia-related-tooltip='Compartir en LinkedIn' rel=\"noopener\"><span class='avia_hidden_link_text'>Compartir en LinkedIn<\/span><\/a><\/li><li class='av-share-link av-social-link-mail' ><a  aria-label=\"Compartir por correo\" href='mailto:?subject=Marcia%20Raphael%20advierte%20que%20recorte%20de%20presupuesto%20en%20educaci%C3%B3n%20podr%C3%ADa%20generar%20m%C3%A1s%20de%20250%20despidos%20en%20SLEP&#038;body=https:\/\/radiorevelacionfm.cl\/?p=60717' aria-hidden='false' data-av_icon='\ue805' data-av_iconfont='entypo-fontello' title='' data-avia-related-tooltip='Compartir por correo'><span class='avia_hidden_link_text'>Compartir por correo<\/span><\/a><\/li><\/ul><\/div><\/div>\n<div  style='height:50px' class='hr hr-invisible   avia-builder-el-8  el_after_av_social_share  el_before_av_comments_list '><span class='hr-inner ' ><span class='hr-inner-style'><\/span><\/span><\/div>\n<div  class='av-buildercomment  av-blog-meta-html-info-disabled av-blog-meta-tag-disabled  '><\/div>\n","protected":false},"excerpt":{"rendered":"","protected":false},"author":1,"featured_media":60718,"comment_status":"closed","ping_status":"closed","sticky":false,"template":"","format":"standard","meta":{"footnotes":""},"categories":[35],"tags":[],"class_list":["post-60717","post","type-post","status-publish","format-standard","has-post-thumbnail","hentry","category-politica"],"jetpack_featured_media_url":"https:\/\/radiorevelacionfm.cl\/wp-content\/uploads\/2025\/10\/Recorte-SLEP-DipRaphael-1-1.jpg","_links":{"self":[{"href":"https:\/\/radiorevelacionfm.cl\/index.php?rest_route=\/wp\/v2\/posts\/60717","targetHints":{"allow":["GET"]}}],"collection":[{"href":"https:\/\/radiorevelacionfm.cl\/index.php?rest_route=\/wp\/v2\/posts"}],"about":[{"href":"https:\/\/radiorevelacionfm.cl\/index.php?rest_route=\/wp\/v2\/types\/post"}],"author":[{"embeddable":true,"href":"https:\/\/radiorevelacionfm.cl\/index.php?rest_route=\/wp\/v2\/users\/1"}],"replies":[{"embeddable":true,"href":"https:\/\/radiorevelacionfm.cl\/index.php?rest_route=%2Fwp%2Fv2%2Fcomments&post=60717"}],"version-history":[{"count":3,"href":"https:\/\/radiorevelacionfm.cl\/index.php?rest_route=\/wp\/v2\/posts\/60717\/revisions"}],"predecessor-version":[{"id":60722,"href":"https:\/\/radiorevelacionfm.cl\/index.php?rest_route=\/wp\/v2\/posts\/60717\/revisions\/60722"}],"wp:featuredmedia":[{"embeddable":true,"href":"https:\/\/radiorevelacionfm.cl\/index.php?rest_route=\/wp\/v2\/media\/60718"}],"wp:attachment":[{"href":"https:\/\/radiorevelacionfm.cl\/index.php?rest_route=%2Fwp%2Fv2%2Fmedia&parent=60717"}],"wp:term":[{"taxonomy":"category","embeddable":true,"href":"https:\/\/radiorevelacionfm.cl\/index.php?rest_route=%2Fwp%2Fv2%2Fcategories&post=60717"},{"taxonomy":"post_tag","embeddable":true,"href":"https:\/\/radiorevelacionfm.cl\/index.php?rest_route=%2Fwp%2Fv2%2Ftags&post=60717"}],"curies":[{"name":"wp","href":"https:\/\/api.w.org\/{rel}","templated":true}]}}