{"id":60714,"date":"2025-10-24T10:24:01","date_gmt":"2025-10-24T13:24:01","guid":{"rendered":"https:\/\/radiorevelacionfm.cl\/?p=60714"},"modified":"2025-10-24T10:24:01","modified_gmt":"2025-10-24T13:24:01","slug":"se-inicio-la-decima-version-del-programa-mujeres-con-energia-para-potenciar-a-emprendedoras-del-sur","status":"publish","type":"post","link":"https:\/\/radiorevelacionfm.cl\/?p=60714","title":{"rendered":"Se inici\u00f3 la d\u00e9cima versi\u00f3n del programa \u00abMujeres con Energ\u00eda\u00bb para potenciar a emprendedoras del sur"},"content":{"rendered":"<div class=\"flex_column av_one_full  flex_column_div av-zero-column-padding first  avia-builder-el-0  el_before_av_one_full  avia-builder-el-first  \" style='border-radius:0px; '><div  class='avia-image-container  av-styling-    avia-builder-el-1  avia-builder-el-no-sibling  avia-align-center '  itemprop=\"image\" itemscope=\"itemscope\" itemtype=\"https:\/\/schema.org\/ImageObject\"  ><div class='avia-image-container-inner'><div class='avia-image-overlay-wrap'><img decoding=\"async\" class='wp-image-60715 avia-img-lazy-loading-not-60715 avia_image' src=\"https:\/\/radiorevelacionfm.cl\/wp-content\/uploads\/2025\/10\/mujeres-con-energia-2-1_optimized.jpeg\" alt='' title='mujeres-con-energ\u00eda-(2)-(1)_optimized' height=\"600\" width=\"1030\"  itemprop=\"thumbnailUrl\" srcset=\"https:\/\/radiorevelacionfm.cl\/wp-content\/uploads\/2025\/10\/mujeres-con-energia-2-1_optimized.jpeg 1030w, https:\/\/radiorevelacionfm.cl\/wp-content\/uploads\/2025\/10\/mujeres-con-energia-2-1_optimized-300x175.jpeg 300w, https:\/\/radiorevelacionfm.cl\/wp-content\/uploads\/2025\/10\/mujeres-con-energia-2-1_optimized-768x447.jpeg 768w, https:\/\/radiorevelacionfm.cl\/wp-content\/uploads\/2025\/10\/mujeres-con-energia-2-1_optimized-705x411.jpeg 705w, https:\/\/radiorevelacionfm.cl\/wp-content\/uploads\/2025\/10\/mujeres-con-energia-2-1_optimized-450x262.jpeg 450w, https:\/\/radiorevelacionfm.cl\/wp-content\/uploads\/2025\/10\/mujeres-con-energia-2-1_optimized-600x350.jpeg 600w\" sizes=\"(max-width: 1030px) 100vw, 1030px\" \/><\/div><\/div><\/div><\/div><div class=\"flex_column av_one_full  flex_column_div av-zero-column-padding first  avia-builder-el-2  el_after_av_one_full  el_before_av_one_full  column-top-margin\" style='border-radius:0px; '><section class=\"av_textblock_section \"  itemscope=\"itemscope\" itemtype=\"https:\/\/schema.org\/BlogPosting\" itemprop=\"blogPost\" ><div class='avia_textblock  '   itemprop=\"text\" ><p style=\"text-align: center;\"><strong><span style=\"font-size: 18pt;\">Se inici\u00f3 la d\u00e9cima versi\u00f3n del programa \u00abMujeres con Energ\u00eda\u00bb para potenciar a emprendedoras del sur<\/span><\/strong><\/p>\n<div id=\"gtx-trans\" style=\"position: absolute; left: -50px; top: 4.31534px;\">\n<div class=\"gtx-trans-icon\"><\/div>\n<\/div>\n<\/div><\/section><\/div><div class=\"flex_column av_one_full  flex_column_div av-zero-column-padding first  avia-builder-el-4  el_after_av_one_full  el_before_av_hr  column-top-margin\" style='border-radius:0px; '><section class=\"av_textblock_section \"  itemscope=\"itemscope\" itemtype=\"https:\/\/schema.org\/BlogPosting\" itemprop=\"blogPost\" ><div class='avia_textblock  '   itemprop=\"text\" ><p style=\"text-align: justify;\">Con m\u00e1s de un centenar de emprendedoras del sur del pa\u00eds conectadas de manera remota se dio a la d\u00e9cima versi\u00f3n del programa de Edelaysen\u00a0\u00ab<a href=\"https:\/\/nam10.safelinks.protection.outlook.com\/?url=https%3A%2F%2Fwww.google.com%2Fsearch%3Fved%3D1t%3A260882%26q%3DSaesa%2BMujeres%2Bcon%2BEnergia%26bbid%3D6239640834095054060%26bpid%3D3605474258733522350&amp;data=05%7C02%7Cmaria.marchant%40saesa.cl%7C2eace709fcad43cd78e008de1230a972%7C136d6ab55b55496f97cb2424247715ed%7C0%7C0%7C638968197424756162%7CUnknown%7CTWFpbGZsb3d8eyJFbXB0eU1hcGkiOnRydWUsIlYiOiIwLjAuMDAwMCIsIlAiOiJXaW4zMiIsIkFOIjoiTWFpbCIsIldUIjoyfQ%3D%3D%7C0%7C%7C%7C&amp;sdata=mxVqDhEXu3mvNsG5pJnvOQ70kbCBpeQvAz5J8PM1oaA%3D&amp;reserved=0\">Mujeres con Energ\u00eda<\/a>\u00ab,\u00a0una iniciativa que busca capacitar y fortalecer sus negocios en el sur de Chile.<\/p>\n<p style=\"text-align: justify;\">Esta iniciativa que lleva 3 a\u00f1os de ejecuci\u00f3n ha capacitado a m\u00e1s de\u00a0<a href=\"https:\/\/nam10.safelinks.protection.outlook.com\/?url=https%3A%2F%2Fwww.google.com%2Fsearch%3Fved%3D1t%3A260882%26q%3DSaesa%2BMujeres%2Bcon%2BEnergia%2Bimpact%26bbid%3D6239640834095054060%26bpid%3D3605474258733522350&amp;data=05%7C02%7Cmaria.marchant%40saesa.cl%7C2eace709fcad43cd78e008de1230a972%7C136d6ab55b55496f97cb2424247715ed%7C0%7C0%7C638968197424774037%7CUnknown%7CTWFpbGZsb3d8eyJFbXB0eU1hcGkiOnRydWUsIlYiOiIwLjAuMDAwMCIsIlAiOiJXaW4zMiIsIkFOIjoiTWFpbCIsIldUIjoyfQ%3D%3D%7C0%7C%7C%7C&amp;sdata=2%2Bm%2BCFDYc111dcbUK0qfJrY8fNA%2F%2BZ3N6ovlVl1QwBo%3D&amp;reserved=0\">1.400 emprendedoras desde su creaci\u00f3n en 2021<\/a>, entregando herramientas de gesti\u00f3n y potenciando el desarrollo de los negocios liderados por mujeres en las regiones del sur del pa\u00eds, desde \u00d1uble hasta Coyhaique.<\/p>\n<p style=\"text-align: justify;\">Con la clase magistral denominada \u201cEmpoderamiento femenino\u201d a cargo de Daniela Sandoval, subdirectora Acad\u00e9mica de AIEP Sede Puerto Montt, se entregaron conocimientos para iniciar este proceso de formaci\u00f3n que durar\u00e1 cerca de 6 semanas, donde a trav\u00e9s de clases virtuales dictadas por AIEP y el Centro de Negocios de Sercotec, completar\u00e1n su formaci\u00f3n en esta academia de emprendimiento.<\/p>\n<p style=\"text-align: justify;\">Alondra Leal, gerente de Asuntos Corporativos de Grupo Saesa se\u00f1al\u00f3 en el inicio de esta d\u00e9cima versi\u00f3n que: \u201cMujeres con Energ\u00eda es mucho m\u00e1s que una academia, en estos a\u00f1os se ha transformado en una comunidad que transforma vidas, conecta sue\u00f1os y entrega herramientas reales para que cada emprendedora pueda crecer. Invitamos a todas las mujeres del sur del pa\u00eds a ser parte de esta experiencia que empodera y genera redes de colaboraci\u00f3n. Que aprovechen esta oportunidad y puedan seguir adelante con sus emprendimientos\u201d.<\/p>\n<p style=\"text-align: justify;\">Estuvieron presentes en el inicio de las clases a m\u00e1s de 160 participantes, Viviana Mart\u00ednez-Conde, jefa zonal sur de Proyecto Centros de Negocios AIEP y Claudio L\u00f3pez Klocker, jefe de Centro de Desarrollo de Negocios Sercotec sede Puerto Varas, Roberto Becerra, Director Administrativo de AIEP Puerto Montt, Claudio C\u00e1rdenas Leiva, Coordinador de Planificaci\u00f3n y Operaciones de Sercotec, Regi\u00f3n de los Lagos, adem\u00e1s de ejecutivos de Saesa de distintas regiones.<\/p>\n<p>Este programa est\u00e1 dirigido a mujeres que ya cuenten con un negocio en marcha. Y este proceso de formaci\u00f3n es completa y gratuita e incluye clases virtuales, m\u00f3dulos de libre acceso y clases magistrales, las cuales ser\u00e1n impartidas por profesionales del\u00a0<a href=\"https:\/\/nam10.safelinks.protection.outlook.com\/?url=https%3A%2F%2Fwww.google.com%2Fsearch%3Fved%3D1t%3A260882%26q%3DInstituto%2BAIEP%26bbid%3D6239640834095054060%26bpid%3D3605474258733522350&amp;data=05%7C02%7Cmaria.marchant%40saesa.cl%7C2eace709fcad43cd78e008de1230a972%7C136d6ab55b55496f97cb2424247715ed%7C0%7C0%7C638968197424795294%7CUnknown%7CTWFpbGZsb3d8eyJFbXB0eU1hcGkiOnRydWUsIlYiOiIwLjAuMDAwMCIsIlAiOiJXaW4zMiIsIkFOIjoiTWFpbCIsIldUIjoyfQ%3D%3D%7C0%7C%7C%7C&amp;sdata=T2Dzt7rZ3Dm6XBrPeaPlnqEXfq7hDpJaAQp9ZKjUq2o%3D&amp;reserved=0\">Instituto AIEP<\/a>\u00a0y\u00a0<a href=\"https:\/\/nam10.safelinks.protection.outlook.com\/?url=https%3A%2F%2Fwww.google.com%2Fsearch%3Fved%3D1t%3A260882%26q%3DSercotec%26bbid%3D6239640834095054060%26bpid%3D3605474258733522350&amp;data=05%7C02%7Cmaria.marchant%40saesa.cl%7C2eace709fcad43cd78e008de1230a972%7C136d6ab55b55496f97cb2424247715ed%7C0%7C0%7C638968197424815355%7CUnknown%7CTWFpbGZsb3d8eyJFbXB0eU1hcGkiOnRydWUsIlYiOiIwLjAuMDAwMCIsIlAiOiJXaW4zMiIsIkFOIjoiTWFpbCIsIldUIjoyfQ%3D%3D%7C0%7C%7C%7C&amp;sdata=PGjdL8hvfAsIFCpa%2Fg55S2ai0xUrXrdsakNgyMYLv5U%3D&amp;reserved=0\">Sercotec<\/a>.\u00a0Al t\u00e9rmino del programa, las participantes destacadas tendr\u00e1n la oportunidad de recibir premios en efectivo de libre disposici\u00f3n para sus proyectos.<\/p>\n<\/div><\/section><\/div><div  style='height:50px' class='hr hr-invisible   avia-builder-el-6  el_after_av_one_full  el_before_av_social_share '><span class='hr-inner ' ><span class='hr-inner-style'><\/span><\/span><\/div><\/p>\n<div  class='av-social-sharing-box  avia-builder-el-7  el_after_av_hr  el_before_av_hr  '><div class='av-share-box'><h5 class='av-share-link-description av-no-toc '>Compartir esta noticia<\/h5><ul class='av-share-box-list noLightbox'><li class='av-share-link av-social-link-facebook' ><a target=\"_blank\" aria-label=\"Compartir en Facebook\" href='https:\/\/www.facebook.com\/sharer.php?u=https:\/\/radiorevelacionfm.cl\/?p=60714&#038;t=Se%20inici%C3%B3%20la%20d%C3%A9cima%20versi%C3%B3n%20del%20programa%20%C2%ABMujeres%20con%20Energ%C3%ADa%C2%BB%20para%20potenciar%20a%20emprendedoras%20del%20sur' aria-hidden='false' data-av_icon='\ue8f3' data-av_iconfont='entypo-fontello' title='' data-avia-related-tooltip='Compartir en Facebook' rel=\"noopener\"><span class='avia_hidden_link_text'>Compartir en Facebook<\/span><\/a><\/li><li class='av-share-link av-social-link-twitter' ><a target=\"_blank\" aria-label=\"Compartir en Twitter\" href='https:\/\/twitter.com\/share?text=Se%20inici%C3%B3%20la%20d%C3%A9cima%20versi%C3%B3n%20del%20programa%20%C2%ABMujeres%20con%20Energ%C3%ADa%C2%BB%20para%20potenciar%20a%20emprendedoras%20del%20sur&#038;url=https:\/\/radiorevelacionfm.cl\/?p=60714' aria-hidden='false' data-av_icon='\ue8f1' data-av_iconfont='entypo-fontello' title='' data-avia-related-tooltip='Compartir en Twitter' rel=\"noopener\"><span class='avia_hidden_link_text'>Compartir en Twitter<\/span><\/a><\/li><li class='av-share-link av-social-link-whatsapp' ><a target=\"_blank\" aria-label=\"Compartir en Whatsapp\" href='https:\/\/api.whatsapp.com\/send?text=https:\/\/radiorevelacionfm.cl\/?p=60714' aria-hidden='false' data-av_icon='\uf232' data-av_iconfont='entypo-fontello' title='' data-avia-related-tooltip='Compartir en Whatsapp' rel=\"noopener\"><span class='avia_hidden_link_text'>Compartir en Whatsapp<\/span><\/a><\/li><li class='av-share-link av-social-link-linkedin' ><a target=\"_blank\" aria-label=\"Compartir en LinkedIn\" href='https:\/\/linkedin.com\/shareArticle?mini=true&#038;title=Se%20inici%C3%B3%20la%20d%C3%A9cima%20versi%C3%B3n%20del%20programa%20%C2%ABMujeres%20con%20Energ%C3%ADa%C2%BB%20para%20potenciar%20a%20emprendedoras%20del%20sur&#038;url=https:\/\/radiorevelacionfm.cl\/?p=60714' aria-hidden='false' data-av_icon='\ue8fc' data-av_iconfont='entypo-fontello' title='' data-avia-related-tooltip='Compartir en LinkedIn' rel=\"noopener\"><span class='avia_hidden_link_text'>Compartir en LinkedIn<\/span><\/a><\/li><li class='av-share-link av-social-link-mail' ><a  aria-label=\"Compartir por correo\" href='mailto:?subject=Se%20inici%C3%B3%20la%20d%C3%A9cima%20versi%C3%B3n%20del%20programa%20%C2%ABMujeres%20con%20Energ%C3%ADa%C2%BB%20para%20potenciar%20a%20emprendedoras%20del%20sur&#038;body=https:\/\/radiorevelacionfm.cl\/?p=60714' aria-hidden='false' data-av_icon='\ue805' data-av_iconfont='entypo-fontello' title='' data-avia-related-tooltip='Compartir por correo'><span class='avia_hidden_link_text'>Compartir por correo<\/span><\/a><\/li><\/ul><\/div><\/div>\n<div  style='height:50px' class='hr hr-invisible   avia-builder-el-8  el_after_av_social_share  el_before_av_comments_list '><span class='hr-inner ' ><span class='hr-inner-style'><\/span><\/span><\/div>\n<div  class='av-buildercomment  av-blog-meta-html-info-disabled av-blog-meta-tag-disabled  '><\/div>\n","protected":false},"excerpt":{"rendered":"","protected":false},"author":1,"featured_media":60715,"comment_status":"closed","ping_status":"closed","sticky":false,"template":"","format":"standard","meta":{"footnotes":""},"categories":[38],"tags":[],"class_list":["post-60714","post","type-post","status-publish","format-standard","has-post-thumbnail","hentry","category-regional"],"jetpack_featured_media_url":"https:\/\/radiorevelacionfm.cl\/wp-content\/uploads\/2025\/10\/mujeres-con-energia-2-1_optimized.jpeg","_links":{"self":[{"href":"https:\/\/radiorevelacionfm.cl\/index.php?rest_route=\/wp\/v2\/posts\/60714","targetHints":{"allow":["GET"]}}],"collection":[{"href":"https:\/\/radiorevelacionfm.cl\/index.php?rest_route=\/wp\/v2\/posts"}],"about":[{"href":"https:\/\/radiorevelacionfm.cl\/index.php?rest_route=\/wp\/v2\/types\/post"}],"author":[{"embeddable":true,"href":"https:\/\/radiorevelacionfm.cl\/index.php?rest_route=\/wp\/v2\/users\/1"}],"replies":[{"embeddable":true,"href":"https:\/\/radiorevelacionfm.cl\/index.php?rest_route=%2Fwp%2Fv2%2Fcomments&post=60714"}],"version-history":[{"count":2,"href":"https:\/\/radiorevelacionfm.cl\/index.php?rest_route=\/wp\/v2\/posts\/60714\/revisions"}],"predecessor-version":[{"id":60728,"href":"https:\/\/radiorevelacionfm.cl\/index.php?rest_route=\/wp\/v2\/posts\/60714\/revisions\/60728"}],"wp:featuredmedia":[{"embeddable":true,"href":"https:\/\/radiorevelacionfm.cl\/index.php?rest_route=\/wp\/v2\/media\/60715"}],"wp:attachment":[{"href":"https:\/\/radiorevelacionfm.cl\/index.php?rest_route=%2Fwp%2Fv2%2Fmedia&parent=60714"}],"wp:term":[{"taxonomy":"category","embeddable":true,"href":"https:\/\/radiorevelacionfm.cl\/index.php?rest_route=%2Fwp%2Fv2%2Fcategories&post=60714"},{"taxonomy":"post_tag","embeddable":true,"href":"https:\/\/radiorevelacionfm.cl\/index.php?rest_route=%2Fwp%2Fv2%2Ftags&post=60714"}],"curies":[{"name":"wp","href":"https:\/\/api.w.org\/{rel}","templated":true}]}}