{"id":60710,"date":"2025-10-23T18:03:44","date_gmt":"2025-10-23T21:03:44","guid":{"rendered":"https:\/\/radiorevelacionfm.cl\/?p=60710"},"modified":"2025-10-23T18:03:44","modified_gmt":"2025-10-23T21:03:44","slug":"declaran-alerta-preventiva-para-la-comuna-de-tortel-por-crecida-del-lago-hpn4","status":"publish","type":"post","link":"https:\/\/radiorevelacionfm.cl\/?p=60710","title":{"rendered":"Declaran Alerta Preventiva para la comuna de Tortel por crecida del Lago HPN4"},"content":{"rendered":"<div class=\"flex_column av_one_full  flex_column_div av-zero-column-padding first  avia-builder-el-0  el_before_av_one_full  avia-builder-el-first  \" style='border-radius:0px; '><div  class='avia-image-container  av-styling-    avia-builder-el-1  avia-builder-el-no-sibling  avia-align-center '  itemprop=\"image\" itemscope=\"itemscope\" itemtype=\"https:\/\/schema.org\/ImageObject\"  ><div class='avia-image-container-inner'><div class='avia-image-overlay-wrap'><img decoding=\"async\" class='wp-image-60711 avia-img-lazy-loading-not-60711 avia_image' src=\"https:\/\/radiorevelacionfm.cl\/wp-content\/uploads\/2025\/10\/lago-hpn4-archivo-1_optimized.jpg\" alt='' title='lago-hpn4-archivo-(1)_optimized' height=\"600\" width=\"1001\"  itemprop=\"thumbnailUrl\" srcset=\"https:\/\/radiorevelacionfm.cl\/wp-content\/uploads\/2025\/10\/lago-hpn4-archivo-1_optimized.jpg 1001w, https:\/\/radiorevelacionfm.cl\/wp-content\/uploads\/2025\/10\/lago-hpn4-archivo-1_optimized-300x180.jpg 300w, https:\/\/radiorevelacionfm.cl\/wp-content\/uploads\/2025\/10\/lago-hpn4-archivo-1_optimized-768x460.jpg 768w, https:\/\/radiorevelacionfm.cl\/wp-content\/uploads\/2025\/10\/lago-hpn4-archivo-1_optimized-705x423.jpg 705w, https:\/\/radiorevelacionfm.cl\/wp-content\/uploads\/2025\/10\/lago-hpn4-archivo-1_optimized-450x270.jpg 450w, https:\/\/radiorevelacionfm.cl\/wp-content\/uploads\/2025\/10\/lago-hpn4-archivo-1_optimized-600x360.jpg 600w\" sizes=\"(max-width: 1001px) 100vw, 1001px\" \/><\/div><\/div><\/div><\/div><div class=\"flex_column av_one_full  flex_column_div av-zero-column-padding first  avia-builder-el-2  el_after_av_one_full  el_before_av_one_full  column-top-margin\" style='border-radius:0px; '><section class=\"av_textblock_section \"  itemscope=\"itemscope\" itemtype=\"https:\/\/schema.org\/BlogPosting\" itemprop=\"blogPost\" ><div class='avia_textblock  '   itemprop=\"text\" ><p style=\"text-align: center;\"><strong><span style=\"font-size: 18pt;\">Declaran Alerta Preventiva para la comuna de Tortel por crecida del Lago HPN4<\/span><\/strong><\/p>\n<div id=\"gtx-trans\" style=\"position: absolute; left: -50px; top: 4.31534px;\">\n<div class=\"gtx-trans-icon\"><\/div>\n<\/div>\n<\/div><\/section><\/div><div class=\"flex_column av_one_full  flex_column_div av-zero-column-padding first  avia-builder-el-4  el_after_av_one_full  el_before_av_hr  column-top-margin\" style='border-radius:0px; '><section class=\"av_textblock_section \"  itemscope=\"itemscope\" itemtype=\"https:\/\/schema.org\/BlogPosting\" itemprop=\"blogPost\" ><div class='avia_textblock  '   itemprop=\"text\" ><p style=\"text-align: justify;\">De acuerdo con la Minuta T\u00e9cnica N\u00b06 con fecha 23 de octubre 2025, emitida por la Direcci\u00f3n General de Aguas del Ministerio de Obras P\u00fablicas, la cual manifiesta la situaci\u00f3n del Lago HPN4 localizado en el sur de Campo de Hielo Norte, indicando que:<\/p>\n<p>Se\u00f1ala que los niveles de agua registrados son considerados elevados, dado que est\u00e1n cercanos a los niveles m\u00e1ximos registrados en episodios anteriores. Actualmente el nivel de agua observado se encuentra a 10.8 m bajo el nivel m\u00e1ximo registrado en el \u00faltimo vaciamiento.<\/p>\n<p>Dado el nivel de agua observado, se considera posible que en los pr\u00f3ximos d\u00edas\/meses se genere una nueva descarga abrupta de las aguas del lago HPN4.<\/p>\n<p>En caso de que se gener\u00e9 una descarga abrupta de sus aguas y seg\u00fan el estudio de inundaci\u00f3n efectuado por este servicio en el tercio superior del Valle Huemules, ser\u00eda probable que esta descarga inunde zonas habitadas.<\/p>\n<p>En consideraci\u00f3n a estos antecedentes y en base a la informaci\u00f3n t\u00e9cnica proporcionada por la Direcci\u00f3n General de Aguas del Ministerio de Obras P\u00fablicas, en coordinaci\u00f3n con la Delegaci\u00f3n Presidencial Regional de Ays\u00e9n, la Direcci\u00f3n Regional de SENAPRED Ays\u00e9n DECLARA ALERTA VERDE TEMPRANA PREVENTIVA, para la comuna de Tortel en la Provincia de Capit\u00e1n Prat, por CRECIDA.<\/p>\n<\/div><\/section><\/div><div  style='height:50px' class='hr hr-invisible   avia-builder-el-6  el_after_av_one_full  el_before_av_social_share '><span class='hr-inner ' ><span class='hr-inner-style'><\/span><\/span><\/div><\/p>\n<div  class='av-social-sharing-box  avia-builder-el-7  el_after_av_hr  el_before_av_hr  '><div class='av-share-box'><h5 class='av-share-link-description av-no-toc '>Compartir esta noticia<\/h5><ul class='av-share-box-list noLightbox'><li class='av-share-link av-social-link-facebook' ><a target=\"_blank\" aria-label=\"Compartir en Facebook\" href='https:\/\/www.facebook.com\/sharer.php?u=https:\/\/radiorevelacionfm.cl\/?p=60710&#038;t=Declaran%20Alerta%20Preventiva%20para%20la%20comuna%20de%20Tortel%20por%20crecida%20del%20Lago%20HPN4' aria-hidden='false' data-av_icon='\ue8f3' data-av_iconfont='entypo-fontello' title='' data-avia-related-tooltip='Compartir en Facebook' rel=\"noopener\"><span class='avia_hidden_link_text'>Compartir en Facebook<\/span><\/a><\/li><li class='av-share-link av-social-link-twitter' ><a target=\"_blank\" aria-label=\"Compartir en Twitter\" href='https:\/\/twitter.com\/share?text=Declaran%20Alerta%20Preventiva%20para%20la%20comuna%20de%20Tortel%20por%20crecida%20del%20Lago%20HPN4&#038;url=https:\/\/radiorevelacionfm.cl\/?p=60710' aria-hidden='false' data-av_icon='\ue8f1' data-av_iconfont='entypo-fontello' title='' data-avia-related-tooltip='Compartir en Twitter' rel=\"noopener\"><span class='avia_hidden_link_text'>Compartir en Twitter<\/span><\/a><\/li><li class='av-share-link av-social-link-whatsapp' ><a target=\"_blank\" aria-label=\"Compartir en Whatsapp\" href='https:\/\/api.whatsapp.com\/send?text=https:\/\/radiorevelacionfm.cl\/?p=60710' aria-hidden='false' data-av_icon='\uf232' data-av_iconfont='entypo-fontello' title='' data-avia-related-tooltip='Compartir en Whatsapp' rel=\"noopener\"><span class='avia_hidden_link_text'>Compartir en Whatsapp<\/span><\/a><\/li><li class='av-share-link av-social-link-linkedin' ><a target=\"_blank\" aria-label=\"Compartir en LinkedIn\" href='https:\/\/linkedin.com\/shareArticle?mini=true&#038;title=Declaran%20Alerta%20Preventiva%20para%20la%20comuna%20de%20Tortel%20por%20crecida%20del%20Lago%20HPN4&#038;url=https:\/\/radiorevelacionfm.cl\/?p=60710' aria-hidden='false' data-av_icon='\ue8fc' data-av_iconfont='entypo-fontello' title='' data-avia-related-tooltip='Compartir en LinkedIn' rel=\"noopener\"><span class='avia_hidden_link_text'>Compartir en LinkedIn<\/span><\/a><\/li><li class='av-share-link av-social-link-mail' ><a  aria-label=\"Compartir por correo\" href='mailto:?subject=Declaran%20Alerta%20Preventiva%20para%20la%20comuna%20de%20Tortel%20por%20crecida%20del%20Lago%20HPN4&#038;body=https:\/\/radiorevelacionfm.cl\/?p=60710' aria-hidden='false' data-av_icon='\ue805' data-av_iconfont='entypo-fontello' title='' data-avia-related-tooltip='Compartir por correo'><span class='avia_hidden_link_text'>Compartir por correo<\/span><\/a><\/li><\/ul><\/div><\/div>\n<div  style='height:50px' class='hr hr-invisible   avia-builder-el-8  el_after_av_social_share  el_before_av_comments_list '><span class='hr-inner ' ><span class='hr-inner-style'><\/span><\/span><\/div>\n<div  class='av-buildercomment  av-blog-meta-html-info-disabled av-blog-meta-tag-disabled  '><\/div>\n","protected":false},"excerpt":{"rendered":"","protected":false},"author":1,"featured_media":60711,"comment_status":"closed","ping_status":"closed","sticky":false,"template":"","format":"standard","meta":{"footnotes":""},"categories":[38],"tags":[],"class_list":["post-60710","post","type-post","status-publish","format-standard","has-post-thumbnail","hentry","category-regional"],"jetpack_featured_media_url":"https:\/\/radiorevelacionfm.cl\/wp-content\/uploads\/2025\/10\/lago-hpn4-archivo-1_optimized.jpg","_links":{"self":[{"href":"https:\/\/radiorevelacionfm.cl\/index.php?rest_route=\/wp\/v2\/posts\/60710","targetHints":{"allow":["GET"]}}],"collection":[{"href":"https:\/\/radiorevelacionfm.cl\/index.php?rest_route=\/wp\/v2\/posts"}],"about":[{"href":"https:\/\/radiorevelacionfm.cl\/index.php?rest_route=\/wp\/v2\/types\/post"}],"author":[{"embeddable":true,"href":"https:\/\/radiorevelacionfm.cl\/index.php?rest_route=\/wp\/v2\/users\/1"}],"replies":[{"embeddable":true,"href":"https:\/\/radiorevelacionfm.cl\/index.php?rest_route=%2Fwp%2Fv2%2Fcomments&post=60710"}],"version-history":[{"count":2,"href":"https:\/\/radiorevelacionfm.cl\/index.php?rest_route=\/wp\/v2\/posts\/60710\/revisions"}],"predecessor-version":[{"id":60713,"href":"https:\/\/radiorevelacionfm.cl\/index.php?rest_route=\/wp\/v2\/posts\/60710\/revisions\/60713"}],"wp:featuredmedia":[{"embeddable":true,"href":"https:\/\/radiorevelacionfm.cl\/index.php?rest_route=\/wp\/v2\/media\/60711"}],"wp:attachment":[{"href":"https:\/\/radiorevelacionfm.cl\/index.php?rest_route=%2Fwp%2Fv2%2Fmedia&parent=60710"}],"wp:term":[{"taxonomy":"category","embeddable":true,"href":"https:\/\/radiorevelacionfm.cl\/index.php?rest_route=%2Fwp%2Fv2%2Fcategories&post=60710"},{"taxonomy":"post_tag","embeddable":true,"href":"https:\/\/radiorevelacionfm.cl\/index.php?rest_route=%2Fwp%2Fv2%2Ftags&post=60710"}],"curies":[{"name":"wp","href":"https:\/\/api.w.org\/{rel}","templated":true}]}}