{"id":60707,"date":"2025-10-24T10:59:19","date_gmt":"2025-10-24T13:59:19","guid":{"rendered":"https:\/\/radiorevelacionfm.cl\/?p=60707"},"modified":"2025-10-24T10:59:19","modified_gmt":"2025-10-24T13:59:19","slug":"estudio-de-profundizacion-de-ocupaciones-del-observatorio-laboral-aysen-devela-desafios-y-necesidad-de-profesionalizacion-del-guia-de-turismo-aventura-en-aysen","status":"publish","type":"post","link":"https:\/\/radiorevelacionfm.cl\/?p=60707","title":{"rendered":"Estudio de Profundizaci\u00f3n de Ocupaciones del Observatorio Laboral Ays\u00e9n devela desaf\u00edos y necesidad de profesionalizaci\u00f3n del gu\u00eda de turismo aventura en Ays\u00e9n"},"content":{"rendered":"<div class=\"flex_column av_one_full  flex_column_div av-zero-column-padding first  avia-builder-el-0  el_before_av_one_full  avia-builder-el-first  \" style='border-radius:0px; '><div  class='avia-image-container  av-styling-    avia-builder-el-1  avia-builder-el-no-sibling  avia-align-center '  itemprop=\"image\" itemscope=\"itemscope\" itemtype=\"https:\/\/schema.org\/ImageObject\"  ><div class='avia-image-container-inner'><div class='avia-image-overlay-wrap'><img decoding=\"async\" class='wp-image-60708 avia-img-lazy-loading-not-60708 avia_image' src=\"https:\/\/radiorevelacionfm.cl\/wp-content\/uploads\/2025\/10\/escalada-montana-1-1.jpg\" alt='' title='escalada-monta\u00f1a (1) (1)' height=\"600\" width=\"902\"  itemprop=\"thumbnailUrl\" srcset=\"https:\/\/radiorevelacionfm.cl\/wp-content\/uploads\/2025\/10\/escalada-montana-1-1.jpg 902w, https:\/\/radiorevelacionfm.cl\/wp-content\/uploads\/2025\/10\/escalada-montana-1-1-300x200.jpg 300w, https:\/\/radiorevelacionfm.cl\/wp-content\/uploads\/2025\/10\/escalada-montana-1-1-768x511.jpg 768w, https:\/\/radiorevelacionfm.cl\/wp-content\/uploads\/2025\/10\/escalada-montana-1-1-705x469.jpg 705w, https:\/\/radiorevelacionfm.cl\/wp-content\/uploads\/2025\/10\/escalada-montana-1-1-450x299.jpg 450w, https:\/\/radiorevelacionfm.cl\/wp-content\/uploads\/2025\/10\/escalada-montana-1-1-600x399.jpg 600w\" sizes=\"(max-width: 902px) 100vw, 902px\" \/><\/div><\/div><\/div><\/div><div class=\"flex_column av_one_full  flex_column_div av-zero-column-padding first  avia-builder-el-2  el_after_av_one_full  el_before_av_one_full  column-top-margin\" style='border-radius:0px; '><section class=\"av_textblock_section \"  itemscope=\"itemscope\" itemtype=\"https:\/\/schema.org\/BlogPosting\" itemprop=\"blogPost\" ><div class='avia_textblock  '   itemprop=\"text\" ><p style=\"text-align: center;\"><strong><span style=\"font-size: 18pt;\">Estudio de Profundizaci\u00f3n de Ocupaciones del Observatorio Laboral Ays\u00e9n devela desaf\u00edos y necesidad de profesionalizaci\u00f3n del gu\u00eda de turismo aventura en Ays\u00e9n<\/span><\/strong><\/p>\n<div id=\"gtx-trans\" style=\"position: absolute; left: -50px; top: 4.31534px;\">\n<div class=\"gtx-trans-icon\"><\/div>\n<\/div>\n<\/div><\/section><\/div><div class=\"flex_column av_one_full  flex_column_div av-zero-column-padding first  avia-builder-el-4  el_after_av_one_full  el_before_av_hr  column-top-margin\" style='border-radius:0px; '><section class=\"av_textblock_section \"  itemscope=\"itemscope\" itemtype=\"https:\/\/schema.org\/BlogPosting\" itemprop=\"blogPost\" ><div class='avia_textblock  '   itemprop=\"text\" ><ul>\n<li style=\"text-align: justify;\"><em>Debido a la estacionalidad de la ocupaci\u00f3n, la estabilidad y seguridad laboral son algunos de los desaf\u00edos detectados, ya que los contratos suelen ser a honorarios.<\/em><\/li>\n<\/ul>\n<p style=\"text-align: justify;\">El Observatorio Laboral de Ays\u00e9n, programa de la Subsecretar\u00eda del Trabajo y ejecutado por el Centro de Formaci\u00f3n T\u00e9cnica Estatal de la regi\u00f3n de Ays\u00e9n, se ha focalizado este 2025 en la industria del turismo y estudiar su desarrollo y comportamiento, es as\u00ed como para su estudio de profundizaci\u00f3n de ocupaciones, decidi\u00f3 investigar a fondo el rol de gu\u00eda de turismo aventura indagando en los desaf\u00edos que enfrentan como lo son la estacionalidad, formalizaci\u00f3n del trabajo y la condici\u00f3n de empleabilidad.<\/p>\n<p style=\"text-align: justify;\">En t\u00e9rminos generales, los gu\u00edas de turismo aventura realizan expediciones de corta y larga duraci\u00f3n en entornos naturales, desarrollando actividades como cabalgatas, kayak, trekking y caminatas en glaciar, mientras entregan informaci\u00f3n relevante sobre la geograf\u00eda e historia local<\/p>\n<p style=\"text-align: justify;\">En estos momentos, esta ocupaci\u00f3n no cuenta con un perfil de ChileValora propio, a pesar de las especificidades que lo diferencian de un gu\u00eda de turismo general, en lo que refiere a necesidades de capacitaci\u00f3n y conocimiento t\u00e9cnico para el desarrollo de labores.<\/p>\n<p style=\"text-align: justify;\"><strong><u>La importancia de la investigaci\u00f3n<\/u><\/strong><\/p>\n<p style=\"text-align: justify;\">El Seremi del Trabajo y Previsi\u00f3n Social, Rodrigo D\u00edaz, aclar\u00f3 el objetivo que tiene esta investigaci\u00f3n \u201cEl estudio de Profundizaci\u00f3n de Ocupaciones que entrega el Observatorio Laboral de Ays\u00e9n busca caracterizar y describir las competencias, riesgos, oportunidades, y necesidades de las ocupaciones que tienen dificultades de contrataci\u00f3n. En este caso, entre los gu\u00edas de turismo aventura vemos un trabajo informal precario, en el sentido de seguridad laboral y de estabilidad laboral, debido a la estacionalidad de la ocupaci\u00f3n, lo cual lo aleja del trabajo decente que estamos buscando como Gobierno y por ello tambi\u00e9n, se refleja la brecha, donde debemos seguir avanzando con pol\u00edticas p\u00fablicas que apoyen la profesionalizaci\u00f3n de los gu\u00edas. Esto no s\u00f3lo ocurre en Chile, tambi\u00e9n en el Encuentro del Comit\u00e9 de Integraci\u00f3n Austral, INAUS, el Gobierno argentino nos ha representado esta situaci\u00f3n y la importancia y necesidad de avanzar y mejorar la informalidad de los gu\u00edas, lo cual tambi\u00e9n lo hemos abordado en convenios de Sernatur, Sence y ChileValora con sus certificaciones de competencias laborales, que esperamos puedan repetirse en un futuro pr\u00f3ximo\u201d.<\/p>\n<p style=\"text-align: justify;\">Para el a\u00f1o 2024 se estudiaron 39 ocupaciones a nivel nacional, mientras que para el a\u00f1o 2025 se estudiaron 23 a partir de un levantamiento local espec\u00edfico que en la regi\u00f3n de Ays\u00e9n correspondi\u00f3 al gu\u00eda de Turismo Aventura.<\/p>\n<p style=\"text-align: justify;\">De esta manera, este estudio procura ser un insumo en materia de brechas de competencias, riesgos ante la automatizaci\u00f3n y el cambio clim\u00e1tico, que permitan elaborar pol\u00edticas p\u00fablicas de reconversi\u00f3n laboral, de capacitaci\u00f3n\/formaci\u00f3n, y de mitigaci\u00f3n de los efectos negativos advertidos ante los riesgos que enfrenta cada una de las ocupaciones estudiadas.<\/p>\n<p style=\"text-align: justify;\"><strong><u>Los datos y la metodolog\u00eda<\/u><\/strong><\/p>\n<p style=\"text-align: justify;\">Si bien es cierto, no hay datos espec\u00edficos sobre gu\u00eda de turismo aventura, seg\u00fan la casen 2022, para gu\u00eda de turismo general a nivel nacional existe un total de 4.445 de ocupados, donde un 56,8% corresponde a trabajadores informales.<\/p>\n<p style=\"text-align: justify;\">Con respecto a la metodolog\u00eda de trabajo, esta fue mixta de car\u00e1cter cuantitativo y cualitativo, combinando un an\u00e1lisis estructural descriptivo de la ocupaci\u00f3n y el sector, con un estudio de contenido de las percepciones de expertos, empleadores y trabajadores vinculados a esta labor.<\/p>\n<p style=\"text-align: justify;\">Frente a este levantamiento de datos y la participaci\u00f3n de actores de la industria, C\u00e9sar G\u00f3mez Berrocal, director del Observatorio Laboral, destaca el despliegue del equipo multidisciplinario del programa, quienes se esforzaron por ahondar lo m\u00e1ximo posible en la ocupaci\u00f3n para entregar datos certeros y actualizados.<\/p>\n<p style=\"text-align: justify;\"><em>\u201cEl trabajo se realiz\u00f3 a trav\u00e9s del an\u00e1lisis de datos secundarios y la ejecuci\u00f3n de 5 entrevistas semiestructuradas y 3 focus con actores claves del sector, en este contexto los principales desaf\u00edos que se desprenden del estudio es avanzar en materia de estabilidad y seguridad laboral, reducir la informalidad e incentivar la formalizaci\u00f3n de los emprendimientos familiares, en materia de capacitaci\u00f3n se propone la ejecuci\u00f3n de cursos de primeros auxilios con certificaci\u00f3n WAFA y WFR junto con avanzar en la construcci\u00f3n de perfiles ocupacionales espec\u00edficos acreditados por Chile Valora\u201d<\/em><\/p>\n<p style=\"text-align: justify;\">Para conocer en profundidad los resultados de este estudio, es posible acceder al sitio web <a href=\"https:\/\/www.subtrab.gob.cl\/poc\/\">https:\/\/www.subtrab.gob.cl\/poc\/<\/a> y dar click en la regi\u00f3n de Ays\u00e9n.<\/p>\n<p style=\"text-align: justify;\"><strong><u>De lo innato a lo adquirido<\/u><\/strong><\/p>\n<p style=\"text-align: justify;\">Parte esencial de ser un gu\u00eda que trabaja con turistas es el manejo en la comunicaci\u00f3n verbal y escrita en un idioma extranjero, primeros auxilios, trabajo en equipo y priorizaci\u00f3n de tareas para que el servicio sea una experiencia \u00fanica del visitante.<\/p>\n<p style=\"text-align: justify;\">Sin embargo, el estudio devel\u00f3 que hay aspectos esenciales para el desarrollo de la ocupaci\u00f3n, como lo son la certificaci\u00f3n vigente de curso de primeros auxilios en zonas remotas (WAFA o WFR), capacitaci\u00f3n o conocimiento sobre flora, fauna e historia local y el registro vigente en Sernatur. Desde la instituci\u00f3n, su director regional, Claudio Montecinos, indica que ya se est\u00e1 trabajando en la identificaci\u00f3n de estas brechas a trav\u00e9s de la Mesa de Capital Humano conformado este a\u00f1o y lo positivo que ha sido el trabajo mancomunado con diversas entidades.<\/p>\n<p style=\"text-align: justify;\"><em>\u00abEn el marco del trabajo de la mesa de capital humano de turismo de nuestra regi\u00f3n, que fue conformada el primer semestre de este a\u00f1o, y que es integrada principalmente por distintas instituciones p\u00fablicas, privadas y tambi\u00e9n de la academia, se ha logrado identificar una serie de brechas de capital humano, asociada a las competencias de los y las gu\u00edas de turismo aventura de nuestra regi\u00f3n. Es por ello que hemos priorizado una serie de acciones que apuntan principalmente a la capacitaci\u00f3n y certificaci\u00f3n de dichas competencias, las que deber\u00edan ser ejecutadas a contar del a\u00f1o 2026, lo que les permitir\u00e1 a los gu\u00edas de turismo aventura poder estar habilitados en el sistema de registro de Sernatur, y as\u00ed cumplir de esta manera con la calidad y seguridad, que requiere la realizaci\u00f3n de este tipo de actividades de turismo\u00bb <\/em>aludi\u00f3 la autoridad.<\/p>\n<p style=\"text-align: justify;\"><strong><u>Sobre el Observatorio Laboral Ays\u00e9n<\/u><\/strong><\/p>\n<p style=\"text-align: justify;\">El Observatorio Laboral de Ays\u00e9n, es parte de la Estrategia Nacional de Prospecci\u00f3n Laboral, convenio firmado entre el Centro de Formaci\u00f3n T\u00e9cnica Estatal de Ays\u00e9n y la Subsecretar\u00eda del Trabajo, representada por la Seremi de Trabajo y Previsi\u00f3n Social.<\/p>\n<p style=\"text-align: justify;\">Si quieres conocer m\u00e1s del trabajo del Observatorio Laboral Ays\u00e9n, puedes revisar sus redes sociales en Instagram como @olraysen, en X como @OLRAysen y su fanpage de Facebook: Observatorio Laboral Ays\u00e9n.<\/p>\n<\/div><\/section><\/div><div  style='height:50px' class='hr hr-invisible   avia-builder-el-6  el_after_av_one_full  el_before_av_social_share '><span class='hr-inner ' ><span class='hr-inner-style'><\/span><\/span><\/div><\/p>\n<div  class='av-social-sharing-box  avia-builder-el-7  el_after_av_hr  el_before_av_hr  '><div class='av-share-box'><h5 class='av-share-link-description av-no-toc '>Compartir esta noticia<\/h5><ul class='av-share-box-list noLightbox'><li class='av-share-link av-social-link-facebook' ><a target=\"_blank\" aria-label=\"Compartir en Facebook\" href='https:\/\/www.facebook.com\/sharer.php?u=https:\/\/radiorevelacionfm.cl\/?p=60707&#038;t=Estudio%20de%20Profundizaci%C3%B3n%20de%20Ocupaciones%20del%20Observatorio%20Laboral%20Ays%C3%A9n%20devela%20desaf%C3%ADos%20y%20necesidad%20de%20profesionalizaci%C3%B3n%20del%20gu%C3%ADa%20de%20turismo%20aventura%20en%20Ays%C3%A9n' aria-hidden='false' data-av_icon='\ue8f3' data-av_iconfont='entypo-fontello' title='' data-avia-related-tooltip='Compartir en Facebook' rel=\"noopener\"><span class='avia_hidden_link_text'>Compartir en Facebook<\/span><\/a><\/li><li class='av-share-link av-social-link-twitter' ><a target=\"_blank\" aria-label=\"Compartir en Twitter\" href='https:\/\/twitter.com\/share?text=Estudio%20de%20Profundizaci%C3%B3n%20de%20Ocupaciones%20del%20Observatorio%20Laboral%20Ays%C3%A9n%20devela%20desaf%C3%ADos%20y%20necesidad%20de%20profesionalizaci%C3%B3n%20del%20gu%C3%ADa%20de%20turismo%20aventura%20en%20Ays%C3%A9n&#038;url=https:\/\/radiorevelacionfm.cl\/?p=60707' aria-hidden='false' data-av_icon='\ue8f1' data-av_iconfont='entypo-fontello' title='' data-avia-related-tooltip='Compartir en Twitter' rel=\"noopener\"><span class='avia_hidden_link_text'>Compartir en Twitter<\/span><\/a><\/li><li class='av-share-link av-social-link-whatsapp' ><a target=\"_blank\" aria-label=\"Compartir en Whatsapp\" href='https:\/\/api.whatsapp.com\/send?text=https:\/\/radiorevelacionfm.cl\/?p=60707' aria-hidden='false' data-av_icon='\uf232' data-av_iconfont='entypo-fontello' title='' data-avia-related-tooltip='Compartir en Whatsapp' rel=\"noopener\"><span class='avia_hidden_link_text'>Compartir en Whatsapp<\/span><\/a><\/li><li class='av-share-link av-social-link-linkedin' ><a target=\"_blank\" aria-label=\"Compartir en LinkedIn\" href='https:\/\/linkedin.com\/shareArticle?mini=true&#038;title=Estudio%20de%20Profundizaci%C3%B3n%20de%20Ocupaciones%20del%20Observatorio%20Laboral%20Ays%C3%A9n%20devela%20desaf%C3%ADos%20y%20necesidad%20de%20profesionalizaci%C3%B3n%20del%20gu%C3%ADa%20de%20turismo%20aventura%20en%20Ays%C3%A9n&#038;url=https:\/\/radiorevelacionfm.cl\/?p=60707' aria-hidden='false' data-av_icon='\ue8fc' data-av_iconfont='entypo-fontello' title='' data-avia-related-tooltip='Compartir en LinkedIn' rel=\"noopener\"><span class='avia_hidden_link_text'>Compartir en LinkedIn<\/span><\/a><\/li><li class='av-share-link av-social-link-mail' ><a  aria-label=\"Compartir por correo\" href='mailto:?subject=Estudio%20de%20Profundizaci%C3%B3n%20de%20Ocupaciones%20del%20Observatorio%20Laboral%20Ays%C3%A9n%20devela%20desaf%C3%ADos%20y%20necesidad%20de%20profesionalizaci%C3%B3n%20del%20gu%C3%ADa%20de%20turismo%20aventura%20en%20Ays%C3%A9n&#038;body=https:\/\/radiorevelacionfm.cl\/?p=60707' aria-hidden='false' data-av_icon='\ue805' data-av_iconfont='entypo-fontello' title='' data-avia-related-tooltip='Compartir por correo'><span class='avia_hidden_link_text'>Compartir por correo<\/span><\/a><\/li><\/ul><\/div><\/div>\n<div  style='height:50px' class='hr hr-invisible   avia-builder-el-8  el_after_av_social_share  el_before_av_comments_list '><span class='hr-inner ' ><span class='hr-inner-style'><\/span><\/span><\/div>\n<div  class='av-buildercomment  av-blog-meta-html-info-disabled av-blog-meta-tag-disabled  '><\/div>\n","protected":false},"excerpt":{"rendered":"","protected":false},"author":1,"featured_media":60708,"comment_status":"closed","ping_status":"closed","sticky":false,"template":"","format":"standard","meta":{"footnotes":""},"categories":[38],"tags":[],"class_list":["post-60707","post","type-post","status-publish","format-standard","has-post-thumbnail","hentry","category-regional"],"jetpack_featured_media_url":"https:\/\/radiorevelacionfm.cl\/wp-content\/uploads\/2025\/10\/escalada-montana-1-1.jpg","_links":{"self":[{"href":"https:\/\/radiorevelacionfm.cl\/index.php?rest_route=\/wp\/v2\/posts\/60707","targetHints":{"allow":["GET"]}}],"collection":[{"href":"https:\/\/radiorevelacionfm.cl\/index.php?rest_route=\/wp\/v2\/posts"}],"about":[{"href":"https:\/\/radiorevelacionfm.cl\/index.php?rest_route=\/wp\/v2\/types\/post"}],"author":[{"embeddable":true,"href":"https:\/\/radiorevelacionfm.cl\/index.php?rest_route=\/wp\/v2\/users\/1"}],"replies":[{"embeddable":true,"href":"https:\/\/radiorevelacionfm.cl\/index.php?rest_route=%2Fwp%2Fv2%2Fcomments&post=60707"}],"version-history":[{"count":2,"href":"https:\/\/radiorevelacionfm.cl\/index.php?rest_route=\/wp\/v2\/posts\/60707\/revisions"}],"predecessor-version":[{"id":60729,"href":"https:\/\/radiorevelacionfm.cl\/index.php?rest_route=\/wp\/v2\/posts\/60707\/revisions\/60729"}],"wp:featuredmedia":[{"embeddable":true,"href":"https:\/\/radiorevelacionfm.cl\/index.php?rest_route=\/wp\/v2\/media\/60708"}],"wp:attachment":[{"href":"https:\/\/radiorevelacionfm.cl\/index.php?rest_route=%2Fwp%2Fv2%2Fmedia&parent=60707"}],"wp:term":[{"taxonomy":"category","embeddable":true,"href":"https:\/\/radiorevelacionfm.cl\/index.php?rest_route=%2Fwp%2Fv2%2Fcategories&post=60707"},{"taxonomy":"post_tag","embeddable":true,"href":"https:\/\/radiorevelacionfm.cl\/index.php?rest_route=%2Fwp%2Fv2%2Ftags&post=60707"}],"curies":[{"name":"wp","href":"https:\/\/api.w.org\/{rel}","templated":true}]}}