{"id":60703,"date":"2025-10-24T10:02:45","date_gmt":"2025-10-24T13:02:45","guid":{"rendered":"https:\/\/radiorevelacionfm.cl\/?p=60703"},"modified":"2025-10-24T10:02:45","modified_gmt":"2025-10-24T13:02:45","slug":"codesa-se-suma-a-solicitud-de-que-el-estado-aborde-integralmente-problemas-de-acceso-al-glaciar-leones","status":"publish","type":"post","link":"https:\/\/radiorevelacionfm.cl\/?p=60703","title":{"rendered":"CODESA se suma a solicitud de que el Estado aborde integralmente problemas de acceso al Glaciar Leones"},"content":{"rendered":"<div class=\"flex_column av_one_full  flex_column_div av-zero-column-padding first  avia-builder-el-0  el_before_av_one_full  avia-builder-el-first  \" style='border-radius:0px; '><div  class='avia-image-container  av-styling-    avia-builder-el-1  avia-builder-el-no-sibling  avia-align-center '  itemprop=\"image\" itemscope=\"itemscope\" itemtype=\"https:\/\/schema.org\/ImageObject\"  ><div class='avia-image-container-inner'><div class='avia-image-overlay-wrap'><img decoding=\"async\" class='wp-image-60704 avia-img-lazy-loading-not-60704 avia_image' src=\"https:\/\/radiorevelacionfm.cl\/wp-content\/uploads\/2025\/10\/glaciar-leones-1-1_optimized-1.jpg\" alt='' title='glaciar-leones-(1)-(1)_optimized (1)' height=\"600\" width=\"960\"  itemprop=\"thumbnailUrl\" srcset=\"https:\/\/radiorevelacionfm.cl\/wp-content\/uploads\/2025\/10\/glaciar-leones-1-1_optimized-1.jpg 960w, https:\/\/radiorevelacionfm.cl\/wp-content\/uploads\/2025\/10\/glaciar-leones-1-1_optimized-1-300x188.jpg 300w, https:\/\/radiorevelacionfm.cl\/wp-content\/uploads\/2025\/10\/glaciar-leones-1-1_optimized-1-768x480.jpg 768w, https:\/\/radiorevelacionfm.cl\/wp-content\/uploads\/2025\/10\/glaciar-leones-1-1_optimized-1-705x441.jpg 705w, https:\/\/radiorevelacionfm.cl\/wp-content\/uploads\/2025\/10\/glaciar-leones-1-1_optimized-1-450x281.jpg 450w, https:\/\/radiorevelacionfm.cl\/wp-content\/uploads\/2025\/10\/glaciar-leones-1-1_optimized-1-600x375.jpg 600w\" sizes=\"(max-width: 960px) 100vw, 960px\" \/><\/div><\/div><\/div><\/div><div class=\"flex_column av_one_full  flex_column_div av-zero-column-padding first  avia-builder-el-2  el_after_av_one_full  el_before_av_one_full  column-top-margin\" style='border-radius:0px; '><section class=\"av_textblock_section \"  itemscope=\"itemscope\" itemtype=\"https:\/\/schema.org\/BlogPosting\" itemprop=\"blogPost\" ><div class='avia_textblock  '   itemprop=\"text\" ><p style=\"text-align: center;\"><strong><span style=\"font-size: 18pt;\">CODESA se suma a solicitud de que el Estado aborde integralmente problemas de acceso al Glaciar Leones<\/span><\/strong><\/p>\n<div id=\"gtx-trans\" style=\"position: absolute; left: -50px; top: 4.31534px;\">\n<div class=\"gtx-trans-icon\"><\/div>\n<\/div>\n<\/div><\/section><\/div><div class=\"flex_column av_one_full  flex_column_div av-zero-column-padding first  avia-builder-el-4  el_after_av_one_full  el_before_av_hr  column-top-margin\" style='border-radius:0px; '><section class=\"av_textblock_section \"  itemscope=\"itemscope\" itemtype=\"https:\/\/schema.org\/BlogPosting\" itemprop=\"blogPost\" ><div class='avia_textblock  '   itemprop=\"text\" ><ul>\n<li style=\"font-weight: 400; text-align: justify;\">\u00a0<em>En este caso, se ha manifestado preocupaci\u00f3n por la situaci\u00f3n que confronta un \u00e1rea privada protegida con el acceso tradicional de pobladores y operadores tur\u00edsticos a bienes nacionales de uso p\u00fablico.<\/em><\/li>\n<li style=\"font-weight: 400;\"><em>Desde la organizaci\u00f3n consideran que se requiere que autoridades convoquen a una mesa de trabajo que aborde el tema, como lo ha planteado el municipio y como se ha hecho en muchos otros casos.<\/em><\/li>\n<\/ul>\n<p style=\"font-weight: 400; text-align: justify;\">En una acci\u00f3n que se est\u00e1 volviendo recurrente en Ays\u00e9n, un particular cerr\u00f3 con una cadena el acceso vehicular que tradicionalmente vecinos y empresas de turismo local han usado para acceder al lago Leones, adyacente al Parque Nacional Laguna San Rafael.<\/p>\n<p style=\"font-weight: 400; text-align: justify;\">Se trata de la ruta que ingresa desde el cruce del Camino Longitudinal Austral, a la altura del kil\u00f3metro 10 hacia el Valle Leones, que por a\u00f1os ha sido utilizada por pobladores, operadores tur\u00edsticos y visitantes para acceder a este excepcional lugar con el fin de observar el glaciar del mismo nombre.<\/p>\n<p style=\"font-weight: 400; text-align: justify;\">Desde que hace unos a\u00f1os varios predios del \u00e1rea (de unas 1.800 hect\u00e1reas) fueran adquiridos a mediados de los 2000 por John Whitelaw y Elena Sobakina, ha habido una serie de impedimentos para que se siga desarrollando turismo de peque\u00f1a escala en el sector, e incluso de visitantes regionales particulares. En el sector se constituy\u00f3 el <a href=\"https:\/\/www.pichimahuida.info\/pichimahuida-app-leones-aysen.html\" data-saferedirecturl=\"https:\/\/www.google.com\/url?q=https:\/\/www.pichimahuida.info\/pichimahuida-app-leones-aysen.html&amp;source=gmail&amp;ust=1761331497880000&amp;usg=AOvVaw0iRnncoxYr97ufVxw86ZA_\">\u00c1rea Privada Protegida Pichimahuida<\/a>.<\/p>\n<p style=\"font-weight: 400; text-align: justify;\">Ya en 2019 se gener\u00f3 una controversia por un taller gratuito para formar gu\u00edas locales, que organizara la AG de Turismo de Puerto Guadal con recursos del Estado, que concluy\u00f3 con una visita al lago, frente al glaciar. En la ocasi\u00f3n, Sobakina advirti\u00f3, mediante una carta, que demandar\u00eda al medio que <a href=\"https:\/\/tehuelchenoticias.cl\/sitio_anterior\/ver-noticias\/67\" data-saferedirecturl=\"https:\/\/www.google.com\/url?q=https:\/\/tehuelchenoticias.cl\/sitio_anterior\/ver-noticias\/67&amp;source=gmail&amp;ust=1761331497880000&amp;usg=AOvVaw1C87boA91vX1NL8rv6-ZqF\">public\u00f3 un art\u00edculo alusivo<\/a>, por incluir fotograf\u00edas del sector. Posteriormente, en 2022, se gener\u00f3 una controversia similar con Patagon Journal, en el mismo tenor, al recordarse dicho conflicto en el reportaje \u201c<a href=\"https:\/\/www.patagonjournal.com\/index.php?option=com_content&amp;view=article&amp;id=4392:-conservacion-turismo-y-macroloteos-jugando-al-monopoly-verde-en-la-patagonia&amp;catid=187:guest-blog&amp;Itemid=340&amp;lang=es\" data-saferedirecturl=\"https:\/\/www.google.com\/url?q=https:\/\/www.patagonjournal.com\/index.php?option%3Dcom_content%26view%3Darticle%26id%3D4392:-conservacion-turismo-y-macroloteos-jugando-al-monopoly-verde-en-la-patagonia%26catid%3D187:guest-blog%26Itemid%3D340%26lang%3Des&amp;source=gmail&amp;ust=1761331497881000&amp;usg=AOvVaw0S3OCsus886iuXZHYDZDAR\">Jugando al Monopoly Verde en la Patagonia<\/a>\u201d. Y en 2023 Ladera Sur public\u00f3 un art\u00edculo sobre el sector del Valle Leones que fue sujeto de similar advertencia. El resultado: bajar el art\u00edculo (hoy se mantiene un <a href=\"https:\/\/www.facebook.com\/LaderaSurOficial\/posts\/%EF%B8%8Fen-la-regi%C3%B3n-de-ays%C3%A9n-se-encuentra-el-valle-leones-un-lugar-que-destaca-entre-l\/1345348400925706\/\" data-saferedirecturl=\"https:\/\/www.google.com\/url?q=https:\/\/www.facebook.com\/LaderaSurOficial\/posts\/%25EF%25B8%258Fen-la-regi%25C3%25B3n-de-ays%25C3%25A9n-se-encuentra-el-valle-leones-un-lugar-que-destaca-entre-l\/1345348400925706\/&amp;source=gmail&amp;ust=1761331497881000&amp;usg=AOvVaw195-3xGLuh36g5tIzovhQA\">posteo en Facebook<\/a>\u00a0sobre la nota cuyo link no dirige a p\u00e1gina alguna).<\/p>\n<p style=\"font-weight: 400; text-align: justify;\">Para el presidente de la\u00a0<strong>Corporaci\u00f3n Privada para el Desarrollo de Ays\u00e9n (CODESA), Erwin Sandoval Gallardo,<\/strong> en este caso hay dos bienes p\u00fablicos enfrentados. \u201c<em>Est\u00e1 el inter\u00e9s de conservar un territorio por parte de un particular en su propiedad privada, pero tambi\u00e9n el de la comunidad de acceder a un espacio que hist\u00f3ricamente se ha utilizado para el esparcimiento, el contacto con la naturaleza y el desarrollo econ\u00f3mico local como es el turismo, que tanto promocionamos como regi\u00f3n. Espacio que, por lo dem\u00e1s, corresponde a un bien nacional de uso p\u00fablico, estando prohibido cerrar el acceso a bienes p\u00fablicos como el lago Leones<\/em>\u201d plante\u00f3.<\/p>\n<p style=\"font-weight: 400; text-align: justify;\">Agreg\u00f3 que \u201c<em>esperamos que organismos como Conaf, que hasta hoy administra el Parque Nacional Laguna San Rafael, el Ministerio de Bienes Nacionales, que regula el acceso a los bienes nacionales de uso p\u00fablico, adem\u00e1s del Ministerio de Obras P\u00fablicas responsable de los accesos viales p\u00fablicos, junto a todas las autoridades pertinentes, aborden este tema, ya que est\u00e1 generando complejidades a los pobladores hist\u00f3ricos<\/em>\u201d. En este sentido, desde la organizaci\u00f3n consideran que para ello se requiere que autoridades convoquen a una mesa de trabajo que aborde el tema con diversos actores, <a href=\"https:\/\/www.facebook.com\/ilustremunicipalidadchilechico\/posts\/pfbid0fM4YMW18PdiHwFqr9auhPQEueJttWP8dXEukirdDTMMDdFcejVUgcvgsNXQUhU7cl\" data-saferedirecturl=\"https:\/\/www.google.com\/url?q=https:\/\/www.facebook.com\/ilustremunicipalidadchilechico\/posts\/pfbid0fM4YMW18PdiHwFqr9auhPQEueJttWP8dXEukirdDTMMDdFcejVUgcvgsNXQUhU7cl&amp;source=gmail&amp;ust=1761331497881000&amp;usg=AOvVaw1EqjrX23bmk5mfzbaK0_kC\">como lo ha planteado la Municipalidad de Chile Chico<\/a>\u00a0y como se ha hecho en muchos otros casos en que se ha requerido la definici\u00f3n de una servidumbre legal para garantizar el acceso a bienes nacionales de uso p\u00fablico.<\/p>\n<p style=\"font-weight: 400; text-align: justify;\">Sandoval record\u00f3 que estos conflictos no son nuevos ni se relacionan s\u00f3lo con la conservaci\u00f3n o con extranjeros. Est\u00e1 el reciente caso de Puerto Bertrand donde un particular cerr\u00f3 el acceso a las riberas del lago hom\u00f3nimo y el r\u00edo Baker; la miner\u00eda que no s\u00f3lo se apropia del subsuelo, con desconocimiento de los pobladores, sino que afecta su salud como el caso de El Toqui en Alto Ma\u00f1ihuales; o de las corporaciones salmoneras nacionales y extranjeras que imponen un modelo de desarrollo, inclusive al interior de \u00e1reas protegidas.<\/p>\n<p style=\"font-weight: 400; text-align: justify;\">\u201c<em>Como organizaci\u00f3n siempre hemos abogado por herramientas de conservaci\u00f3n que dialoguen con los usos del territorio que hacen las comunidades locales. Y advertimos que en el caso de este proyecto privado de conservaci\u00f3n hay un choque profundo, que se ejemplifica con esa cadena que cierra el paso<\/em>\u201d indic\u00f3. Colisi\u00f3n que, se\u00f1al\u00f3, \u201c<em>no advertimos en el caso de los sitios prioritarios para la conservaci\u00f3n de la biodiversidad, porque \u00e9stos precisamente son herramientas que permiten compatibilizar la necesaria conservaci\u00f3n con los usos que las comunidades hacen del territorio. Es m\u00e1s, son instrumentos para mantener agua, suelo y aire limpio, fundamentales para una producci\u00f3n sustentable y con denominaci\u00f3n de origen. Y donde existe un conducto institucional, que es el de consulta p\u00fablica en proceso y que acertadamente se ha extendido<\/em>\u201d.<\/p>\n<\/div><\/section><\/div><div  style='height:50px' class='hr hr-invisible   avia-builder-el-6  el_after_av_one_full  el_before_av_social_share '><span class='hr-inner ' ><span class='hr-inner-style'><\/span><\/span><\/div><\/p>\n<div  class='av-social-sharing-box  avia-builder-el-7  el_after_av_hr  el_before_av_hr  '><div class='av-share-box'><h5 class='av-share-link-description av-no-toc '>Compartir esta noticia<\/h5><ul class='av-share-box-list noLightbox'><li class='av-share-link av-social-link-facebook' ><a target=\"_blank\" aria-label=\"Compartir en Facebook\" href='https:\/\/www.facebook.com\/sharer.php?u=https:\/\/radiorevelacionfm.cl\/?p=60703&#038;t=CODESA%20se%20suma%20a%20solicitud%20de%20que%20el%20Estado%20aborde%20integralmente%20problemas%20de%20acceso%20al%20Glaciar%20Leones' aria-hidden='false' data-av_icon='\ue8f3' data-av_iconfont='entypo-fontello' title='' data-avia-related-tooltip='Compartir en Facebook' rel=\"noopener\"><span class='avia_hidden_link_text'>Compartir en Facebook<\/span><\/a><\/li><li class='av-share-link av-social-link-twitter' ><a target=\"_blank\" aria-label=\"Compartir en Twitter\" href='https:\/\/twitter.com\/share?text=CODESA%20se%20suma%20a%20solicitud%20de%20que%20el%20Estado%20aborde%20integralmente%20problemas%20de%20acceso%20al%20Glaciar%20Leones&#038;url=https:\/\/radiorevelacionfm.cl\/?p=60703' aria-hidden='false' data-av_icon='\ue8f1' data-av_iconfont='entypo-fontello' title='' data-avia-related-tooltip='Compartir en Twitter' rel=\"noopener\"><span class='avia_hidden_link_text'>Compartir en Twitter<\/span><\/a><\/li><li class='av-share-link av-social-link-whatsapp' ><a target=\"_blank\" aria-label=\"Compartir en Whatsapp\" href='https:\/\/api.whatsapp.com\/send?text=https:\/\/radiorevelacionfm.cl\/?p=60703' aria-hidden='false' data-av_icon='\uf232' data-av_iconfont='entypo-fontello' title='' data-avia-related-tooltip='Compartir en Whatsapp' rel=\"noopener\"><span class='avia_hidden_link_text'>Compartir en Whatsapp<\/span><\/a><\/li><li class='av-share-link av-social-link-linkedin' ><a target=\"_blank\" aria-label=\"Compartir en LinkedIn\" href='https:\/\/linkedin.com\/shareArticle?mini=true&#038;title=CODESA%20se%20suma%20a%20solicitud%20de%20que%20el%20Estado%20aborde%20integralmente%20problemas%20de%20acceso%20al%20Glaciar%20Leones&#038;url=https:\/\/radiorevelacionfm.cl\/?p=60703' aria-hidden='false' data-av_icon='\ue8fc' data-av_iconfont='entypo-fontello' title='' data-avia-related-tooltip='Compartir en LinkedIn' rel=\"noopener\"><span class='avia_hidden_link_text'>Compartir en LinkedIn<\/span><\/a><\/li><li class='av-share-link av-social-link-mail' ><a  aria-label=\"Compartir por correo\" href='mailto:?subject=CODESA%20se%20suma%20a%20solicitud%20de%20que%20el%20Estado%20aborde%20integralmente%20problemas%20de%20acceso%20al%20Glaciar%20Leones&#038;body=https:\/\/radiorevelacionfm.cl\/?p=60703' aria-hidden='false' data-av_icon='\ue805' data-av_iconfont='entypo-fontello' title='' data-avia-related-tooltip='Compartir por correo'><span class='avia_hidden_link_text'>Compartir por correo<\/span><\/a><\/li><\/ul><\/div><\/div>\n<div  style='height:50px' class='hr hr-invisible   avia-builder-el-8  el_after_av_social_share  el_before_av_comments_list '><span class='hr-inner ' ><span class='hr-inner-style'><\/span><\/span><\/div>\n<div  class='av-buildercomment  av-blog-meta-html-info-disabled av-blog-meta-tag-disabled  '><\/div>\n","protected":false},"excerpt":{"rendered":"","protected":false},"author":1,"featured_media":60704,"comment_status":"closed","ping_status":"closed","sticky":false,"template":"","format":"standard","meta":{"footnotes":""},"categories":[38],"tags":[],"class_list":["post-60703","post","type-post","status-publish","format-standard","has-post-thumbnail","hentry","category-regional"],"jetpack_featured_media_url":"https:\/\/radiorevelacionfm.cl\/wp-content\/uploads\/2025\/10\/glaciar-leones-1-1_optimized-1.jpg","_links":{"self":[{"href":"https:\/\/radiorevelacionfm.cl\/index.php?rest_route=\/wp\/v2\/posts\/60703","targetHints":{"allow":["GET"]}}],"collection":[{"href":"https:\/\/radiorevelacionfm.cl\/index.php?rest_route=\/wp\/v2\/posts"}],"about":[{"href":"https:\/\/radiorevelacionfm.cl\/index.php?rest_route=\/wp\/v2\/types\/post"}],"author":[{"embeddable":true,"href":"https:\/\/radiorevelacionfm.cl\/index.php?rest_route=\/wp\/v2\/users\/1"}],"replies":[{"embeddable":true,"href":"https:\/\/radiorevelacionfm.cl\/index.php?rest_route=%2Fwp%2Fv2%2Fcomments&post=60703"}],"version-history":[{"count":2,"href":"https:\/\/radiorevelacionfm.cl\/index.php?rest_route=\/wp\/v2\/posts\/60703\/revisions"}],"predecessor-version":[{"id":60727,"href":"https:\/\/radiorevelacionfm.cl\/index.php?rest_route=\/wp\/v2\/posts\/60703\/revisions\/60727"}],"wp:featuredmedia":[{"embeddable":true,"href":"https:\/\/radiorevelacionfm.cl\/index.php?rest_route=\/wp\/v2\/media\/60704"}],"wp:attachment":[{"href":"https:\/\/radiorevelacionfm.cl\/index.php?rest_route=%2Fwp%2Fv2%2Fmedia&parent=60703"}],"wp:term":[{"taxonomy":"category","embeddable":true,"href":"https:\/\/radiorevelacionfm.cl\/index.php?rest_route=%2Fwp%2Fv2%2Fcategories&post=60703"},{"taxonomy":"post_tag","embeddable":true,"href":"https:\/\/radiorevelacionfm.cl\/index.php?rest_route=%2Fwp%2Fv2%2Ftags&post=60703"}],"curies":[{"name":"wp","href":"https:\/\/api.w.org\/{rel}","templated":true}]}}