{"id":60698,"date":"2025-10-23T21:17:35","date_gmt":"2025-10-24T00:17:35","guid":{"rendered":"https:\/\/radiorevelacionfm.cl\/?p=60698"},"modified":"2025-10-23T21:17:35","modified_gmt":"2025-10-24T00:17:35","slug":"corte-de-apelaciones-de-coyhaique-conmemora-38-anos-de-labor-judicial-en-la-region-de-aysen","status":"publish","type":"post","link":"https:\/\/radiorevelacionfm.cl\/?p=60698","title":{"rendered":"Corte de Apelaciones de Coyhaique conmemora 38 a\u00f1os de labor judicial en la regi\u00f3n de Ays\u00e9n"},"content":{"rendered":"<div class=\"flex_column av_one_full  flex_column_div av-zero-column-padding first  avia-builder-el-0  el_before_av_one_full  avia-builder-el-first  \" style='border-radius:0px; '><div  class='avia-image-container  av-styling-    avia-builder-el-1  avia-builder-el-no-sibling  avia-align-center '  itemprop=\"image\" itemscope=\"itemscope\" itemtype=\"https:\/\/schema.org\/ImageObject\"  ><div class='avia-image-container-inner'><div class='avia-image-overlay-wrap'><img decoding=\"async\" class='wp-image-60699 avia-img-lazy-loading-not-60699 avia_image' src=\"https:\/\/radiorevelacionfm.cl\/wp-content\/uploads\/2025\/10\/Pleno-Corte-de-Coyhaique-1-1.jpeg\" alt='' title='Pleno Corte de Coyhaique (1) (1)' height=\"600\" width=\"875\"  itemprop=\"thumbnailUrl\" srcset=\"https:\/\/radiorevelacionfm.cl\/wp-content\/uploads\/2025\/10\/Pleno-Corte-de-Coyhaique-1-1.jpeg 875w, https:\/\/radiorevelacionfm.cl\/wp-content\/uploads\/2025\/10\/Pleno-Corte-de-Coyhaique-1-1-300x206.jpeg 300w, https:\/\/radiorevelacionfm.cl\/wp-content\/uploads\/2025\/10\/Pleno-Corte-de-Coyhaique-1-1-768x527.jpeg 768w, https:\/\/radiorevelacionfm.cl\/wp-content\/uploads\/2025\/10\/Pleno-Corte-de-Coyhaique-1-1-705x483.jpeg 705w, https:\/\/radiorevelacionfm.cl\/wp-content\/uploads\/2025\/10\/Pleno-Corte-de-Coyhaique-1-1-450x309.jpeg 450w, https:\/\/radiorevelacionfm.cl\/wp-content\/uploads\/2025\/10\/Pleno-Corte-de-Coyhaique-1-1-600x411.jpeg 600w\" sizes=\"(max-width: 875px) 100vw, 875px\" \/><\/div><\/div><\/div><\/div><div class=\"flex_column av_one_full  flex_column_div av-zero-column-padding first  avia-builder-el-2  el_after_av_one_full  el_before_av_one_full  column-top-margin\" style='border-radius:0px; '><section class=\"av_textblock_section \"  itemscope=\"itemscope\" itemtype=\"https:\/\/schema.org\/BlogPosting\" itemprop=\"blogPost\" ><div class='avia_textblock  '   itemprop=\"text\" ><p style=\"text-align: center;\"><span style=\"font-size: 18pt;\"><b>Corte de Apelaciones de Coyhaique conmemora 38 a\u00f1os de labor judicial en la regi\u00f3n de Ays\u00e9n<\/b><\/span><\/p>\n<div id=\"gtx-trans\" style=\"position: absolute; left: -50px; top: 4.31534px;\">\n<div class=\"gtx-trans-icon\"><\/div>\n<\/div>\n<\/div><\/section><\/div><div class=\"flex_column av_one_full  flex_column_div av-zero-column-padding first  avia-builder-el-4  el_after_av_one_full  el_before_av_hr  column-top-margin\" style='border-radius:0px; '><section class=\"av_textblock_section \"  itemscope=\"itemscope\" itemtype=\"https:\/\/schema.org\/BlogPosting\" itemprop=\"blogPost\" ><div class='avia_textblock  '   itemprop=\"text\" ><p style=\"font-weight: 400; text-align: justify;\">La Corte de Apelaciones de Coyhaique conmemor\u00f3 el mi\u00e9rcoles 22 de octubre su trig\u00e9simo octavo aniversario desde la instalaci\u00f3n del tribunal de alzada en la capital regional de Ays\u00e9n, instancia que marca un hito en la consolidaci\u00f3n del acceso a la justicia en el extremo sur del pa\u00eds.<\/p>\n<p style=\"font-weight: 400; text-align: justify;\">Durante la jornada, el presidente del tribunal de alzada, Pedro Castro Espinoza, destac\u00f3 el trabajo sostenido durante casi cuatro d\u00e9cadas y que ha permitido fortalecer la presencia judicial en el territorio y avanzar hacia un servicio m\u00e1s humano, transparente y comprometido con la comunidad.<\/p>\n<p style=\"font-weight: 400; text-align: justify;\">\u201cCada aniversario nos invita a mirar el camino recorrido y tambi\u00e9n a proyectar los desaf\u00edos que vienen. La Corte de Apelaciones de Coyhaique naci\u00f3 del esfuerzo de muchas personas que so\u00f1aron con acercar la justicia a todos los rincones de la regi\u00f3n, y hoy seguimos honrando ese legado, adapt\u00e1ndonos a los nuevos tiempos y manteniendo siempre como eje central a las personas\u201d, expres\u00f3 el ministro Castro.<\/p>\n<p style=\"font-weight: 400; text-align: justify;\">El presidente subray\u00f3 adem\u00e1s la importancia del trabajo interinstitucional que la Corte impulsa junto a organismos del sistema de justicia y servicios p\u00fablicos regionales. \u201cEl di\u00e1logo permanente con el Ministerio P\u00fablico, la Defensor\u00eda Penal P\u00fablica, la Corporaci\u00f3n de Asistencia Judicial, Gendarmer\u00eda y otras instituciones nos ha permitido abordar de mejor manera las problem\u00e1ticas locales y fortalecer la coordinaci\u00f3n en beneficio de los habitantes de Ays\u00e9n\u201d, a\u00f1adi\u00f3.<\/p>\n<p style=\"font-weight: 400; text-align: justify;\">En la misma l\u00ednea, el ministro relev\u00f3 la pol\u00edtica de vinculaci\u00f3n con la comunidad desarrollada por el tribunal, que ha incluido actividades educativas, visitas guiadas de estudiantes, programas de Justicia Abierta, as\u00ed como charlas y seminarios dirigidos a la comunidad jur\u00eddica regional. \u201cUna Corte cercana no solo resuelve causas; tambi\u00e9n escucha, ense\u00f1a y comparte con su entorno. Esa ha sido y seguir\u00e1 siendo nuestra forma de entender el servicio judicial\u201d, concluy\u00f3.<\/p>\n<p style=\"font-weight: 400; text-align: justify;\"><strong>Cifras jurisdiccionales y gesti\u00f3n<\/strong><\/p>\n<p style=\"font-weight: 400; text-align: justify;\">Al 30 de septiembre de 2025, la Corte de Apelaciones de Coyhaique registr\u00f3 un total de 1.858 ingresos, lo que representa un incremento del 6,17 % respecto del mismo periodo del a\u00f1o anterior. En la distribuci\u00f3n por materia, los recursos penales (18,9 %) y las acciones de protecci\u00f3n (12,3 %) constituyen el n\u00facleo de la labor jurisdiccional del tribunal.<\/p>\n<p style=\"font-weight: 400; text-align: justify;\">En materia de acciones de protecci\u00f3n, se observ\u00f3 un cambio significativo: las causas de Protecci\u00f3n Civil aumentaron al 83 %, mientras que los recursos por Isapres bajaron al 11 %, reflejando una mayor concentraci\u00f3n en controversias sobre funci\u00f3n p\u00fablica, vivienda, derechos sociales y honra personal.<\/p>\n<p style=\"font-weight: 400; text-align: justify;\">Durante el mismo periodo, la Corte resolvi\u00f3 1.831 recursos, un aumento del 0,55 % en comparaci\u00f3n con 2024, manteniendo una capacidad resolutiva estable frente al incremento de ingresos. El promedio general de tramitaci\u00f3n fue de 32 d\u00edas, dentro de los m\u00e1rgenes \u00f3ptimos de eficiencia para tribunales de alzada.<\/p>\n<p style=\"font-weight: 400; text-align: justify;\">El inventario de causas activas alcanz\u00f3 las 200, con un aumento del 28,2 %, reflejo del crecimiento sostenido de la carga jurisdiccional, abordada mediante una planificaci\u00f3n eficiente de audiencias y una gesti\u00f3n interna equilibrada que ha permitido mantener la oportunidad y calidad de las resoluciones judiciales.<\/p>\n<p style=\"font-weight: 400; text-align: justify;\">El ministro sostuvo que: \u201cEn conjunto, estos datos muestran que la Corte de Apelaciones de Coyhaique, a trav\u00e9s de su Sala \u00danica, ha logrado mantener un equilibrio entre la carga de trabajo y la eficiencia en la tramitaci\u00f3n de las causas, asegurando una respuesta jurisdiccional oportuna frente al aumento sostenido de ingresos\u201d.<\/p>\n<p style=\"font-weight: 400; text-align: justify;\"><strong>Centro de Seguimiento de Medidas de Protecci\u00f3n<\/strong><\/p>\n<p style=\"font-weight: 400; text-align: justify;\">El Centro de Seguimiento de Medidas de Protecci\u00f3n (CSMP), dependiente de la Corte de Apelaciones de Coyhaique, ha fortalecido su labor de coordinaci\u00f3n y seguimiento del cumplimiento de las medidas de protecci\u00f3n dictadas por los tribunales con competencia en materia de familia. Durante el presente a\u00f1o, la Mesa T\u00e9cnica Interinstitucional, convocada trimestralmente por la ministra encargada de asuntos de familia, Natalia Rencoret Oliva, ha permitido articular el trabajo con distintos organismos de la red, abordando temas como la oferta regional de salud mental, la gesti\u00f3n intersectorial del Servicio Nacional de Protecci\u00f3n Especializada y los avances en materia de acogimiento familiar en la regi\u00f3n.<\/p>\n<p style=\"font-weight: 400; text-align: justify;\">Asimismo, el centro ha participado activamente en procesos de capacitaci\u00f3n dirigidos a las Oficinas Locales de la Ni\u00f1ez, promoviendo el adecuado uso de la Oficina Judicial Virtual, y ha incorporado al Servicio de Reinserci\u00f3n Social Juvenil en instancias de coordinaci\u00f3n sobre adolescentes que son simult\u00e1neamente sujetos de medidas de protecci\u00f3n y de procesos penales.<\/p>\n<p style=\"font-weight: 400; text-align: justify;\">Al 30 de septiembre, la jurisdicci\u00f3n registraba 1.282 medidas de protecci\u00f3n vigentes, de las cuales un 95,2% corresponde a intervenciones ambulatorias, un 3% a programas de familias de acogida (FAE) y un 1,8% a residencias. Estos resultados reflejan el compromiso conjunto del Poder Judicial y de las instituciones del intersector por garantizar respuestas oportunas y efectivas para la protecci\u00f3n de ni\u00f1os, ni\u00f1as y adolescentes en la Regi\u00f3n de Ays\u00e9n.<\/p>\n<p style=\"font-weight: 400; text-align: justify;\"><strong>Unidad de Liquidaciones Especializada de Coyhaique<\/strong><\/p>\n<p style=\"font-weight: 400; text-align: justify;\">La Unidad de Liquidaciones Especializada (ULE) de Coyhaique, dependiente de la Corte de Apelaciones, consolid\u00f3 durante 2025 un trabajo de alto rendimiento y precisi\u00f3n t\u00e9cnica en apoyo a los tribunales con competencia en materia de familia de toda la jurisdicci\u00f3n.<\/p>\n<p style=\"font-weight: 400; text-align: justify;\">Integrada por un equipo de cuatro profesionales, la unidad brinda soporte al Juzgado de Familia de Coyhaique y a los juzgados mixtos de Puerto Ays\u00e9n, Chile Chico, Puerto Cisnes y Cochrane, encarg\u00e1ndose de la ejecuci\u00f3n de liquidaciones manuales y autom\u00e1ticas, certificaciones, notificaciones y constancias de deuda, adem\u00e1s de mantener actualizado el sistema SITFA y gestionar datos para optimizar su automatizaci\u00f3n.<\/p>\n<p style=\"font-weight: 400; text-align: justify;\">Entre enero y septiembre de 2025, la ULE proces\u00f3 28.907 liquidaciones, destacando el volumen del Juzgado de Familia de Coyhaique (16.472) y el de Puerto Ays\u00e9n (8.393), junto con 1.349 tr\u00e1mites especiales adicionales.<\/p>\n<p style=\"font-weight: 400; text-align: justify;\">\u201cEl desempe\u00f1o del equipo ha sido reconocido por su eficiencia, precisi\u00f3n y baja tasa de error, asegurando la continuidad del servicio y aportando significativamente a la gesti\u00f3n jurisdiccional en materia de familia en toda la Regi\u00f3n de Ays\u00e9n\u201d, agreg\u00f3 el presidente de la Corte de Apelaciones Pedro Castro.<\/p>\n<p style=\"font-weight: 400; text-align: justify;\"><strong>Vinculaci\u00f3n con la comunidad<\/strong><\/p>\n<p style=\"font-weight: 400; text-align: justify;\">Durante el \u00faltimo a\u00f1o, la Corte de Apelaciones de Coyhaique ha fortalecido su pol\u00edtica de vinculaci\u00f3n con el territorio y la comunidad jur\u00eddica regional, desarrollando diversas actividades orientadas a la formaci\u00f3n, el di\u00e1logo y la apertura institucional. Entre ellas, destacan los seminarios organizados junto a la Academia Judicial sobre Derecho Administrativo y Responsabilidad Civil, y los conversatorios especializados sobre Responsabilidad en la Praxis M\u00e9dica y sobre Victimizaci\u00f3n Secundaria en los Medios de Prensa, que contaron con la participaci\u00f3n de acad\u00e9micos, comunicadores y operadores del sistema de justicia. Asimismo, se constituy\u00f3 el Comit\u00e9 de Innovaci\u00f3n de la jurisdicci\u00f3n, orientado a impulsar mejoras en la gesti\u00f3n interna y la atenci\u00f3n a usuarios y usuarias.<\/p>\n<p style=\"font-weight: 400; text-align: justify;\">En el marco de la Justicia Abierta, el tribunal de alzada tambi\u00e9n impuls\u00f3 visitas guiadas para estudiantes, como la actividad que convoc\u00f3 a m\u00e1s de cien ni\u00f1os y ni\u00f1as del Colegio Alborada, y promovi\u00f3 instancias educativas junto al Juzgado de Familia de Coyhaique, que brind\u00f3 charlas a estudiantes de la Universidad de Ays\u00e9n, en coordinaci\u00f3n con las autoridades acad\u00e9micas que trabajan en la futura implementaci\u00f3n de la carrera de Derecho. Estas acciones reflejan el compromiso permanente del Poder Judicial en Ays\u00e9n por mantener una relaci\u00f3n cercana, formativa y participativa con la comunidad.<\/p>\n<\/div><\/section><\/div><div  style='height:50px' class='hr hr-invisible   avia-builder-el-6  el_after_av_one_full  el_before_av_social_share '><span class='hr-inner ' ><span class='hr-inner-style'><\/span><\/span><\/div><\/p>\n<div  class='av-social-sharing-box  avia-builder-el-7  el_after_av_hr  el_before_av_hr  '><div class='av-share-box'><h5 class='av-share-link-description av-no-toc '>Compartir esta noticia<\/h5><ul class='av-share-box-list noLightbox'><li class='av-share-link av-social-link-facebook' ><a target=\"_blank\" aria-label=\"Compartir en Facebook\" href='https:\/\/www.facebook.com\/sharer.php?u=https:\/\/radiorevelacionfm.cl\/?p=60698&#038;t=Corte%20de%20Apelaciones%20de%20Coyhaique%20conmemora%2038%20a%C3%B1os%20de%20labor%20judicial%20en%20la%20regi%C3%B3n%20de%20Ays%C3%A9n' aria-hidden='false' data-av_icon='\ue8f3' data-av_iconfont='entypo-fontello' title='' data-avia-related-tooltip='Compartir en Facebook' rel=\"noopener\"><span class='avia_hidden_link_text'>Compartir en Facebook<\/span><\/a><\/li><li class='av-share-link av-social-link-twitter' ><a target=\"_blank\" aria-label=\"Compartir en Twitter\" href='https:\/\/twitter.com\/share?text=Corte%20de%20Apelaciones%20de%20Coyhaique%20conmemora%2038%20a%C3%B1os%20de%20labor%20judicial%20en%20la%20regi%C3%B3n%20de%20Ays%C3%A9n&#038;url=https:\/\/radiorevelacionfm.cl\/?p=60698' aria-hidden='false' data-av_icon='\ue8f1' data-av_iconfont='entypo-fontello' title='' data-avia-related-tooltip='Compartir en Twitter' rel=\"noopener\"><span class='avia_hidden_link_text'>Compartir en Twitter<\/span><\/a><\/li><li class='av-share-link av-social-link-whatsapp' ><a target=\"_blank\" aria-label=\"Compartir en Whatsapp\" href='https:\/\/api.whatsapp.com\/send?text=https:\/\/radiorevelacionfm.cl\/?p=60698' aria-hidden='false' data-av_icon='\uf232' data-av_iconfont='entypo-fontello' title='' data-avia-related-tooltip='Compartir en Whatsapp' rel=\"noopener\"><span class='avia_hidden_link_text'>Compartir en Whatsapp<\/span><\/a><\/li><li class='av-share-link av-social-link-linkedin' ><a target=\"_blank\" aria-label=\"Compartir en LinkedIn\" href='https:\/\/linkedin.com\/shareArticle?mini=true&#038;title=Corte%20de%20Apelaciones%20de%20Coyhaique%20conmemora%2038%20a%C3%B1os%20de%20labor%20judicial%20en%20la%20regi%C3%B3n%20de%20Ays%C3%A9n&#038;url=https:\/\/radiorevelacionfm.cl\/?p=60698' aria-hidden='false' data-av_icon='\ue8fc' data-av_iconfont='entypo-fontello' title='' data-avia-related-tooltip='Compartir en LinkedIn' rel=\"noopener\"><span class='avia_hidden_link_text'>Compartir en LinkedIn<\/span><\/a><\/li><li class='av-share-link av-social-link-mail' ><a  aria-label=\"Compartir por correo\" href='mailto:?subject=Corte%20de%20Apelaciones%20de%20Coyhaique%20conmemora%2038%20a%C3%B1os%20de%20labor%20judicial%20en%20la%20regi%C3%B3n%20de%20Ays%C3%A9n&#038;body=https:\/\/radiorevelacionfm.cl\/?p=60698' aria-hidden='false' data-av_icon='\ue805' data-av_iconfont='entypo-fontello' title='' data-avia-related-tooltip='Compartir por correo'><span class='avia_hidden_link_text'>Compartir por correo<\/span><\/a><\/li><\/ul><\/div><\/div>\n<div  style='height:50px' class='hr hr-invisible   avia-builder-el-8  el_after_av_social_share  el_before_av_comments_list '><span class='hr-inner ' ><span class='hr-inner-style'><\/span><\/span><\/div>\n<div  class='av-buildercomment  av-blog-meta-html-info-disabled av-blog-meta-tag-disabled  '><\/div>\n","protected":false},"excerpt":{"rendered":"","protected":false},"author":1,"featured_media":60699,"comment_status":"closed","ping_status":"closed","sticky":false,"template":"","format":"standard","meta":{"footnotes":""},"categories":[55],"tags":[],"class_list":["post-60698","post","type-post","status-publish","format-standard","has-post-thumbnail","hentry","category-justicia"],"jetpack_featured_media_url":"https:\/\/radiorevelacionfm.cl\/wp-content\/uploads\/2025\/10\/Pleno-Corte-de-Coyhaique-1-1.jpeg","_links":{"self":[{"href":"https:\/\/radiorevelacionfm.cl\/index.php?rest_route=\/wp\/v2\/posts\/60698","targetHints":{"allow":["GET"]}}],"collection":[{"href":"https:\/\/radiorevelacionfm.cl\/index.php?rest_route=\/wp\/v2\/posts"}],"about":[{"href":"https:\/\/radiorevelacionfm.cl\/index.php?rest_route=\/wp\/v2\/types\/post"}],"author":[{"embeddable":true,"href":"https:\/\/radiorevelacionfm.cl\/index.php?rest_route=\/wp\/v2\/users\/1"}],"replies":[{"embeddable":true,"href":"https:\/\/radiorevelacionfm.cl\/index.php?rest_route=%2Fwp%2Fv2%2Fcomments&post=60698"}],"version-history":[{"count":2,"href":"https:\/\/radiorevelacionfm.cl\/index.php?rest_route=\/wp\/v2\/posts\/60698\/revisions"}],"predecessor-version":[{"id":60720,"href":"https:\/\/radiorevelacionfm.cl\/index.php?rest_route=\/wp\/v2\/posts\/60698\/revisions\/60720"}],"wp:featuredmedia":[{"embeddable":true,"href":"https:\/\/radiorevelacionfm.cl\/index.php?rest_route=\/wp\/v2\/media\/60699"}],"wp:attachment":[{"href":"https:\/\/radiorevelacionfm.cl\/index.php?rest_route=%2Fwp%2Fv2%2Fmedia&parent=60698"}],"wp:term":[{"taxonomy":"category","embeddable":true,"href":"https:\/\/radiorevelacionfm.cl\/index.php?rest_route=%2Fwp%2Fv2%2Fcategories&post=60698"},{"taxonomy":"post_tag","embeddable":true,"href":"https:\/\/radiorevelacionfm.cl\/index.php?rest_route=%2Fwp%2Fv2%2Ftags&post=60698"}],"curies":[{"name":"wp","href":"https:\/\/api.w.org\/{rel}","templated":true}]}}