{"id":60693,"date":"2025-10-23T12:19:22","date_gmt":"2025-10-23T15:19:22","guid":{"rendered":"https:\/\/radiorevelacionfm.cl\/?p=60693"},"modified":"2025-10-23T12:19:22","modified_gmt":"2025-10-23T15:19:22","slug":"puerto-aysen-gran-convocatoria-de-adultos-mayores-en-actividad-centrada-en-la-reforma-de-pensiones","status":"publish","type":"post","link":"https:\/\/radiorevelacionfm.cl\/?p=60693","title":{"rendered":"Puerto Ays\u00e9n: Gran convocatoria de adultos mayores en actividad centrada en la Reforma de Pensiones"},"content":{"rendered":"<div class=\"flex_column av_one_full  flex_column_div av-zero-column-padding first  avia-builder-el-0  el_before_av_one_full  avia-builder-el-first  \" style='border-radius:0px; '><div  class='avia-image-container  av-styling-    avia-builder-el-1  avia-builder-el-no-sibling  avia-align-center '  itemprop=\"image\" itemscope=\"itemscope\" itemtype=\"https:\/\/schema.org\/ImageObject\"  ><div class='avia-image-container-inner'><div class='avia-image-overlay-wrap'><img decoding=\"async\" class='wp-image-60694 avia-img-lazy-loading-not-60694 avia_image' src=\"https:\/\/radiorevelacionfm.cl\/wp-content\/uploads\/2025\/10\/reforma-pto-aysen-2-1_optimized-1.jpg\" alt='' title='reforma-pto-aysen-2-(1)_optimized (1)' height=\"600\" width=\"1000\"  itemprop=\"thumbnailUrl\" srcset=\"https:\/\/radiorevelacionfm.cl\/wp-content\/uploads\/2025\/10\/reforma-pto-aysen-2-1_optimized-1.jpg 1000w, https:\/\/radiorevelacionfm.cl\/wp-content\/uploads\/2025\/10\/reforma-pto-aysen-2-1_optimized-1-300x180.jpg 300w, https:\/\/radiorevelacionfm.cl\/wp-content\/uploads\/2025\/10\/reforma-pto-aysen-2-1_optimized-1-768x461.jpg 768w, https:\/\/radiorevelacionfm.cl\/wp-content\/uploads\/2025\/10\/reforma-pto-aysen-2-1_optimized-1-705x423.jpg 705w, https:\/\/radiorevelacionfm.cl\/wp-content\/uploads\/2025\/10\/reforma-pto-aysen-2-1_optimized-1-450x270.jpg 450w, https:\/\/radiorevelacionfm.cl\/wp-content\/uploads\/2025\/10\/reforma-pto-aysen-2-1_optimized-1-600x360.jpg 600w\" sizes=\"(max-width: 1000px) 100vw, 1000px\" \/><\/div><\/div><\/div><\/div>\n<div class=\"flex_column av_one_full  flex_column_div av-zero-column-padding first  avia-builder-el-2  el_after_av_one_full  el_before_av_one_full  column-top-margin\" style='border-radius:0px; '><section class=\"av_textblock_section \"  itemscope=\"itemscope\" itemtype=\"https:\/\/schema.org\/BlogPosting\" itemprop=\"blogPost\" ><div class='avia_textblock  '   itemprop=\"text\" ><p style=\"text-align: center;\"><strong><span style=\"font-size: 18pt;\">Puerto Ays\u00e9n: Gran convocatoria de adultos mayores en actividad centrada en la Reforma de Pensiones\u00a0<\/span><\/strong><\/p>\n<\/div><\/section><\/div><div class=\"flex_column av_one_full  flex_column_div av-zero-column-padding first  avia-builder-el-4  el_after_av_one_full  el_before_av_hr  column-top-margin\" style='border-radius:0px; '><section class=\"av_textblock_section \"  itemscope=\"itemscope\" itemtype=\"https:\/\/schema.org\/BlogPosting\" itemprop=\"blogPost\" ><div class='avia_textblock  '   itemprop=\"text\" ><p style=\"text-align: justify;\">Dirigentas y dirigentes de los clubes de adultos mayores se interesaron por conocer en detalles esta medida de gobierno y en la ocasi\u00f3n despejaron todas dudas en una actividad que tuvo m\u00fasica, din\u00e1micas orientadas a la salud mental y una charla bastante did\u00e1ctica.<\/p>\n<p style=\"text-align: justify;\">En los salones del Gran Hotel Ays\u00e9n, se desarroll\u00f3 una actividad convocada por la Delegaci\u00f3n Presidencial Provincial y donde participaron diversos servicios p\u00fablicos, autoridades del nivel central y local, pero con invitados e invitadas muy especiales, nuestros dirigentes y dirigentas de los clubes de adulto mayor, quienes repletaron el espacio, ya que, el tema central de la jornada era la Reforma de Pensiones. Instancia informativa que se organiz\u00f3 mediante el programa Gobierno en Terreno.<\/p>\n<p style=\"text-align: justify;\">Entusiastas los participantes pudieron disfrutar de un agradable momento de m\u00fasica, a cargo de la Orquesta del liceo Bicentenario San Jos\u00e9 U.R. de Puerto Ays\u00e9n. Luego una profesional del Cosam, realiz\u00f3 din\u00e1micas orientadas a la salud mental, las que resultaron muy entretenidas y la participaci\u00f3n fue total. Para despu\u00e9s pasar a conocer los detalles de la Reforma de Pensiones, sus principales alcances y beneficios.<\/p>\n<p style=\"text-align: justify;\">Desde el nivel central estuvo en la actividad como parte de la coordinaci\u00f3n del programa \u201cGobierno en Terreno\u201d del Ministerio del Interior, Cristian Valenzuela, quien relev\u00f3 la convocatoria lograda por la delegaci\u00f3n presidencial provincial de Ays\u00e9n.<\/p>\n<p style=\"text-align: justify;\">\u201cFelicitar a la delegaci\u00f3n presidencial de ac\u00e1 de Ays\u00e9n porque la convocatoria ha sido espectacular, una gran convocatoria de personas de varias organizaciones, para hablar sobre la reforma de pensiones. Principalmente que la gente se entere de los beneficios de esta reforma que se hizo realidad, que es una buena noticia para todo el pa\u00eds. No todas las personas se enteran a trav\u00e9s de los medios de comunicaci\u00f3n o en las redes sociales, entonces, es atingente y necesario hacer este tipo de di\u00e1logos para hacer la bajada correspondiente respecto a este tipo de pol\u00edticas p\u00fablicas, que les llega directamente a los bolsillos de las chilenas y chilenos\u201d.<\/p>\n<p style=\"text-align: justify;\">El delegado presidencial provincial de Ays\u00e9n, Rodrigo Moreno, agradeci\u00f3 la destacada participaci\u00f3n de los y las dirigentas en esta jornada informativa.<\/p>\n<p style=\"text-align: justify;\">\u201cLa verdad es que quisimos hacer una jornada informativa para nuestros adultos mayores, donde pudi\u00e9semos conversar del tema de pensiones sobre la nueva ley y lo importante que esto es para que ellos tengan la informaci\u00f3n necesaria, puedan recurrir y as\u00ed tener los derechos que naturalmente son de ellos. Nos quedamos con hartos desaf\u00edos, la verdad que fue una jornada entretenida, l\u00fadica, pudimos disfrutar adem\u00e1s de otro tipo de cosas y queremos agradecer tambi\u00e9n la participaci\u00f3n. Tuvimos alrededor de 80 personas, m\u00e1s de 15 clubes de adultos mayores que participaron de esta jornada. As\u00ed que muy contentos, muy agradecidos como delegaci\u00f3n presidencial provincial y esperamos que podamos volver a tener otra jornada tan exitosa como esta porque nuestros adultos mayores se lo merecen y esperamos tambi\u00e9n como delegaci\u00f3n presidencial provincial poder hacer esto mismo en otras comunas de nuestra provincia\u201d.<\/p>\n<p style=\"text-align: justify;\">Rodrigo D\u00edaz, Seremi (s) del Trabajo y Previsi\u00f3n Social, insisti\u00f3 en el llamado a la comunidad a informarse respecto a la Reforma de Pensiones.<\/p>\n<p style=\"text-align: justify;\">\u201cAgradecer al equipo de la delegaci\u00f3n presidencial provincial, al equipo de Rodrigo Moreno, porque fue una jornada contundente donde les pudimos explicar de manera simple a los asistentes de qu\u00e9 se trata la reforma de pensiones, los alcances para que puedan dimensionar su real magnitud. Esto va m\u00e1s all\u00e1 del aumento de la PGU, si no que ahora en enero se incorporan beneficios, todo lo que es el seguro social y por qu\u00e9 es importante que los empleadores sean parte de esta ecuaci\u00f3n que es la nueva reforma, as\u00ed que muy contentos por la recepci\u00f3n y la gente en general se fue satisfecha y contenta. Los invitamos a que se acerquen a la oficina, nos acompa\u00f1\u00f3 hoy d\u00eda la jefa sucursal del IPS ac\u00e1 en Puerto Ays\u00e9n, Jessica Fern\u00e1ndez, as\u00ed que cualquier consulta yo los invito que se acerque a calle Caupolic\u00e1n para que puedan en directo satisfacer las dudas que tengan\u201d.<\/p>\n<p style=\"text-align: justify;\">Rosa Navarro, presidenta de la Uni\u00f3n Comunal del Adulto Mayor y del club Villa Los Aromos, rescat\u00f3 la importancia de la Reforma de Pensiones, una lucha social de muchos a\u00f1os y que en este Gobierno logra avanzar con significativos beneficios. Adem\u00e1s, valor\u00f3 la instancia informativa.<\/p>\n<p style=\"text-align: justify;\">\u201cMuy buena, muy buena, muchas personas, muchos adultos mayores no entienden o no saben que significa, se dejan llevar por comentarios, pero en realidad esto es lo que se ha logrado por muchos a\u00f1os que se est\u00e1 peleando. Por ejemplo, la igualdad de que hoy d\u00eda por 10 a\u00f1os las mujeres le suban un poquito m\u00e1s su sueldo y los hombres tambi\u00e9n, cosas que antes ocurr\u00edan y esto no es una lucha de ahora, es de mucho tiempo. Las cosas se demoran en conseguirlo, pero tarde o temprano llega un buen puerto y como adulta mayor me siento feliz, me siento comprometida con este logro. Uno como dirigente siempre est\u00e1 pendiente, est\u00e1 dando su opini\u00f3n y esta siempre con los ojos y los o\u00eddos bien abiertos para informarle sus bases. As\u00ed es que, darle las gracias por esta hermosa actividad, por esas actividades bonitas que nos hacen re\u00edr, que a veces vale una risa vale m\u00e1s que unos cientos de millones de pesos. Instalarlos a que sigamos trabajando juntos con nuestras autoridades\u201d.<\/p>\n<p style=\"text-align: justify;\">La Reforma de Pensiones es el avance m\u00e1s importante en materia previsional de las \u00faltimas d\u00e9cadas, crea un nuevo Seguro Social de car\u00e1cter contributivo, mejora la Pensi\u00f3n Garantizada Universal, establece beneficios por a\u00f1os cotizados y una compensaci\u00f3n por expectativa de vida de las mujeres.<\/p>\n<\/div><\/section><\/div><\/p>\n<div  style='height:50px' class='hr hr-invisible   avia-builder-el-6  el_after_av_one_full  el_before_av_social_share '><span class='hr-inner ' ><span class='hr-inner-style'><\/span><\/span><\/div>\n<div  class='av-social-sharing-box  avia-builder-el-7  el_after_av_hr  el_before_av_hr  '><div class='av-share-box'><h5 class='av-share-link-description av-no-toc '>Compartir esta noticia<\/h5><ul class='av-share-box-list noLightbox'><li class='av-share-link av-social-link-facebook' ><a target=\"_blank\" aria-label=\"Compartir en Facebook\" href='https:\/\/www.facebook.com\/sharer.php?u=https:\/\/radiorevelacionfm.cl\/?p=60693&#038;t=Puerto%20Ays%C3%A9n%3A%20Gran%20convocatoria%20de%20adultos%20mayores%20en%20actividad%20centrada%20en%20la%20Reforma%20de%20Pensiones' aria-hidden='false' data-av_icon='\ue8f3' data-av_iconfont='entypo-fontello' title='' data-avia-related-tooltip='Compartir en Facebook' rel=\"noopener\"><span class='avia_hidden_link_text'>Compartir en Facebook<\/span><\/a><\/li><li class='av-share-link av-social-link-twitter' ><a target=\"_blank\" aria-label=\"Compartir en Twitter\" href='https:\/\/twitter.com\/share?text=Puerto%20Ays%C3%A9n%3A%20Gran%20convocatoria%20de%20adultos%20mayores%20en%20actividad%20centrada%20en%20la%20Reforma%20de%20Pensiones&#038;url=https:\/\/radiorevelacionfm.cl\/?p=60693' aria-hidden='false' data-av_icon='\ue8f1' data-av_iconfont='entypo-fontello' title='' data-avia-related-tooltip='Compartir en Twitter' rel=\"noopener\"><span class='avia_hidden_link_text'>Compartir en Twitter<\/span><\/a><\/li><li class='av-share-link av-social-link-whatsapp' ><a target=\"_blank\" aria-label=\"Compartir en Whatsapp\" href='https:\/\/api.whatsapp.com\/send?text=https:\/\/radiorevelacionfm.cl\/?p=60693' aria-hidden='false' data-av_icon='\uf232' data-av_iconfont='entypo-fontello' title='' data-avia-related-tooltip='Compartir en Whatsapp' rel=\"noopener\"><span class='avia_hidden_link_text'>Compartir en Whatsapp<\/span><\/a><\/li><li class='av-share-link av-social-link-linkedin' ><a target=\"_blank\" aria-label=\"Compartir en LinkedIn\" href='https:\/\/linkedin.com\/shareArticle?mini=true&#038;title=Puerto%20Ays%C3%A9n%3A%20Gran%20convocatoria%20de%20adultos%20mayores%20en%20actividad%20centrada%20en%20la%20Reforma%20de%20Pensiones&#038;url=https:\/\/radiorevelacionfm.cl\/?p=60693' aria-hidden='false' data-av_icon='\ue8fc' data-av_iconfont='entypo-fontello' title='' data-avia-related-tooltip='Compartir en LinkedIn' rel=\"noopener\"><span class='avia_hidden_link_text'>Compartir en LinkedIn<\/span><\/a><\/li><li class='av-share-link av-social-link-mail' ><a  aria-label=\"Compartir por correo\" href='mailto:?subject=Puerto%20Ays%C3%A9n%3A%20Gran%20convocatoria%20de%20adultos%20mayores%20en%20actividad%20centrada%20en%20la%20Reforma%20de%20Pensiones&#038;body=https:\/\/radiorevelacionfm.cl\/?p=60693' aria-hidden='false' data-av_icon='\ue805' data-av_iconfont='entypo-fontello' title='' data-avia-related-tooltip='Compartir por correo'><span class='avia_hidden_link_text'>Compartir por correo<\/span><\/a><\/li><\/ul><\/div><\/div>\n<div  style='height:50px' class='hr hr-invisible   avia-builder-el-8  el_after_av_social_share  el_before_av_comments_list '><span class='hr-inner ' ><span class='hr-inner-style'><\/span><\/span><\/div>\n<div  class='av-buildercomment  av-blog-meta-html-info-disabled av-blog-meta-tag-disabled  '><\/div>\n","protected":false},"excerpt":{"rendered":"","protected":false},"author":1,"featured_media":60694,"comment_status":"closed","ping_status":"closed","sticky":false,"template":"","format":"standard","meta":{"footnotes":""},"categories":[38],"tags":[],"class_list":["post-60693","post","type-post","status-publish","format-standard","has-post-thumbnail","hentry","category-regional"],"jetpack_featured_media_url":"https:\/\/radiorevelacionfm.cl\/wp-content\/uploads\/2025\/10\/reforma-pto-aysen-2-1_optimized-1.jpg","_links":{"self":[{"href":"https:\/\/radiorevelacionfm.cl\/index.php?rest_route=\/wp\/v2\/posts\/60693","targetHints":{"allow":["GET"]}}],"collection":[{"href":"https:\/\/radiorevelacionfm.cl\/index.php?rest_route=\/wp\/v2\/posts"}],"about":[{"href":"https:\/\/radiorevelacionfm.cl\/index.php?rest_route=\/wp\/v2\/types\/post"}],"author":[{"embeddable":true,"href":"https:\/\/radiorevelacionfm.cl\/index.php?rest_route=\/wp\/v2\/users\/1"}],"replies":[{"embeddable":true,"href":"https:\/\/radiorevelacionfm.cl\/index.php?rest_route=%2Fwp%2Fv2%2Fcomments&post=60693"}],"version-history":[{"count":3,"href":"https:\/\/radiorevelacionfm.cl\/index.php?rest_route=\/wp\/v2\/posts\/60693\/revisions"}],"predecessor-version":[{"id":60697,"href":"https:\/\/radiorevelacionfm.cl\/index.php?rest_route=\/wp\/v2\/posts\/60693\/revisions\/60697"}],"wp:featuredmedia":[{"embeddable":true,"href":"https:\/\/radiorevelacionfm.cl\/index.php?rest_route=\/wp\/v2\/media\/60694"}],"wp:attachment":[{"href":"https:\/\/radiorevelacionfm.cl\/index.php?rest_route=%2Fwp%2Fv2%2Fmedia&parent=60693"}],"wp:term":[{"taxonomy":"category","embeddable":true,"href":"https:\/\/radiorevelacionfm.cl\/index.php?rest_route=%2Fwp%2Fv2%2Fcategories&post=60693"},{"taxonomy":"post_tag","embeddable":true,"href":"https:\/\/radiorevelacionfm.cl\/index.php?rest_route=%2Fwp%2Fv2%2Ftags&post=60693"}],"curies":[{"name":"wp","href":"https:\/\/api.w.org\/{rel}","templated":true}]}}