{"id":60689,"date":"2025-10-23T15:12:54","date_gmt":"2025-10-23T18:12:54","guid":{"rendered":"https:\/\/radiorevelacionfm.cl\/?p=60689"},"modified":"2025-10-23T15:12:54","modified_gmt":"2025-10-23T18:12:54","slug":"alcalde-de-chile-chico-exige-participacion-real-en-definicion-del-sitio-prioritario-y-expresa-preocupacion-por-cierre-de-acceso-al-lago-leones","status":"publish","type":"post","link":"https:\/\/radiorevelacionfm.cl\/?p=60689","title":{"rendered":"Alcalde de Chile Chico exige participaci\u00f3n real en definici\u00f3n del Sitio Prioritario y expresa preocupaci\u00f3n por cierre de acceso al Lago Leones"},"content":{"rendered":"<div class=\"flex_column av_one_full  flex_column_div av-zero-column-padding first  avia-builder-el-0  el_before_av_one_full  avia-builder-el-first  \" style='border-radius:0px; '><div  class='avia-image-container  av-styling-    avia-builder-el-1  avia-builder-el-no-sibling  avia-align-center '  itemprop=\"image\" itemscope=\"itemscope\" itemtype=\"https:\/\/schema.org\/ImageObject\"  ><div class='avia-image-container-inner'><div class='avia-image-overlay-wrap'><img decoding=\"async\" class='wp-image-60690 avia-img-lazy-loading-not-60690 avia_image' src=\"https:\/\/radiorevelacionfm.cl\/wp-content\/uploads\/2025\/10\/WhatsApp-Image-2025-07-14-at-17.40.53-1-1.jpeg\" alt='' title='WhatsApp Image 2025-07-14 at 17.40.53 (1) (1)' height=\"600\" width=\"800\"  itemprop=\"thumbnailUrl\" srcset=\"https:\/\/radiorevelacionfm.cl\/wp-content\/uploads\/2025\/10\/WhatsApp-Image-2025-07-14-at-17.40.53-1-1.jpeg 800w, https:\/\/radiorevelacionfm.cl\/wp-content\/uploads\/2025\/10\/WhatsApp-Image-2025-07-14-at-17.40.53-1-1-300x225.jpeg 300w, https:\/\/radiorevelacionfm.cl\/wp-content\/uploads\/2025\/10\/WhatsApp-Image-2025-07-14-at-17.40.53-1-1-768x576.jpeg 768w, https:\/\/radiorevelacionfm.cl\/wp-content\/uploads\/2025\/10\/WhatsApp-Image-2025-07-14-at-17.40.53-1-1-705x529.jpeg 705w, https:\/\/radiorevelacionfm.cl\/wp-content\/uploads\/2025\/10\/WhatsApp-Image-2025-07-14-at-17.40.53-1-1-450x338.jpeg 450w, https:\/\/radiorevelacionfm.cl\/wp-content\/uploads\/2025\/10\/WhatsApp-Image-2025-07-14-at-17.40.53-1-1-600x450.jpeg 600w\" sizes=\"(max-width: 800px) 100vw, 800px\" \/><\/div><\/div><\/div><\/div><div class=\"flex_column av_one_full  flex_column_div av-zero-column-padding first  avia-builder-el-2  el_after_av_one_full  el_before_av_one_full  column-top-margin\" style='border-radius:0px; '><section class=\"av_textblock_section \"  itemscope=\"itemscope\" itemtype=\"https:\/\/schema.org\/BlogPosting\" itemprop=\"blogPost\" ><div class='avia_textblock  '   itemprop=\"text\" ><p style=\"text-align: center;\"><strong><span style=\"font-size: 18pt;\">Alcalde de Chile Chico exige participaci\u00f3n real en definici\u00f3n del Sitio Prioritario y expresa preocupaci\u00f3n por cierre de acceso al Lago Leones<\/span><\/strong><\/p>\n<div id=\"gtx-trans\" style=\"position: absolute; left: -50px; top: 4.31534px;\">\n<div class=\"gtx-trans-icon\"><\/div>\n<\/div>\n<\/div><\/section><\/div><div class=\"flex_column av_one_full  flex_column_div av-zero-column-padding first  avia-builder-el-4  el_after_av_one_full  el_before_av_hr  column-top-margin\" style='border-radius:0px; '><section class=\"av_textblock_section \"  itemscope=\"itemscope\" itemtype=\"https:\/\/schema.org\/BlogPosting\" itemprop=\"blogPost\" ><div class='avia_textblock  '   itemprop=\"text\" ><p style=\"text-align: justify;\">El jefe comunal ofici\u00f3 al Ministerio del Medio Ambiente y a Bienes Nacionales, se\u00f1alando que los procesos en curso carecen de la debida socializaci\u00f3n con la comunidad y podr\u00edan afectar directamente el desarrollo territorial y tur\u00edstico de Chile Chico.<\/p>\n<p style=\"text-align: justify;\">La Ilustre Municipalidad de Chile Chico manifest\u00f3 su preocupaci\u00f3n frente al proceso de Consulta Ciudadana impulsado por el Ministerio del Medio Ambiente sobre el Sitio Prioritario de Conservaci\u00f3n \u201cEstepa Jeinimeni \u2013 Lagunas Bah\u00eda Jara\u201d, debido a la escasa socializaci\u00f3n y di\u00e1logo previo con la comunidad local. A trav\u00e9s de un oficio dirigido al Seremi del Medio Ambiente, Yoal D\u00edaz Reyes, el alcalde Ariel Keim Hermosilla expres\u00f3 que, si bien los antecedentes t\u00e9cnicos del sitio son p\u00fablicos y est\u00e1n disponibles en la p\u00e1gina del Ministerio, la comunidad y el municipio no fueron part\u00edcipes de su definici\u00f3n ni de su alcance territorial, lo que genera leg\u00edtimas dudas y descontento entre vecinos y organizaciones productivas. \u201cEste proceso nos tom\u00f3 por sorpresa. No sabemos si fue consensuado con la administraci\u00f3n anterior y, lamentablemente, no hubo instancias reales de participaci\u00f3n para la ciudadan\u00eda ni para el municipio\u201d, sostuvo Keim. El jefe comunal agreg\u00f3 que, tras conocerse la extensi\u00f3n del plazo de consulta por diez d\u00edas adicionales, espera que el Ministerio genere espacios efectivos de di\u00e1logo e informaci\u00f3n presencial en la comuna, de modo que los vecinos puedan emitir opiniones fundadas y no se repitan procesos de decisi\u00f3n alejados del territorio. \u201cChile Chico es una comuna que crece, que se desarrolla. Las decisiones sobre su territorio deben tomarse con participaci\u00f3n, transparencia y respeto hacia su gente. No aceptaremos que se nos excluya de los procesos que determinan nuestro futuro\u201d, enfatiz\u00f3 el alcalde.<\/p>\n<p style=\"text-align: justify;\"><strong>Preocupaci\u00f3n por el cierre de acceso al Lago Leones <\/strong><\/p>\n<p style=\"text-align: justify;\">En paralelo, el alcalde Ariel Keim Hermosilla tambi\u00e9n ofici\u00f3 a la Secretar\u00eda Regional Ministerial de Bienes Nacionales, manifestando la preocupaci\u00f3n del municipio por el cierre del acceso hist\u00f3rico al Lago Leones, planteado por representantes de servicios tur\u00edsticos locales. El oficio expresa la disposici\u00f3n del municipio para colaborar con el Ministerio en la revisi\u00f3n de antecedentes y en la b\u00fasqueda de soluciones que garanticen el acceso responsable y ordenado a los bienes nacionales de uso p\u00fablico.<\/p>\n<p style=\"text-align: justify;\">Adem\u00e1s, el alcalde propuso la creaci\u00f3n de una mesa de trabajo entre la SEREMI, el Gobierno Regional, el municipio y los actores locales, con el objetivo de conciliar el inter\u00e9s p\u00fablico con la buena convivencia entre vecinos y visitantes del sector. \u201cEstamos comprometidos con el desarrollo y con el respeto a nuestros habitantes. Las decisiones sobre nuestro territorio deben tomarse de manera transparente y con participaci\u00f3n real\u201d, sostuvo Keim. Con ambas gestiones, la Municipalidad de Chile Chico reafirma su compromiso con la defensa del territorio comunal, la participaci\u00f3n ciudadana y el desarrollo ordenado, instando a las autoridades regionales a fortalecer el di\u00e1logo y la coordinaci\u00f3n con la comunidad antes de adoptar decisiones que impacten su vida cotidiana y su entorno.<\/p>\n<\/div><\/section><\/div><div  style='height:50px' class='hr hr-invisible   avia-builder-el-6  el_after_av_one_full  el_before_av_social_share '><span class='hr-inner ' ><span class='hr-inner-style'><\/span><\/span><\/div><\/p>\n<div  class='av-social-sharing-box  avia-builder-el-7  el_after_av_hr  el_before_av_hr  '><div class='av-share-box'><h5 class='av-share-link-description av-no-toc '>Compartir esta noticia<\/h5><ul class='av-share-box-list noLightbox'><li class='av-share-link av-social-link-facebook' ><a target=\"_blank\" aria-label=\"Compartir en Facebook\" href='https:\/\/www.facebook.com\/sharer.php?u=https:\/\/radiorevelacionfm.cl\/?p=60689&#038;t=Alcalde%20de%20Chile%20Chico%20exige%20participaci%C3%B3n%20real%20en%20definici%C3%B3n%20del%20Sitio%20Prioritario%20y%20expresa%20preocupaci%C3%B3n%20por%20cierre%20de%20acceso%20al%20Lago%20Leones' aria-hidden='false' data-av_icon='\ue8f3' data-av_iconfont='entypo-fontello' title='' data-avia-related-tooltip='Compartir en Facebook' rel=\"noopener\"><span class='avia_hidden_link_text'>Compartir en Facebook<\/span><\/a><\/li><li class='av-share-link av-social-link-twitter' ><a target=\"_blank\" aria-label=\"Compartir en Twitter\" href='https:\/\/twitter.com\/share?text=Alcalde%20de%20Chile%20Chico%20exige%20participaci%C3%B3n%20real%20en%20definici%C3%B3n%20del%20Sitio%20Prioritario%20y%20expresa%20preocupaci%C3%B3n%20por%20cierre%20de%20acceso%20al%20Lago%20Leones&#038;url=https:\/\/radiorevelacionfm.cl\/?p=60689' aria-hidden='false' data-av_icon='\ue8f1' data-av_iconfont='entypo-fontello' title='' data-avia-related-tooltip='Compartir en Twitter' rel=\"noopener\"><span class='avia_hidden_link_text'>Compartir en Twitter<\/span><\/a><\/li><li class='av-share-link av-social-link-whatsapp' ><a target=\"_blank\" aria-label=\"Compartir en Whatsapp\" href='https:\/\/api.whatsapp.com\/send?text=https:\/\/radiorevelacionfm.cl\/?p=60689' aria-hidden='false' data-av_icon='\uf232' data-av_iconfont='entypo-fontello' title='' data-avia-related-tooltip='Compartir en Whatsapp' rel=\"noopener\"><span class='avia_hidden_link_text'>Compartir en Whatsapp<\/span><\/a><\/li><li class='av-share-link av-social-link-linkedin' ><a target=\"_blank\" aria-label=\"Compartir en LinkedIn\" href='https:\/\/linkedin.com\/shareArticle?mini=true&#038;title=Alcalde%20de%20Chile%20Chico%20exige%20participaci%C3%B3n%20real%20en%20definici%C3%B3n%20del%20Sitio%20Prioritario%20y%20expresa%20preocupaci%C3%B3n%20por%20cierre%20de%20acceso%20al%20Lago%20Leones&#038;url=https:\/\/radiorevelacionfm.cl\/?p=60689' aria-hidden='false' data-av_icon='\ue8fc' data-av_iconfont='entypo-fontello' title='' data-avia-related-tooltip='Compartir en LinkedIn' rel=\"noopener\"><span class='avia_hidden_link_text'>Compartir en LinkedIn<\/span><\/a><\/li><li class='av-share-link av-social-link-mail' ><a  aria-label=\"Compartir por correo\" href='mailto:?subject=Alcalde%20de%20Chile%20Chico%20exige%20participaci%C3%B3n%20real%20en%20definici%C3%B3n%20del%20Sitio%20Prioritario%20y%20expresa%20preocupaci%C3%B3n%20por%20cierre%20de%20acceso%20al%20Lago%20Leones&#038;body=https:\/\/radiorevelacionfm.cl\/?p=60689' aria-hidden='false' data-av_icon='\ue805' data-av_iconfont='entypo-fontello' title='' data-avia-related-tooltip='Compartir por correo'><span class='avia_hidden_link_text'>Compartir por correo<\/span><\/a><\/li><\/ul><\/div><\/div>\n<div  style='height:50px' class='hr hr-invisible   avia-builder-el-8  el_after_av_social_share  el_before_av_comments_list '><span class='hr-inner ' ><span class='hr-inner-style'><\/span><\/span><\/div>\n<div  class='av-buildercomment  av-blog-meta-html-info-disabled av-blog-meta-tag-disabled  '><\/div>\n","protected":false},"excerpt":{"rendered":"","protected":false},"author":1,"featured_media":60690,"comment_status":"closed","ping_status":"closed","sticky":false,"template":"","format":"standard","meta":{"footnotes":""},"categories":[38],"tags":[],"class_list":["post-60689","post","type-post","status-publish","format-standard","has-post-thumbnail","hentry","category-regional"],"jetpack_featured_media_url":"https:\/\/radiorevelacionfm.cl\/wp-content\/uploads\/2025\/10\/WhatsApp-Image-2025-07-14-at-17.40.53-1-1.jpeg","_links":{"self":[{"href":"https:\/\/radiorevelacionfm.cl\/index.php?rest_route=\/wp\/v2\/posts\/60689","targetHints":{"allow":["GET"]}}],"collection":[{"href":"https:\/\/radiorevelacionfm.cl\/index.php?rest_route=\/wp\/v2\/posts"}],"about":[{"href":"https:\/\/radiorevelacionfm.cl\/index.php?rest_route=\/wp\/v2\/types\/post"}],"author":[{"embeddable":true,"href":"https:\/\/radiorevelacionfm.cl\/index.php?rest_route=\/wp\/v2\/users\/1"}],"replies":[{"embeddable":true,"href":"https:\/\/radiorevelacionfm.cl\/index.php?rest_route=%2Fwp%2Fv2%2Fcomments&post=60689"}],"version-history":[{"count":2,"href":"https:\/\/radiorevelacionfm.cl\/index.php?rest_route=\/wp\/v2\/posts\/60689\/revisions"}],"predecessor-version":[{"id":60702,"href":"https:\/\/radiorevelacionfm.cl\/index.php?rest_route=\/wp\/v2\/posts\/60689\/revisions\/60702"}],"wp:featuredmedia":[{"embeddable":true,"href":"https:\/\/radiorevelacionfm.cl\/index.php?rest_route=\/wp\/v2\/media\/60690"}],"wp:attachment":[{"href":"https:\/\/radiorevelacionfm.cl\/index.php?rest_route=%2Fwp%2Fv2%2Fmedia&parent=60689"}],"wp:term":[{"taxonomy":"category","embeddable":true,"href":"https:\/\/radiorevelacionfm.cl\/index.php?rest_route=%2Fwp%2Fv2%2Fcategories&post=60689"},{"taxonomy":"post_tag","embeddable":true,"href":"https:\/\/radiorevelacionfm.cl\/index.php?rest_route=%2Fwp%2Fv2%2Ftags&post=60689"}],"curies":[{"name":"wp","href":"https:\/\/api.w.org\/{rel}","templated":true}]}}