{"id":60686,"date":"2025-10-23T16:29:01","date_gmt":"2025-10-23T19:29:01","guid":{"rendered":"https:\/\/radiorevelacionfm.cl\/?p=60686"},"modified":"2025-10-23T16:29:01","modified_gmt":"2025-10-23T19:29:01","slug":"gobierno-difunde-la-reforma-de-pensiones-en-terreno","status":"publish","type":"post","link":"https:\/\/radiorevelacionfm.cl\/?p=60686","title":{"rendered":"Gobierno difunde la Reforma de Pensiones en Terreno"},"content":{"rendered":"<div class=\"flex_column av_one_full  flex_column_div av-zero-column-padding first  avia-builder-el-0  el_before_av_one_full  avia-builder-el-first  \" style='border-radius:0px; '><div  class='avia-image-container  av-styling-    avia-builder-el-1  avia-builder-el-no-sibling  avia-align-center '  itemprop=\"image\" itemscope=\"itemscope\" itemtype=\"https:\/\/schema.org\/ImageObject\"  ><div class='avia-image-container-inner'><div class='avia-image-overlay-wrap'><img decoding=\"async\" class='wp-image-60687 avia-img-lazy-loading-not-60687 avia_image' src=\"https:\/\/radiorevelacionfm.cl\/wp-content\/uploads\/2025\/10\/IMG_8739-1-1.jpg\" alt='' title='IMG_8739 (1) (1)' height=\"600\" width=\"800\"  itemprop=\"thumbnailUrl\" srcset=\"https:\/\/radiorevelacionfm.cl\/wp-content\/uploads\/2025\/10\/IMG_8739-1-1.jpg 800w, https:\/\/radiorevelacionfm.cl\/wp-content\/uploads\/2025\/10\/IMG_8739-1-1-300x225.jpg 300w, https:\/\/radiorevelacionfm.cl\/wp-content\/uploads\/2025\/10\/IMG_8739-1-1-768x576.jpg 768w, https:\/\/radiorevelacionfm.cl\/wp-content\/uploads\/2025\/10\/IMG_8739-1-1-705x529.jpg 705w, https:\/\/radiorevelacionfm.cl\/wp-content\/uploads\/2025\/10\/IMG_8739-1-1-450x338.jpg 450w, https:\/\/radiorevelacionfm.cl\/wp-content\/uploads\/2025\/10\/IMG_8739-1-1-600x450.jpg 600w\" sizes=\"(max-width: 800px) 100vw, 800px\" \/><\/div><\/div><\/div><\/div><div class=\"flex_column av_one_full  flex_column_div av-zero-column-padding first  avia-builder-el-2  el_after_av_one_full  el_before_av_one_full  column-top-margin\" style='border-radius:0px; '><section class=\"av_textblock_section \"  itemscope=\"itemscope\" itemtype=\"https:\/\/schema.org\/BlogPosting\" itemprop=\"blogPost\" ><div class='avia_textblock  '   itemprop=\"text\" ><p style=\"text-align: center;\"><strong><span style=\"font-size: 18pt;\">Gobierno difunde la Reforma de Pensiones en Terreno<\/span><\/strong><\/p>\n<div id=\"gtx-trans\" style=\"position: absolute; left: -50px; top: 4.31534px;\">\n<div class=\"gtx-trans-icon\"><\/div>\n<\/div>\n<\/div><\/section><\/div><div class=\"flex_column av_one_full  flex_column_div av-zero-column-padding first  avia-builder-el-4  el_after_av_one_full  el_before_av_hr  column-top-margin\" style='border-radius:0px; '><section class=\"av_textblock_section \"  itemscope=\"itemscope\" itemtype=\"https:\/\/schema.org\/BlogPosting\" itemprop=\"blogPost\" ><div class='avia_textblock  '   itemprop=\"text\" ><p style=\"font-weight: 400; text-align: justify;\">El Di\u00e1logo Ciudadano La Reforma de Pensiones en Terreno, con participaci\u00f3n de dirigentes organizacionales y personas mayores, realiz\u00f3 este martes en Coyhaique la Delegaci\u00f3n Presidencial Regional de Ays\u00e9n, con apoyo de la secretar\u00eda regional ministerial del Trabajo y Previsi\u00f3n Social.<\/p>\n<p style=\"font-weight: 400; text-align: justify;\">La instancia fue encabezada por el Delegado Jorge D\u00edaz Guzm\u00e1n, y cont\u00f3 con una presentaci\u00f3n del seremi del Trabajo y Previsi\u00f3n Social (s), Rodrigo D\u00edaz Cordaro, adem\u00e1s de las seremis de Gobierno, \u00darsula Mix, y de Obras P\u00fablicas, Paloma Jara.<\/p>\n<p style=\"font-weight: 400; text-align: justify;\">\u201cEra un desaf\u00edo \u00e9tico del Gobierno, lograr un acuerdo que permitiera mejorar las pensiones en el futuro y de quienes hoy est\u00e1n viviendo la tercera o cuarta edad. Por lo tanto, este tipo de di\u00e1logos contribuyen a revelar las normas que contiene la ley y satisfacer las dudas de nuestros adultos mayores, porque aqu\u00ed lo importante es cumplir los compromisos, como ha sucedido con la PGU, Copago Cero y esta Reforma Previsional, que es fundamental para quienes cumplieron su vida laboral\u201d, indic\u00f3 el Delegado Jorge D\u00edaz Guzm\u00e1n respecto de la instancia, dirigida a informar sobre la implementaci\u00f3n de la Reforma de Pensiones.<\/p>\n<p style=\"font-weight: 400; text-align: justify;\">Entre los asistentes, Mirna Vergara, valor\u00f3 la presentaci\u00f3n y aclaraci\u00f3n de dudas. \u201cConsult\u00e9 sobre la cantidad de meses, porque (en el caso de las mujeres) son diez a\u00f1os de cotizaciones para recibir m\u00e1s beneficios. Por ejemplo, a m\u00ed me faltan tres meses para llegar a los diez a\u00f1os, hab\u00eda consultado en varios lugares y no me quedaba claro, hasta que llegu\u00e9 ac\u00e1 y ahora s\u00ed voy a seguir cotizando\u201d, se\u00f1al\u00f3.<\/p>\n<p style=\"font-weight: 400; text-align: justify;\">Del mismo modo Mauricio Sabath destac\u00f3 el Di\u00e1logo. \u201cMuy bueno y aclar\u00e9 algunos puntos en los que ten\u00eda alguna duda, como postular a la PGU y el aumento para los pensionados varones de AFP por 20 a\u00f1os y m\u00e1s cotizados, desde enero, as\u00ed es que eso me qued\u00f3 bastante claro y era una duda que ten\u00eda\u201d, expres\u00f3.<\/p>\n<p style=\"font-weight: 400; text-align: justify;\">El seremi (s), Rodrigo D\u00edaz inst\u00f3 a aclarar las inquietudes en las oficinas del IPS, Chile Atiende o en las p\u00e1ginas\u00a0<a href=\"http:\/\/lareformadepensiones.cl\/\" data-saferedirecturl=\"https:\/\/www.google.com\/url?q=http:\/\/lareformadepensiones.cl&amp;source=gmail&amp;ust=1761311784933000&amp;usg=AOvVaw38oGFsiZHQarHmsCOliND8\">lareformadepensiones.cl<\/a>\u00a0y\u00a0<a href=\"http:\/\/chileatiende.cl\/\" data-saferedirecturl=\"https:\/\/www.google.com\/url?q=http:\/\/chileatiende.cl&amp;source=gmail&amp;ust=1761311784933000&amp;usg=AOvVaw0wvNACJwpLfq-DmW5PChWQ\">chileatiende.cl<\/a>.<\/p>\n<p style=\"font-weight: 400; text-align: justify;\">\u201cNos pudimos reunir con vecinos, vecinas, adultos mayores e informarles de la Reforma de Pensiones, que va m\u00e1s all\u00e1 de la Pensi\u00f3n Garantizada Universal (PGU). Hay elementos que van entrando en distintos momentos y eso lo tratamos de explicar en simple. La PGU requiere postulaci\u00f3n desde los 65 a\u00f1os, pues no es autom\u00e1tica, y en caso de cualquier consulta, se dirijan al Instituto de Previsi\u00f3n Social, Chile Atiende, donde estar\u00e1 la menor respuesta de acuerdo al caso que se plantee\u201d, concluy\u00f3.<\/p>\n<p style=\"font-weight: 400; text-align: justify;\">La Reforma a las Pensiones impulsada por el Gobierno del presidente Gabriel Boric, aprobada por el Congreso, est\u00e1 en implementaci\u00f3n y marca un cambio estructural en el sistema previsional chileno; persigue que nadie tenga pensiones de pobreza y que el sistema sea m\u00e1s justo, en especial, para las mujeres.<\/p>\n<p style=\"font-weight: 400; text-align: justify;\">La implementaci\u00f3n ha avanzado con el inicio del Seguro de Lagunas Previsionales en mayo 2025; Llamado a postular a pensionados de leyes reparatorias; inicio cotizaci\u00f3n del 1% por parte del empleador en remuneraciones de agosto 2025; y aumento de la PGU a 250 mil pesos para pensionados de 82 a\u00f1os o m\u00e1s en septiembre de 2025, avanz\u00e1ndose hacia el inicio del Seguro Social desde enero de 2026.<\/p>\n<\/div><\/section><\/div><div  style='height:50px' class='hr hr-invisible   avia-builder-el-6  el_after_av_one_full  el_before_av_social_share '><span class='hr-inner ' ><span class='hr-inner-style'><\/span><\/span><\/div><\/p>\n<div  class='av-social-sharing-box  avia-builder-el-7  el_after_av_hr  el_before_av_hr  '><div class='av-share-box'><h5 class='av-share-link-description av-no-toc '>Compartir esta noticia<\/h5><ul class='av-share-box-list noLightbox'><li class='av-share-link av-social-link-facebook' ><a target=\"_blank\" aria-label=\"Compartir en Facebook\" href='https:\/\/www.facebook.com\/sharer.php?u=https:\/\/radiorevelacionfm.cl\/?p=60686&#038;t=Gobierno%20difunde%20la%20Reforma%20de%20Pensiones%20en%20Terreno' aria-hidden='false' data-av_icon='\ue8f3' data-av_iconfont='entypo-fontello' title='' data-avia-related-tooltip='Compartir en Facebook' rel=\"noopener\"><span class='avia_hidden_link_text'>Compartir en Facebook<\/span><\/a><\/li><li class='av-share-link av-social-link-twitter' ><a target=\"_blank\" aria-label=\"Compartir en Twitter\" href='https:\/\/twitter.com\/share?text=Gobierno%20difunde%20la%20Reforma%20de%20Pensiones%20en%20Terreno&#038;url=https:\/\/radiorevelacionfm.cl\/?p=60686' aria-hidden='false' data-av_icon='\ue8f1' data-av_iconfont='entypo-fontello' title='' data-avia-related-tooltip='Compartir en Twitter' rel=\"noopener\"><span class='avia_hidden_link_text'>Compartir en Twitter<\/span><\/a><\/li><li class='av-share-link av-social-link-whatsapp' ><a target=\"_blank\" aria-label=\"Compartir en Whatsapp\" href='https:\/\/api.whatsapp.com\/send?text=https:\/\/radiorevelacionfm.cl\/?p=60686' aria-hidden='false' data-av_icon='\uf232' data-av_iconfont='entypo-fontello' title='' data-avia-related-tooltip='Compartir en Whatsapp' rel=\"noopener\"><span class='avia_hidden_link_text'>Compartir en Whatsapp<\/span><\/a><\/li><li class='av-share-link av-social-link-linkedin' ><a target=\"_blank\" aria-label=\"Compartir en LinkedIn\" href='https:\/\/linkedin.com\/shareArticle?mini=true&#038;title=Gobierno%20difunde%20la%20Reforma%20de%20Pensiones%20en%20Terreno&#038;url=https:\/\/radiorevelacionfm.cl\/?p=60686' aria-hidden='false' data-av_icon='\ue8fc' data-av_iconfont='entypo-fontello' title='' data-avia-related-tooltip='Compartir en LinkedIn' rel=\"noopener\"><span class='avia_hidden_link_text'>Compartir en LinkedIn<\/span><\/a><\/li><li class='av-share-link av-social-link-mail' ><a  aria-label=\"Compartir por correo\" href='mailto:?subject=Gobierno%20difunde%20la%20Reforma%20de%20Pensiones%20en%20Terreno&#038;body=https:\/\/radiorevelacionfm.cl\/?p=60686' aria-hidden='false' data-av_icon='\ue805' data-av_iconfont='entypo-fontello' title='' data-avia-related-tooltip='Compartir por correo'><span class='avia_hidden_link_text'>Compartir por correo<\/span><\/a><\/li><\/ul><\/div><\/div>\n<div  style='height:50px' class='hr hr-invisible   avia-builder-el-8  el_after_av_social_share  el_before_av_comments_list '><span class='hr-inner ' ><span class='hr-inner-style'><\/span><\/span><\/div>\n<div  class='av-buildercomment  av-blog-meta-html-info-disabled av-blog-meta-tag-disabled  '><\/div>\n","protected":false},"excerpt":{"rendered":"","protected":false},"author":1,"featured_media":60687,"comment_status":"closed","ping_status":"closed","sticky":false,"template":"","format":"standard","meta":{"footnotes":""},"categories":[38],"tags":[],"class_list":["post-60686","post","type-post","status-publish","format-standard","has-post-thumbnail","hentry","category-regional"],"jetpack_featured_media_url":"https:\/\/radiorevelacionfm.cl\/wp-content\/uploads\/2025\/10\/IMG_8739-1-1.jpg","_links":{"self":[{"href":"https:\/\/radiorevelacionfm.cl\/index.php?rest_route=\/wp\/v2\/posts\/60686","targetHints":{"allow":["GET"]}}],"collection":[{"href":"https:\/\/radiorevelacionfm.cl\/index.php?rest_route=\/wp\/v2\/posts"}],"about":[{"href":"https:\/\/radiorevelacionfm.cl\/index.php?rest_route=\/wp\/v2\/types\/post"}],"author":[{"embeddable":true,"href":"https:\/\/radiorevelacionfm.cl\/index.php?rest_route=\/wp\/v2\/users\/1"}],"replies":[{"embeddable":true,"href":"https:\/\/radiorevelacionfm.cl\/index.php?rest_route=%2Fwp%2Fv2%2Fcomments&post=60686"}],"version-history":[{"count":2,"href":"https:\/\/radiorevelacionfm.cl\/index.php?rest_route=\/wp\/v2\/posts\/60686\/revisions"}],"predecessor-version":[{"id":60706,"href":"https:\/\/radiorevelacionfm.cl\/index.php?rest_route=\/wp\/v2\/posts\/60686\/revisions\/60706"}],"wp:featuredmedia":[{"embeddable":true,"href":"https:\/\/radiorevelacionfm.cl\/index.php?rest_route=\/wp\/v2\/media\/60687"}],"wp:attachment":[{"href":"https:\/\/radiorevelacionfm.cl\/index.php?rest_route=%2Fwp%2Fv2%2Fmedia&parent=60686"}],"wp:term":[{"taxonomy":"category","embeddable":true,"href":"https:\/\/radiorevelacionfm.cl\/index.php?rest_route=%2Fwp%2Fv2%2Fcategories&post=60686"},{"taxonomy":"post_tag","embeddable":true,"href":"https:\/\/radiorevelacionfm.cl\/index.php?rest_route=%2Fwp%2Fv2%2Ftags&post=60686"}],"curies":[{"name":"wp","href":"https:\/\/api.w.org\/{rel}","templated":true}]}}