{"id":60682,"date":"2025-10-23T11:10:27","date_gmt":"2025-10-23T14:10:27","guid":{"rendered":"https:\/\/radiorevelacionfm.cl\/?p=60682"},"modified":"2025-10-23T11:10:27","modified_gmt":"2025-10-23T14:10:27","slug":"destilados-y-vinos-premium-de-aysen-patagonia-cautivaron-al-publico-en-prowine-sao-paulo-2025","status":"publish","type":"post","link":"https:\/\/radiorevelacionfm.cl\/?p=60682","title":{"rendered":"Destilados y vinos premium de Ays\u00e9n Patagonia cautivaron al p\u00fablico en ProWine Sao Paulo 2025"},"content":{"rendered":"<div class=\"flex_column av_one_full  flex_column_div av-zero-column-padding first  avia-builder-el-0  el_before_av_one_full  avia-builder-el-first  \" style='border-radius:0px; '><div  class='avia-image-container  av-styling-    avia-builder-el-1  avia-builder-el-no-sibling  avia-align-center '  itemprop=\"image\" itemscope=\"itemscope\" itemtype=\"https:\/\/schema.org\/ImageObject\"  ><div class='avia-image-container-inner'><div class='avia-image-overlay-wrap'><img decoding=\"async\" class='wp-image-60683 avia-img-lazy-loading-not-60683 avia_image' src=\"https:\/\/radiorevelacionfm.cl\/wp-content\/uploads\/2025\/10\/unnamed-62-1-1.jpg\" alt='' title='unnamed (62) (1) (1)' height=\"600\" width=\"800\"  itemprop=\"thumbnailUrl\" srcset=\"https:\/\/radiorevelacionfm.cl\/wp-content\/uploads\/2025\/10\/unnamed-62-1-1.jpg 800w, https:\/\/radiorevelacionfm.cl\/wp-content\/uploads\/2025\/10\/unnamed-62-1-1-300x225.jpg 300w, https:\/\/radiorevelacionfm.cl\/wp-content\/uploads\/2025\/10\/unnamed-62-1-1-768x576.jpg 768w, https:\/\/radiorevelacionfm.cl\/wp-content\/uploads\/2025\/10\/unnamed-62-1-1-705x529.jpg 705w, https:\/\/radiorevelacionfm.cl\/wp-content\/uploads\/2025\/10\/unnamed-62-1-1-450x338.jpg 450w, https:\/\/radiorevelacionfm.cl\/wp-content\/uploads\/2025\/10\/unnamed-62-1-1-600x450.jpg 600w\" sizes=\"(max-width: 800px) 100vw, 800px\" \/><\/div><\/div><\/div><\/div><div class=\"flex_column av_one_full  flex_column_div av-zero-column-padding first  avia-builder-el-2  el_after_av_one_full  el_before_av_one_full  column-top-margin\" style='border-radius:0px; '><section class=\"av_textblock_section \"  itemscope=\"itemscope\" itemtype=\"https:\/\/schema.org\/BlogPosting\" itemprop=\"blogPost\" ><div class='avia_textblock  '   itemprop=\"text\" ><p style=\"text-align: center;\"><strong><span style=\"font-size: 18pt;\">Destilados y vinos premium de Ays\u00e9n Patagonia cautivaron al p\u00fablico en ProWine Sao Paulo 2025\u00a0<\/span><\/strong><\/p>\n<div id=\"gtx-trans\" style=\"position: absolute; left: -50px; top: 4.31534px;\">\n<div class=\"gtx-trans-icon\"><\/div>\n<\/div>\n<\/div><\/section><\/div><div class=\"flex_column av_one_full  flex_column_div av-zero-column-padding first  avia-builder-el-4  el_after_av_one_full  el_before_av_hr  column-top-margin\" style='border-radius:0px; '><section class=\"av_textblock_section \"  itemscope=\"itemscope\" itemtype=\"https:\/\/schema.org\/BlogPosting\" itemprop=\"blogPost\" ><div class='avia_textblock  '   itemprop=\"text\" ><p style=\"text-align: justify;\">Gin Tepaluma, Bitter Onok, Vodka Kawesqar y Vi\u00f1a Jeinimeni representaron a Chile y a la Regi\u00f3n de Ays\u00e9n en la feria internacional ProWine Sao Paulo 2025, instancia organizada por ProChile Ays\u00e9n y financiada por el Gobierno Regional de Ays\u00e9n, que se consolid\u00f3 como una plataforma clave para la promoci\u00f3n de bebidas premium del extremo sur de Chile.<\/p>\n<p style=\"text-align: justify;\">La feria ProWine Sao Paulo 2025, desarrollada entre el 30 de septiembre y el 2 de octubre, con m\u00e1s de 20.000 asistentes, reuni\u00f3 a m\u00e1s de 1.500 marcas de 36 pa\u00edses, reafirmando su posici\u00f3n como el principal punto de encuentro profesional del sector de vinos y destilados en Am\u00e9rica Latina. En este escenario, las empresas de Ays\u00e9n protagonizaron una participaci\u00f3n in\u00e9dita y exitosa que despert\u00f3 el inter\u00e9s del p\u00fablico y la prensa especializada brasile\u00f1a.<\/p>\n<p style=\"text-align: justify;\">Los empresarios regionales fueron Andrea Zavala de Gin Tepaluma, Cristi\u00e1n Pailamilla de Bitter Onok, Yuliyan Popov de Vodka Kawesqar y Esteban Milovic de Vi\u00f1a Jeinimeni.<\/p>\n<p style=\"text-align: justify;\">El director regional de ProChile en Ays\u00e9n, Jaime Poblete, subray\u00f3 la relevancia de esta participaci\u00f3n regional: \u201cLos productos patag\u00f3nicos fueron muy bien recibidos por el p\u00fablico en la feria y obtuvieron una amplia cobertura en medios brasile\u00f1os como Forbes Brasil, Jornal do Centro de Sao Paulo, Gastronominho y Mesa de Bar, que resaltaron su calidad, autenticidad y origen \u00fanico\u201d.<\/p>\n<p style=\"text-align: justify;\">La iniciativa, organizada por ProChile Ays\u00e9n con financiamiento del Gobierno Regional de Ays\u00e9n a trav\u00e9s de actual convenio FNDR, tuvo como objetivo impulsar la internacionalizaci\u00f3n de las micro, peque\u00f1as y medianas empresas (Mipymes) de la regi\u00f3n, fortaleciendo la presencia de Ays\u00e9n en los principales mercados internacionales.<\/p>\n<p style=\"text-align: justify;\">\u201cEstamos muy contentos de haber participado en esta feria, una instancia que nos permite mostrar al mundo todo lo que Ays\u00e9n tiene para ofrecer. Los productos exhibidos son de un nivel excepcional y reflejan nuestra identidad, nuestra cultura y el talento de nuestra gente. Este tipo de espacios demuestran que desde nuestra regi\u00f3n es posible proyectar desarrollo y abrirnos al mundo con sello propio\u201d, enfatiz\u00f3 el gobernador regional de Ays\u00e9n, Marcelo Santana Vargas.<\/p>\n<p style=\"text-align: justify;\">La participaci\u00f3n de Ays\u00e9n Patagonia fue ampliamente difundida por la prensa brasile\u00f1a.<br \/>\nLa revista\u00a0<a href=\"https:\/\/forbes.com.br\/forbeswsb\/2025\/09\/chile-aposta-em-destilados-da-patagonia-para-ir-alem-do-vinho-no-mercado-brasileiro\/\">Forbes Brasil<\/a>\u00a0public\u00f3 un reportaje titulado \u201cChile apuesta por los destilados patag\u00f3nicos para expandirse m\u00e1s all\u00e1 del vino en el mercado brasile\u00f1o\u201d, destacando que el pa\u00eds busca demostrar que su terroir \u201cpuede generar mucho m\u00e1s que vino\u201d, refiri\u00e9ndose a los destilados premium elaborados en el coraz\u00f3n de la Patagonia.<\/p>\n<p style=\"text-align: justify;\">El portal<a href=\"https:\/\/gastronominho.com.br\/bebidas\/2025\/09\/prochile-apresenta-bebidas-da-patagonia-na-prowine-2025\/\">\u00a0Gastronominho<\/a>\u00a0se\u00f1al\u00f3 en su art\u00edculo \u201cProChile presenta bebidas patag\u00f3nicas en ProWine 2025\u201d las caracter\u00edsticas \u00fanicas de estas bebidas elaboradas con aguas de glaciares y frutos nativos, subrayando la identidad territorial de gins, vodkas y bitters \u201ccon fuerte sello artesanal\u201d.<\/p>\n<p style=\"text-align: justify;\">Por su parte, el\u00a0<a href=\"https:\/\/jornal25news.com.br\/alem-do-vinho-chile-aposta-em-destilados-premium-da-patagonia-para-conquistar-o-mercado-brasileiro\/\">Jornal do Centro de Sao Paulo<\/a>\u00a0public\u00f3 \u201c\u00a1M\u00e1s all\u00e1 del vino! Chile apuesta por los destilados patag\u00f3nicos premium para conquistar el mercado brasile\u00f1o\u201d, donde destac\u00f3 la diversidad de la oferta chilena y el liderazgo de ProChile en esta nueva etapa de promoci\u00f3n comercial. En su cobertura, describi\u00f3 a Vodka Kawesqar como \u201cla m\u00e1s austral del mundo\u201d, elaborada con agua de deshielo de glaciares y papas patag\u00f3nicas, y al Tepaluma Maqui Gin como \u201cuna bebida de color rub\u00ed, con notas herbales y final c\u00edtrico\u201d.<\/p>\n<p style=\"text-align: justify;\">Asimismo, el portal especializado\u00a0<a href=\"https:\/\/portalmesadebar.com.br\/preparem-se-para-a-prowine-sao-paulo-2025\/\">Mesa de Bar<\/a>\u00a0incluy\u00f3 a las marcas regionales en su edici\u00f3n \u201cPrep\u00e1rense para la ProWine Sao Paulo 2025\u201d, donde resalt\u00f3 la participaci\u00f3n de ProChile en la secci\u00f3n ProSpirits, dedicada a los destilados de alta gama.<\/p>\n<p style=\"text-align: justify;\">El director comercial de ProChile en Brasil, Hugo Corales, destac\u00f3 la positiva recepci\u00f3n de las marcas regionales: \u201cLa oferta de Ays\u00e9n refleja la identidad territorial y la pureza del sur de Chile, ofreciendo al mercado brasile\u00f1o destilados y vinos premium con otros atributos como autenticidad, trazabilidad y un relato que conecta con la naturaleza y pureza patag\u00f3nica\u201d.<\/p>\n<p style=\"text-align: justify;\"><strong>Empresas asistentes\u00a0<\/strong><\/p>\n<p style=\"text-align: justify;\">Las empresas asistentes coincidieron en valorar la instancia como una oportunidad decisiva para abrir nuevos mercados.<\/p>\n<p style=\"text-align: justify;\">Andrea Zavala, fundadora y directora ejecutiva de Gin Tepaluma, expres\u00f3: \u201cFue una feria muy visitada y din\u00e1mica, donde generamos contactos serios y con gran inter\u00e9s por nuestro gin del sur de Chile. El mercado brasile\u00f1o es estrat\u00e9gico por su tama\u00f1o, y esperamos concretar nuevas oportunidades en los pr\u00f3ximos meses\u201d.<\/p>\n<p style=\"text-align: justify;\">De igual forma, Yuliyan Popov, gerente general y fundador de Vodka Kawesqar, coment\u00f3: \u201cEl inter\u00e9s fue enorme. Recibimos muchas consultas de potenciales clientes y distribuidores, por lo que confiamos en que este es el primer paso para ingresar al mercado brasile\u00f1o\u201d.<\/p>\n<p style=\"text-align: justify;\">\u201cEl \u00e9xito alcanzado en ProWine Sao Paulo 2025 posiciona a la Regi\u00f3n de Ays\u00e9n como una nueva frontera en la producci\u00f3n de destilados premium con identidad patag\u00f3nica y proyecci\u00f3n internacional, reafirmando el compromiso regional con la innovaci\u00f3n, la calidad y la apertura comercial hacia nuevos mercados\u201d, indic\u00f3 el director regional de ProChile.<\/p>\n<p style=\"text-align: justify;\">\u201cCon esta experiencia, Ays\u00e9n demuestra que puede competir de igual a igual en los principales escenarios internacionales, destacando por su autenticidad, calidad y su sello territorial\u201d, concluy\u00f3 Jaime Poblete.<\/p>\n<\/div><\/section><\/div><div  style='height:50px' class='hr hr-invisible   avia-builder-el-6  el_after_av_one_full  el_before_av_social_share '><span class='hr-inner ' ><span class='hr-inner-style'><\/span><\/span><\/div><\/p>\n<div  class='av-social-sharing-box  avia-builder-el-7  el_after_av_hr  el_before_av_hr  '><div class='av-share-box'><h5 class='av-share-link-description av-no-toc '>Compartir esta noticia<\/h5><ul class='av-share-box-list noLightbox'><li class='av-share-link av-social-link-facebook' ><a target=\"_blank\" aria-label=\"Compartir en Facebook\" href='https:\/\/www.facebook.com\/sharer.php?u=https:\/\/radiorevelacionfm.cl\/?p=60682&#038;t=Destilados%20y%20vinos%20premium%20de%20Ays%C3%A9n%20Patagonia%20cautivaron%20al%20p%C3%BAblico%20en%20ProWine%20Sao%20Paulo%202025' aria-hidden='false' data-av_icon='\ue8f3' data-av_iconfont='entypo-fontello' title='' data-avia-related-tooltip='Compartir en Facebook' rel=\"noopener\"><span class='avia_hidden_link_text'>Compartir en Facebook<\/span><\/a><\/li><li class='av-share-link av-social-link-twitter' ><a target=\"_blank\" aria-label=\"Compartir en Twitter\" href='https:\/\/twitter.com\/share?text=Destilados%20y%20vinos%20premium%20de%20Ays%C3%A9n%20Patagonia%20cautivaron%20al%20p%C3%BAblico%20en%20ProWine%20Sao%20Paulo%202025&#038;url=https:\/\/radiorevelacionfm.cl\/?p=60682' aria-hidden='false' data-av_icon='\ue8f1' data-av_iconfont='entypo-fontello' title='' data-avia-related-tooltip='Compartir en Twitter' rel=\"noopener\"><span class='avia_hidden_link_text'>Compartir en Twitter<\/span><\/a><\/li><li class='av-share-link av-social-link-whatsapp' ><a target=\"_blank\" aria-label=\"Compartir en Whatsapp\" href='https:\/\/api.whatsapp.com\/send?text=https:\/\/radiorevelacionfm.cl\/?p=60682' aria-hidden='false' data-av_icon='\uf232' data-av_iconfont='entypo-fontello' title='' data-avia-related-tooltip='Compartir en Whatsapp' rel=\"noopener\"><span class='avia_hidden_link_text'>Compartir en Whatsapp<\/span><\/a><\/li><li class='av-share-link av-social-link-linkedin' ><a target=\"_blank\" aria-label=\"Compartir en LinkedIn\" href='https:\/\/linkedin.com\/shareArticle?mini=true&#038;title=Destilados%20y%20vinos%20premium%20de%20Ays%C3%A9n%20Patagonia%20cautivaron%20al%20p%C3%BAblico%20en%20ProWine%20Sao%20Paulo%202025&#038;url=https:\/\/radiorevelacionfm.cl\/?p=60682' aria-hidden='false' data-av_icon='\ue8fc' data-av_iconfont='entypo-fontello' title='' data-avia-related-tooltip='Compartir en LinkedIn' rel=\"noopener\"><span class='avia_hidden_link_text'>Compartir en LinkedIn<\/span><\/a><\/li><li class='av-share-link av-social-link-mail' ><a  aria-label=\"Compartir por correo\" href='mailto:?subject=Destilados%20y%20vinos%20premium%20de%20Ays%C3%A9n%20Patagonia%20cautivaron%20al%20p%C3%BAblico%20en%20ProWine%20Sao%20Paulo%202025&#038;body=https:\/\/radiorevelacionfm.cl\/?p=60682' aria-hidden='false' data-av_icon='\ue805' data-av_iconfont='entypo-fontello' title='' data-avia-related-tooltip='Compartir por correo'><span class='avia_hidden_link_text'>Compartir por correo<\/span><\/a><\/li><\/ul><\/div><\/div>\n<div  style='height:50px' class='hr hr-invisible   avia-builder-el-8  el_after_av_social_share  el_before_av_comments_list '><span class='hr-inner ' ><span class='hr-inner-style'><\/span><\/span><\/div>\n<div  class='av-buildercomment  av-blog-meta-html-info-disabled av-blog-meta-tag-disabled  '><\/div>\n","protected":false},"excerpt":{"rendered":"","protected":false},"author":1,"featured_media":60683,"comment_status":"closed","ping_status":"closed","sticky":false,"template":"","format":"standard","meta":{"footnotes":""},"categories":[38],"tags":[],"class_list":["post-60682","post","type-post","status-publish","format-standard","has-post-thumbnail","hentry","category-regional"],"jetpack_featured_media_url":"https:\/\/radiorevelacionfm.cl\/wp-content\/uploads\/2025\/10\/unnamed-62-1-1.jpg","_links":{"self":[{"href":"https:\/\/radiorevelacionfm.cl\/index.php?rest_route=\/wp\/v2\/posts\/60682","targetHints":{"allow":["GET"]}}],"collection":[{"href":"https:\/\/radiorevelacionfm.cl\/index.php?rest_route=\/wp\/v2\/posts"}],"about":[{"href":"https:\/\/radiorevelacionfm.cl\/index.php?rest_route=\/wp\/v2\/types\/post"}],"author":[{"embeddable":true,"href":"https:\/\/radiorevelacionfm.cl\/index.php?rest_route=\/wp\/v2\/users\/1"}],"replies":[{"embeddable":true,"href":"https:\/\/radiorevelacionfm.cl\/index.php?rest_route=%2Fwp%2Fv2%2Fcomments&post=60682"}],"version-history":[{"count":2,"href":"https:\/\/radiorevelacionfm.cl\/index.php?rest_route=\/wp\/v2\/posts\/60682\/revisions"}],"predecessor-version":[{"id":60685,"href":"https:\/\/radiorevelacionfm.cl\/index.php?rest_route=\/wp\/v2\/posts\/60682\/revisions\/60685"}],"wp:featuredmedia":[{"embeddable":true,"href":"https:\/\/radiorevelacionfm.cl\/index.php?rest_route=\/wp\/v2\/media\/60683"}],"wp:attachment":[{"href":"https:\/\/radiorevelacionfm.cl\/index.php?rest_route=%2Fwp%2Fv2%2Fmedia&parent=60682"}],"wp:term":[{"taxonomy":"category","embeddable":true,"href":"https:\/\/radiorevelacionfm.cl\/index.php?rest_route=%2Fwp%2Fv2%2Fcategories&post=60682"},{"taxonomy":"post_tag","embeddable":true,"href":"https:\/\/radiorevelacionfm.cl\/index.php?rest_route=%2Fwp%2Fv2%2Ftags&post=60682"}],"curies":[{"name":"wp","href":"https:\/\/api.w.org\/{rel}","templated":true}]}}