{"id":60676,"date":"2025-10-23T10:44:50","date_gmt":"2025-10-23T13:44:50","guid":{"rendered":"https:\/\/radiorevelacionfm.cl\/?p=60676"},"modified":"2025-10-23T10:50:17","modified_gmt":"2025-10-23T13:50:17","slug":"autoridades-realizan-visita-a-puerto-aguirre-para-abordar-avances-en-torno-al-agua-potable-rural","status":"publish","type":"post","link":"https:\/\/radiorevelacionfm.cl\/?p=60676","title":{"rendered":"Delegaci\u00f3n de Ays\u00e9n lidera visita a Puerto Aguirre para abordar avances en torno al agua potable rural"},"content":{"rendered":"<div class=\"flex_column av_one_full  flex_column_div av-zero-column-padding first  avia-builder-el-0  el_before_av_one_full  avia-builder-el-first  \" style='border-radius:0px; '><div  class='avia-image-container  av-styling-    avia-builder-el-1  avia-builder-el-no-sibling  avia-align-center '  itemprop=\"image\" itemscope=\"itemscope\" itemtype=\"https:\/\/schema.org\/ImageObject\"  ><div class='avia-image-container-inner'><div class='avia-image-overlay-wrap'><img decoding=\"async\" class='wp-image-60677 avia-img-lazy-loading-not-60677 avia_image' src=\"https:\/\/radiorevelacionfm.cl\/wp-content\/uploads\/2025\/10\/whatsapp-image-2025-10-22-at-16_optimized.59.10-1-1.jpeg\" alt='' title='whatsapp-image-2025-10-22-at-16_optimized.59.10-(1) (1)' height=\"600\" width=\"1067\"  itemprop=\"thumbnailUrl\" srcset=\"https:\/\/radiorevelacionfm.cl\/wp-content\/uploads\/2025\/10\/whatsapp-image-2025-10-22-at-16_optimized.59.10-1-1.jpeg 1067w, https:\/\/radiorevelacionfm.cl\/wp-content\/uploads\/2025\/10\/whatsapp-image-2025-10-22-at-16_optimized.59.10-1-1-300x169.jpeg 300w, https:\/\/radiorevelacionfm.cl\/wp-content\/uploads\/2025\/10\/whatsapp-image-2025-10-22-at-16_optimized.59.10-1-1-1030x579.jpeg 1030w, https:\/\/radiorevelacionfm.cl\/wp-content\/uploads\/2025\/10\/whatsapp-image-2025-10-22-at-16_optimized.59.10-1-1-768x432.jpeg 768w, https:\/\/radiorevelacionfm.cl\/wp-content\/uploads\/2025\/10\/whatsapp-image-2025-10-22-at-16_optimized.59.10-1-1-705x396.jpeg 705w, https:\/\/radiorevelacionfm.cl\/wp-content\/uploads\/2025\/10\/whatsapp-image-2025-10-22-at-16_optimized.59.10-1-1-450x253.jpeg 450w, https:\/\/radiorevelacionfm.cl\/wp-content\/uploads\/2025\/10\/whatsapp-image-2025-10-22-at-16_optimized.59.10-1-1-600x337.jpeg 600w\" sizes=\"(max-width: 1067px) 100vw, 1067px\" \/><\/div><\/div><\/div><\/div>\n<div class=\"flex_column av_one_full  flex_column_div av-zero-column-padding first  avia-builder-el-2  el_after_av_one_full  el_before_av_one_full  column-top-margin\" style='border-radius:0px; '><section class=\"av_textblock_section \"  itemscope=\"itemscope\" itemtype=\"https:\/\/schema.org\/BlogPosting\" itemprop=\"blogPost\" ><div class='avia_textblock  '   itemprop=\"text\" ><p style=\"text-align: center;\"><strong><span style=\"font-size: 18pt;\">Delegaci\u00f3n de Ays\u00e9n lidera visita a Puerto Aguirre para abordar avances en torno al agua potable rural<\/span><\/strong><\/p>\n<div id=\"gtx-trans\" style=\"position: absolute; left: -50px; top: 4.31534px;\">\n<div class=\"gtx-trans-icon\"><\/div>\n<\/div>\n<\/div><\/section><\/div><div class=\"flex_column av_one_full  flex_column_div av-zero-column-padding first  avia-builder-el-4  el_after_av_one_full  el_before_av_hr  column-top-margin\" style='border-radius:0px; '><section class=\"av_textblock_section \"  itemscope=\"itemscope\" itemtype=\"https:\/\/schema.org\/BlogPosting\" itemprop=\"blogPost\" ><div class='avia_textblock  '   itemprop=\"text\" ><p style=\"text-align: justify;\">En el marco de la estrategia regional de fortalecimiento de la gesti\u00f3n h\u00eddrica impulsada por el Gobierno del Presidente Gabriel Boric Font, el Delegado Presidencial Provincial de Ays\u00e9n, Rodrigo Moreno Rivera, encabez\u00f3 una visita en terreno a la localidad de Puerto Aguirre, junto al director regional de la Subsecretar\u00eda de Desarrollo Regional (SUBDERE) Rodolfo Elgueta y el Subdirector de Servicios Sanitarios Rurales de la Direcci\u00f3n de Obras Hidr\u00e1ulicas (DOH) del Ministerio de Obras P\u00fablicas, Pablo Rojas.<\/p>\n<p style=\"text-align: justify;\">El prop\u00f3sito de la jornada fue revisar, planificar y coordinar los avances del trabajo conjunto con el Comit\u00e9 de Agua Potable Rural (APR) de la localidad, adem\u00e1s de anticipar medidas preventivas para enfrentar posibles escenarios de escasez h\u00eddrica durante la temporada estival.<\/p>\n<p style=\"text-align: justify;\">Durante la visita, las autoridades realizaron un recorrido por los puntos cr\u00edticos del sistema de captaci\u00f3n y distribuci\u00f3n del agua potable, junto a dirigentes y representantes del comit\u00e9, con quienes sostuvieron un di\u00e1logo abierto sobre las necesidades actuales, las obras en ejecuci\u00f3n y las proyecciones a corto y mediano plazo.<\/p>\n<p style=\"text-align: justify;\">El Delegado Presidencial Provincial de Ays\u00e9n, Rodrigo Moreno Rivera, destac\u00f3 la relevancia de la presencia del Estado en los territorios insulares.<\/p>\n<p style=\"text-align: justify;\">\u201cComo Gobierno estamos comprometidos con acompa\u00f1ar a nuestras comunidades en sus necesidades m\u00e1s esenciales. El acceso al agua es un derecho b\u00e1sico y, por eso, junto a la SUBDERE y la DOH estamos anticip\u00e1ndonos al verano, planificando y coordinando medidas que garanticen el abastecimiento continuo para las familias de Puerto Aguirre\u201d.<\/p>\n<p style=\"text-align: justify;\">La autoridad provincial tambi\u00e9n enfatiz\u00f3 la importancia de anticiparse a los efectos del cambio clim\u00e1tico, se\u00f1alando que \u201cel agua es un recurso vital que requiere planificaci\u00f3n, inversi\u00f3n y compromiso interinstitucional. Nuestra tarea es asegurar que las soluciones lleguen a tiempo y que sean sostenibles en el tiempo\u201d.<\/p>\n<p style=\"text-align: justify;\">Durante la jornada, el director regional de la SUBDERE valor\u00f3 el trabajo conjunto con la Delegaci\u00f3n Presidencial y la DOH, destacando que la coordinaci\u00f3n es clave para avanzar en la mejora de los sistemas de Agua Potable Rural.<\/p>\n<p style=\"text-align: justify;\">\u201cEl enfoque de la SUBDERE es fortalecer la gesti\u00f3n local y dotarlas de las herramientas necesarias para operar con seguridad y eficiencia. Tenemos los recursos, 312.533.899 millones, para dar inicio al proyecto de \u201cSuministro, instalaci\u00f3n y puesta en marcha del sistema de filtraci\u00f3n y recuperaci\u00f3n aguas lluvia\u201d, esto es ejemplo que cuando las instituciones trabajan alineadas, se pueden lograr soluciones concretas para la gente\u201d, se\u00f1al\u00f3.<\/p>\n<p style=\"text-align: justify;\">Por su parte, el equipo t\u00e9cnico de la Direcci\u00f3n de Obras Hidr\u00e1ulicas (DOH) comprometi\u00f3 la continuidad del acompa\u00f1amiento t\u00e9cnico y la actualizaci\u00f3n de los diagn\u00f3sticos que permitir\u00e1n fortalecer el sistema, incorporando medidas preventivas para enfrentar la pr\u00f3xima temporada de verano. Entre ellas, se consider\u00f3 el refuerzo del monitoreo de fuentes, la mejora en la infraestructura de impulsi\u00f3n y distribuci\u00f3n, y el fortalecimiento de la capacitaci\u00f3n a los operadores locales.<\/p>\n<p style=\"text-align: justify;\">La Regi\u00f3n de Ays\u00e9n, hist\u00f3ricamente reconocida por su abundancia de recursos naturales, tambi\u00e9n enfrenta el desaf\u00edo creciente de la variabilidad clim\u00e1tica. En los \u00faltimos a\u00f1os, las localidades insulares como Puerto Aguirre, han experimentado per\u00edodos de menor precipitaci\u00f3n, generando presiones sobre sus sistemas de agua potable rural.<\/p>\n<p style=\"text-align: justify;\">Frente a este escenario, el Gobierno ha reforzado el trabajo intersectorial para prevenir crisis de abastecimiento, priorizando proyectos de inversi\u00f3n en fuentes alternativas, mejoras en redes y ampliaci\u00f3n de capacidades locales para la gesti\u00f3n comunitaria del agua.<\/p>\n<p style=\"text-align: justify;\">El Delegado Moreno Rivera subray\u00f3 que este trabajo no solo responde a la urgencia, sino a una mirada de largo plazo. \u201cLo que estamos haciendo en Puerto Aguirre es parte de una estrategia regional de fortalecimiento de la seguridad h\u00eddrica. Queremos que cada comunidad tenga autonom\u00eda, capacidad t\u00e9cnica y acompa\u00f1amiento estatal permanente. Ese es el compromiso del Gobierno con la gente de Ays\u00e9n\u201d.<\/p>\n<p style=\"text-align: justify;\">La jornada concluy\u00f3 con un encuentro entre las autoridades, los dirigentes del Comit\u00e9 de Agua y diversas instituciones, en un espacio de di\u00e1logo donde se reafirm\u00f3 el compromiso de seguir trabajando unidos por el bienestar y la calidad de vida de la comunidad.<\/p>\n<p style=\"text-align: justify;\">El Delegado Presidencial agradeci\u00f3 la disposici\u00f3n del comit\u00e9 y la participaci\u00f3n de los equipos t\u00e9cnicos, recalcando que, \u201ccada acci\u00f3n coordinada, cada visita en terreno y cada decisi\u00f3n conjunta es una se\u00f1al concreta de que el Estado est\u00e1 presente y trabajando para garantizar derechos esenciales como el acceso al agua potable\u201d.<\/p>\n<p style=\"text-align: justify;\">La visita forma parte de una agenda provincial de coordinaci\u00f3n interinstitucional que busca fortalecer la respuesta del Estado ante los efectos del cambio clim\u00e1tico y asegurar el desarrollo sostenible en los territorios m\u00e1s apartados de la Regi\u00f3n de Ays\u00e9n.<\/p>\n<\/div><\/section><\/div><\/p>\n<div  style='height:50px' class='hr hr-invisible   avia-builder-el-6  el_after_av_one_full  el_before_av_social_share '><span class='hr-inner ' ><span class='hr-inner-style'><\/span><\/span><\/div>\n<div  class='av-social-sharing-box  avia-builder-el-7  el_after_av_hr  el_before_av_hr  '><div class='av-share-box'><h5 class='av-share-link-description av-no-toc '>Compartir esta noticia<\/h5><ul class='av-share-box-list noLightbox'><li class='av-share-link av-social-link-facebook' ><a target=\"_blank\" aria-label=\"Compartir en Facebook\" href='https:\/\/www.facebook.com\/sharer.php?u=https:\/\/radiorevelacionfm.cl\/?p=60676&#038;t=Delegaci%C3%B3n%20de%20Ays%C3%A9n%20lidera%20visita%20a%20Puerto%20Aguirre%20para%20abordar%20avances%20en%20torno%20al%20agua%20potable%20rural' aria-hidden='false' data-av_icon='\ue8f3' data-av_iconfont='entypo-fontello' title='' data-avia-related-tooltip='Compartir en Facebook' rel=\"noopener\"><span class='avia_hidden_link_text'>Compartir en Facebook<\/span><\/a><\/li><li class='av-share-link av-social-link-twitter' ><a target=\"_blank\" aria-label=\"Compartir en Twitter\" href='https:\/\/twitter.com\/share?text=Delegaci%C3%B3n%20de%20Ays%C3%A9n%20lidera%20visita%20a%20Puerto%20Aguirre%20para%20abordar%20avances%20en%20torno%20al%20agua%20potable%20rural&#038;url=https:\/\/radiorevelacionfm.cl\/?p=60676' aria-hidden='false' data-av_icon='\ue8f1' data-av_iconfont='entypo-fontello' title='' data-avia-related-tooltip='Compartir en Twitter' rel=\"noopener\"><span class='avia_hidden_link_text'>Compartir en Twitter<\/span><\/a><\/li><li class='av-share-link av-social-link-whatsapp' ><a target=\"_blank\" aria-label=\"Compartir en Whatsapp\" href='https:\/\/api.whatsapp.com\/send?text=https:\/\/radiorevelacionfm.cl\/?p=60676' aria-hidden='false' data-av_icon='\uf232' data-av_iconfont='entypo-fontello' title='' data-avia-related-tooltip='Compartir en Whatsapp' rel=\"noopener\"><span class='avia_hidden_link_text'>Compartir en Whatsapp<\/span><\/a><\/li><li class='av-share-link av-social-link-linkedin' ><a target=\"_blank\" aria-label=\"Compartir en LinkedIn\" href='https:\/\/linkedin.com\/shareArticle?mini=true&#038;title=Delegaci%C3%B3n%20de%20Ays%C3%A9n%20lidera%20visita%20a%20Puerto%20Aguirre%20para%20abordar%20avances%20en%20torno%20al%20agua%20potable%20rural&#038;url=https:\/\/radiorevelacionfm.cl\/?p=60676' aria-hidden='false' data-av_icon='\ue8fc' data-av_iconfont='entypo-fontello' title='' data-avia-related-tooltip='Compartir en LinkedIn' rel=\"noopener\"><span class='avia_hidden_link_text'>Compartir en LinkedIn<\/span><\/a><\/li><li class='av-share-link av-social-link-mail' ><a  aria-label=\"Compartir por correo\" href='mailto:?subject=Delegaci%C3%B3n%20de%20Ays%C3%A9n%20lidera%20visita%20a%20Puerto%20Aguirre%20para%20abordar%20avances%20en%20torno%20al%20agua%20potable%20rural&#038;body=https:\/\/radiorevelacionfm.cl\/?p=60676' aria-hidden='false' data-av_icon='\ue805' data-av_iconfont='entypo-fontello' title='' data-avia-related-tooltip='Compartir por correo'><span class='avia_hidden_link_text'>Compartir por correo<\/span><\/a><\/li><\/ul><\/div><\/div>\n<div  style='height:50px' class='hr hr-invisible   avia-builder-el-8  el_after_av_social_share  el_before_av_comments_list '><span class='hr-inner ' ><span class='hr-inner-style'><\/span><\/span><\/div>\n<div  class='av-buildercomment  av-blog-meta-html-info-disabled av-blog-meta-tag-disabled  '><\/div>\n","protected":false},"excerpt":{"rendered":"","protected":false},"author":1,"featured_media":60677,"comment_status":"closed","ping_status":"closed","sticky":false,"template":"","format":"standard","meta":{"footnotes":""},"categories":[38],"tags":[],"class_list":["post-60676","post","type-post","status-publish","format-standard","has-post-thumbnail","hentry","category-regional"],"jetpack_featured_media_url":"https:\/\/radiorevelacionfm.cl\/wp-content\/uploads\/2025\/10\/whatsapp-image-2025-10-22-at-16_optimized.59.10-1-1.jpeg","_links":{"self":[{"href":"https:\/\/radiorevelacionfm.cl\/index.php?rest_route=\/wp\/v2\/posts\/60676","targetHints":{"allow":["GET"]}}],"collection":[{"href":"https:\/\/radiorevelacionfm.cl\/index.php?rest_route=\/wp\/v2\/posts"}],"about":[{"href":"https:\/\/radiorevelacionfm.cl\/index.php?rest_route=\/wp\/v2\/types\/post"}],"author":[{"embeddable":true,"href":"https:\/\/radiorevelacionfm.cl\/index.php?rest_route=\/wp\/v2\/users\/1"}],"replies":[{"embeddable":true,"href":"https:\/\/radiorevelacionfm.cl\/index.php?rest_route=%2Fwp%2Fv2%2Fcomments&post=60676"}],"version-history":[{"count":3,"href":"https:\/\/radiorevelacionfm.cl\/index.php?rest_route=\/wp\/v2\/posts\/60676\/revisions"}],"predecessor-version":[{"id":60679,"href":"https:\/\/radiorevelacionfm.cl\/index.php?rest_route=\/wp\/v2\/posts\/60676\/revisions\/60679"}],"wp:featuredmedia":[{"embeddable":true,"href":"https:\/\/radiorevelacionfm.cl\/index.php?rest_route=\/wp\/v2\/media\/60677"}],"wp:attachment":[{"href":"https:\/\/radiorevelacionfm.cl\/index.php?rest_route=%2Fwp%2Fv2%2Fmedia&parent=60676"}],"wp:term":[{"taxonomy":"category","embeddable":true,"href":"https:\/\/radiorevelacionfm.cl\/index.php?rest_route=%2Fwp%2Fv2%2Fcategories&post=60676"},{"taxonomy":"post_tag","embeddable":true,"href":"https:\/\/radiorevelacionfm.cl\/index.php?rest_route=%2Fwp%2Fv2%2Ftags&post=60676"}],"curies":[{"name":"wp","href":"https:\/\/api.w.org\/{rel}","templated":true}]}}