{"id":60672,"date":"2025-10-23T10:31:17","date_gmt":"2025-10-23T13:31:17","guid":{"rendered":"https:\/\/radiorevelacionfm.cl\/?p=60672"},"modified":"2025-10-23T10:31:17","modified_gmt":"2025-10-23T13:31:17","slug":"la-junta-vivira-la-primera-version-del-festival-de-la-carne-este-sabado-25-de-octubre","status":"publish","type":"post","link":"https:\/\/radiorevelacionfm.cl\/?p=60672","title":{"rendered":"La Junta vivir\u00e1 la primera versi\u00f3n del Festival de la Carne este s\u00e1bado 25 de octubre"},"content":{"rendered":"<div class=\"flex_column av_one_full  flex_column_div av-zero-column-padding first  avia-builder-el-0  el_before_av_one_full  avia-builder-el-first  \" style='border-radius:0px; '><div  class='avia-image-container  av-styling-    avia-builder-el-1  avia-builder-el-no-sibling  avia-align-center '  itemprop=\"image\" itemscope=\"itemscope\" itemtype=\"https:\/\/schema.org\/ImageObject\"  ><div class='avia-image-container-inner'><div class='avia-image-overlay-wrap'><img decoding=\"async\" class='wp-image-60673 avia-img-lazy-loading-not-60673 avia_image' src=\"https:\/\/radiorevelacionfm.cl\/wp-content\/uploads\/2025\/10\/asado-1-1_optimized-1.jpeg\" alt='' title='asado-(1)-(1)_optimized (1)' height=\"600\" width=\"800\"  itemprop=\"thumbnailUrl\" srcset=\"https:\/\/radiorevelacionfm.cl\/wp-content\/uploads\/2025\/10\/asado-1-1_optimized-1.jpeg 800w, https:\/\/radiorevelacionfm.cl\/wp-content\/uploads\/2025\/10\/asado-1-1_optimized-1-300x225.jpeg 300w, https:\/\/radiorevelacionfm.cl\/wp-content\/uploads\/2025\/10\/asado-1-1_optimized-1-768x576.jpeg 768w, https:\/\/radiorevelacionfm.cl\/wp-content\/uploads\/2025\/10\/asado-1-1_optimized-1-705x529.jpeg 705w, https:\/\/radiorevelacionfm.cl\/wp-content\/uploads\/2025\/10\/asado-1-1_optimized-1-450x338.jpeg 450w, https:\/\/radiorevelacionfm.cl\/wp-content\/uploads\/2025\/10\/asado-1-1_optimized-1-600x450.jpeg 600w\" sizes=\"(max-width: 800px) 100vw, 800px\" \/><\/div><\/div><\/div><\/div><div class=\"flex_column av_one_full  flex_column_div av-zero-column-padding first  avia-builder-el-2  el_after_av_one_full  el_before_av_one_full  column-top-margin\" style='border-radius:0px; '><section class=\"av_textblock_section \"  itemscope=\"itemscope\" itemtype=\"https:\/\/schema.org\/BlogPosting\" itemprop=\"blogPost\" ><div class='avia_textblock  '   itemprop=\"text\" ><p style=\"text-align: center;\"><strong><span style=\"font-size: 18pt;\">La Junta vivir\u00e1 la primera versi\u00f3n del Festival de la Carne este s\u00e1bado 25 de octubre<\/span><\/strong><\/p>\n<div id=\"gtx-trans\" style=\"position: absolute; left: -50px; top: 4.31534px;\">\n<div class=\"gtx-trans-icon\"><\/div>\n<\/div>\n<\/div><\/section><\/div><div class=\"flex_column av_one_full  flex_column_div av-zero-column-padding first  avia-builder-el-4  el_after_av_one_full  el_before_av_hr  column-top-margin\" style='border-radius:0px; '><section class=\"av_textblock_section \"  itemscope=\"itemscope\" itemtype=\"https:\/\/schema.org\/BlogPosting\" itemprop=\"blogPost\" ><div class='avia_textblock  '   itemprop=\"text\" ><p style=\"text-align: justify;\">La Junta \u2014 Este s\u00e1bado 25 de octubre, desde las 11:00 horas, el sector Plaza de La Junta ser\u00e1 el punto de encuentro para la primera versi\u00f3n del Festival de la Carne, actividad organizada por el Barrio Tur\u00edstico y Comercial Cord\u00f3n Barros Arana La Junta, con el financiamiento del Gobierno Regional de Ays\u00e9n, a trav\u00e9s del FNDR 8%, y el apoyo de la Ilustre Municipalidad de Cisnes.<\/p>\n<p style=\"text-align: justify;\">El evento tiene como prop\u00f3sito poner en valor la carne como producto emblem\u00e1tico del territorio, destacando el trabajo de productores y emprendedores locales. A lo largo de la jornada se podr\u00e1 disfrutar de cocina en vivo, asados comunitarios y degustaciones de productos derivados, entre ellos ovino, bovino, liebre, locos, jaiba, salm\u00f3n y merluza, ofreciendo una experiencia que celebra los sabores, oficios y tradiciones del campo y mar patag\u00f3nico, fortaleciendo la identidad productiva y gastron\u00f3mica de la zona norte de la comuna de Cisnes.<\/p>\n<p style=\"text-align: justify;\">El encuentro tambi\u00e9n contar\u00e1 con una exhibici\u00f3n y venta de artesan\u00edas, adem\u00e1s de un variado programa musical con las presentaciones de Los Lazos, Mauro Z\u00fa\u00f1iga y Energ\u00eda X, banda que ser\u00e1 la encargada de cerrar la jornada con un show al aire libre, invitando a disfrutar en comunidad de un ambiente festivo y familiar.<\/p>\n<p style=\"text-align: justify;\">Desde las redes sociales institucionales de la Municipalidad de Cisnes reforzaron la invitaci\u00f3n a participar de esta primera versi\u00f3n, destacando las m\u00faltiples actividades que se realizar\u00e1n durante la jornada.<\/p>\n<p style=\"text-align: justify;\">\u201cLa invitaci\u00f3n est\u00e1 abierta a toda la comunidad y a quienes visiten la zona, para disfrutar de un d\u00eda lleno de sabores, m\u00fasica y tradici\u00f3n, en un evento 100% gratuito que celebra la identidad gastron\u00f3mica y productiva del Pueblo del Encuentro\u201d se\u00f1alaron desde la organizaci\u00f3n.<\/p>\n<\/div><\/section><\/div><div  style='height:50px' class='hr hr-invisible   avia-builder-el-6  el_after_av_one_full  el_before_av_social_share '><span class='hr-inner ' ><span class='hr-inner-style'><\/span><\/span><\/div><\/p>\n<div  class='av-social-sharing-box  avia-builder-el-7  el_after_av_hr  el_before_av_hr  '><div class='av-share-box'><h5 class='av-share-link-description av-no-toc '>Compartir esta noticia<\/h5><ul class='av-share-box-list noLightbox'><li class='av-share-link av-social-link-facebook' ><a target=\"_blank\" aria-label=\"Compartir en Facebook\" href='https:\/\/www.facebook.com\/sharer.php?u=https:\/\/radiorevelacionfm.cl\/?p=60672&#038;t=La%20Junta%20vivir%C3%A1%20la%20primera%20versi%C3%B3n%20del%20Festival%20de%20la%20Carne%20este%20s%C3%A1bado%2025%20de%20octubre' aria-hidden='false' data-av_icon='\ue8f3' data-av_iconfont='entypo-fontello' title='' data-avia-related-tooltip='Compartir en Facebook' rel=\"noopener\"><span class='avia_hidden_link_text'>Compartir en Facebook<\/span><\/a><\/li><li class='av-share-link av-social-link-twitter' ><a target=\"_blank\" aria-label=\"Compartir en Twitter\" href='https:\/\/twitter.com\/share?text=La%20Junta%20vivir%C3%A1%20la%20primera%20versi%C3%B3n%20del%20Festival%20de%20la%20Carne%20este%20s%C3%A1bado%2025%20de%20octubre&#038;url=https:\/\/radiorevelacionfm.cl\/?p=60672' aria-hidden='false' data-av_icon='\ue8f1' data-av_iconfont='entypo-fontello' title='' data-avia-related-tooltip='Compartir en Twitter' rel=\"noopener\"><span class='avia_hidden_link_text'>Compartir en Twitter<\/span><\/a><\/li><li class='av-share-link av-social-link-whatsapp' ><a target=\"_blank\" aria-label=\"Compartir en Whatsapp\" href='https:\/\/api.whatsapp.com\/send?text=https:\/\/radiorevelacionfm.cl\/?p=60672' aria-hidden='false' data-av_icon='\uf232' data-av_iconfont='entypo-fontello' title='' data-avia-related-tooltip='Compartir en Whatsapp' rel=\"noopener\"><span class='avia_hidden_link_text'>Compartir en Whatsapp<\/span><\/a><\/li><li class='av-share-link av-social-link-linkedin' ><a target=\"_blank\" aria-label=\"Compartir en LinkedIn\" href='https:\/\/linkedin.com\/shareArticle?mini=true&#038;title=La%20Junta%20vivir%C3%A1%20la%20primera%20versi%C3%B3n%20del%20Festival%20de%20la%20Carne%20este%20s%C3%A1bado%2025%20de%20octubre&#038;url=https:\/\/radiorevelacionfm.cl\/?p=60672' aria-hidden='false' data-av_icon='\ue8fc' data-av_iconfont='entypo-fontello' title='' data-avia-related-tooltip='Compartir en LinkedIn' rel=\"noopener\"><span class='avia_hidden_link_text'>Compartir en LinkedIn<\/span><\/a><\/li><li class='av-share-link av-social-link-mail' ><a  aria-label=\"Compartir por correo\" href='mailto:?subject=La%20Junta%20vivir%C3%A1%20la%20primera%20versi%C3%B3n%20del%20Festival%20de%20la%20Carne%20este%20s%C3%A1bado%2025%20de%20octubre&#038;body=https:\/\/radiorevelacionfm.cl\/?p=60672' aria-hidden='false' data-av_icon='\ue805' data-av_iconfont='entypo-fontello' title='' data-avia-related-tooltip='Compartir por correo'><span class='avia_hidden_link_text'>Compartir por correo<\/span><\/a><\/li><\/ul><\/div><\/div>\n<div  style='height:50px' class='hr hr-invisible   avia-builder-el-8  el_after_av_social_share  el_before_av_comments_list '><span class='hr-inner ' ><span class='hr-inner-style'><\/span><\/span><\/div>\n<div  class='av-buildercomment  av-blog-meta-html-info-disabled av-blog-meta-tag-disabled  '><\/div>\n","protected":false},"excerpt":{"rendered":"","protected":false},"author":1,"featured_media":60673,"comment_status":"closed","ping_status":"closed","sticky":false,"template":"","format":"standard","meta":{"footnotes":""},"categories":[38],"tags":[],"class_list":["post-60672","post","type-post","status-publish","format-standard","has-post-thumbnail","hentry","category-regional"],"jetpack_featured_media_url":"https:\/\/radiorevelacionfm.cl\/wp-content\/uploads\/2025\/10\/asado-1-1_optimized-1.jpeg","_links":{"self":[{"href":"https:\/\/radiorevelacionfm.cl\/index.php?rest_route=\/wp\/v2\/posts\/60672","targetHints":{"allow":["GET"]}}],"collection":[{"href":"https:\/\/radiorevelacionfm.cl\/index.php?rest_route=\/wp\/v2\/posts"}],"about":[{"href":"https:\/\/radiorevelacionfm.cl\/index.php?rest_route=\/wp\/v2\/types\/post"}],"author":[{"embeddable":true,"href":"https:\/\/radiorevelacionfm.cl\/index.php?rest_route=\/wp\/v2\/users\/1"}],"replies":[{"embeddable":true,"href":"https:\/\/radiorevelacionfm.cl\/index.php?rest_route=%2Fwp%2Fv2%2Fcomments&post=60672"}],"version-history":[{"count":2,"href":"https:\/\/radiorevelacionfm.cl\/index.php?rest_route=\/wp\/v2\/posts\/60672\/revisions"}],"predecessor-version":[{"id":60675,"href":"https:\/\/radiorevelacionfm.cl\/index.php?rest_route=\/wp\/v2\/posts\/60672\/revisions\/60675"}],"wp:featuredmedia":[{"embeddable":true,"href":"https:\/\/radiorevelacionfm.cl\/index.php?rest_route=\/wp\/v2\/media\/60673"}],"wp:attachment":[{"href":"https:\/\/radiorevelacionfm.cl\/index.php?rest_route=%2Fwp%2Fv2%2Fmedia&parent=60672"}],"wp:term":[{"taxonomy":"category","embeddable":true,"href":"https:\/\/radiorevelacionfm.cl\/index.php?rest_route=%2Fwp%2Fv2%2Fcategories&post=60672"},{"taxonomy":"post_tag","embeddable":true,"href":"https:\/\/radiorevelacionfm.cl\/index.php?rest_route=%2Fwp%2Fv2%2Ftags&post=60672"}],"curies":[{"name":"wp","href":"https:\/\/api.w.org\/{rel}","templated":true}]}}