{"id":60663,"date":"2025-10-22T22:00:10","date_gmt":"2025-10-23T01:00:10","guid":{"rendered":"https:\/\/radiorevelacionfm.cl\/?p=60663"},"modified":"2025-10-23T21:52:17","modified_gmt":"2025-10-24T00:52:17","slug":"confirman-una-persona-fallecida-en-accidente-en-la-ruta-aysen-coyhaique-y-otras-dos-personas-lesionadas","status":"publish","type":"post","link":"https:\/\/radiorevelacionfm.cl\/?p=60663","title":{"rendered":"Confirman una persona fallecida en accidente en la Ruta Ays\u00e9n &#8211; Coyhaique y otras dos personas lesionadas"},"content":{"rendered":"<div class=\"flex_column av_one_full  flex_column_div av-zero-column-padding first  avia-builder-el-0  el_before_av_one_full  avia-builder-el-first  \" style='border-radius:0px; '><div  class='avia-image-container  av-styling-    avia-builder-el-1  avia-builder-el-no-sibling  avia-align-center '  itemprop=\"image\" itemscope=\"itemscope\" itemtype=\"https:\/\/schema.org\/ImageObject\"  ><div class='avia-image-container-inner'><div class='avia-image-overlay-wrap'><img decoding=\"async\" class='wp-image-60725 avia-img-lazy-loading-not-60725 avia_image' src=\"https:\/\/radiorevelacionfm.cl\/wp-content\/uploads\/2025\/10\/Accidente-Ruta-Aysen-Coyh-1.jpg\" alt='' title='Accidente Ruta Aysen-Coyh (1)' height=\"600\" width=\"866\"  itemprop=\"thumbnailUrl\" srcset=\"https:\/\/radiorevelacionfm.cl\/wp-content\/uploads\/2025\/10\/Accidente-Ruta-Aysen-Coyh-1.jpg 866w, https:\/\/radiorevelacionfm.cl\/wp-content\/uploads\/2025\/10\/Accidente-Ruta-Aysen-Coyh-1-300x208.jpg 300w, https:\/\/radiorevelacionfm.cl\/wp-content\/uploads\/2025\/10\/Accidente-Ruta-Aysen-Coyh-1-768x532.jpg 768w, https:\/\/radiorevelacionfm.cl\/wp-content\/uploads\/2025\/10\/Accidente-Ruta-Aysen-Coyh-1-705x488.jpg 705w, https:\/\/radiorevelacionfm.cl\/wp-content\/uploads\/2025\/10\/Accidente-Ruta-Aysen-Coyh-1-450x312.jpg 450w, https:\/\/radiorevelacionfm.cl\/wp-content\/uploads\/2025\/10\/Accidente-Ruta-Aysen-Coyh-1-600x416.jpg 600w\" sizes=\"(max-width: 866px) 100vw, 866px\" \/><\/div><\/div><\/div><\/div><div class=\"flex_column av_one_full  flex_column_div av-zero-column-padding first  avia-builder-el-2  el_after_av_one_full  el_before_av_one_full  column-top-margin\" style='border-radius:0px; '><section class=\"av_textblock_section \"  itemscope=\"itemscope\" itemtype=\"https:\/\/schema.org\/BlogPosting\" itemprop=\"blogPost\" ><div class='avia_textblock  '   itemprop=\"text\" ><p style=\"text-align: center;\"><strong><span style=\"font-size: 18pt;\">Confirman una persona fallecida en accidente en la Ruta Ays\u00e9n &#8211; Coyhaique y otras dos personas lesionadas<\/span><\/strong><\/p>\n<div id=\"gtx-trans\" style=\"position: absolute; left: -50px; top: 4.31534px;\">\n<div class=\"gtx-trans-icon\"><\/div>\n<\/div>\n<\/div><\/section><\/div><\/p>\n<div class=\"flex_column av_one_full  flex_column_div av-zero-column-padding first  avia-builder-el-4  el_after_av_one_full  el_before_av_hr  column-top-margin\" style='border-radius:0px; '><section class=\"av_textblock_section \"  itemscope=\"itemscope\" itemtype=\"https:\/\/schema.org\/BlogPosting\" itemprop=\"blogPost\" ><div class='avia_textblock  '   itemprop=\"text\" ><p style=\"text-align: justify;\">Un fatal accidente se registr\u00f3 pasadas las 20:00 horas de este mi\u00e9rcoles 22 de octubre de 2025, en la Ruta 240 que conecta Puerto Ays\u00e9n &#8211; Coyhaique, a la altura del kil\u00f3metro 36.<\/p>\n<p style=\"text-align: justify;\">En el lugar, producto de una colisi\u00f3n frontal de dos veh\u00edculos menores, un autom\u00f3vil tipo SUV y una camioneta, result\u00f3 una mujer fallecida (conductora del autom\u00f3vil) y otras dos personas lesionadas, de car\u00e1cter reservado (ocupantes de la camioneta), los que fueron trasladados al Hospital Regional Coyhaique por personal de SAMU.<\/p>\n<p>La conductora fallecida viajaba desde Coyhaique hacia Puerto Ays\u00e9n.<\/p>\n<p style=\"text-align: justify;\">La ruta CH240 se mantendr\u00eda cortada para todo tipo de veh\u00edculos mientras duren los trabajos de las Unidades de Emergencia, manteni\u00e9ndose la alternativa de la Ruta 7 Villa Ortega \u2013 cruce Viviana CH-240.<\/p>\n<p style=\"text-align: justify;\">Trabajaron en el lugar de la emergencia personal de Bomberos, SAMU y Carabineros.<\/p>\n<p style=\"text-align: justify;\">Las diligencias para determinar las causas y responsabilidades en este fatal accidente fueron encargadas a la SIAT de Carabineros.<\/p>\n<\/div><\/section><\/div><div  style='height:50px' class='hr hr-invisible   avia-builder-el-6  el_after_av_one_full  el_before_av_social_share '><span class='hr-inner ' ><span class='hr-inner-style'><\/span><\/span><\/div><\/p>\n<div  class='av-social-sharing-box  avia-builder-el-7  el_after_av_hr  el_before_av_hr  '><div class='av-share-box'><h5 class='av-share-link-description av-no-toc '>Compartir esta noticia<\/h5><ul class='av-share-box-list noLightbox'><li class='av-share-link av-social-link-facebook' ><a target=\"_blank\" aria-label=\"Compartir en Facebook\" href='https:\/\/www.facebook.com\/sharer.php?u=https:\/\/radiorevelacionfm.cl\/?p=60663&#038;t=Confirman%20una%20persona%20fallecida%20en%20accidente%20en%20la%20Ruta%20Ays%C3%A9n%20%E2%80%93%20Coyhaique%20y%20otras%20dos%20personas%20lesionadas' aria-hidden='false' data-av_icon='\ue8f3' data-av_iconfont='entypo-fontello' title='' data-avia-related-tooltip='Compartir en Facebook' rel=\"noopener\"><span class='avia_hidden_link_text'>Compartir en Facebook<\/span><\/a><\/li><li class='av-share-link av-social-link-twitter' ><a target=\"_blank\" aria-label=\"Compartir en Twitter\" href='https:\/\/twitter.com\/share?text=Confirman%20una%20persona%20fallecida%20en%20accidente%20en%20la%20Ruta%20Ays%C3%A9n%20%E2%80%93%20Coyhaique%20y%20otras%20dos%20personas%20lesionadas&#038;url=https:\/\/radiorevelacionfm.cl\/?p=60663' aria-hidden='false' data-av_icon='\ue8f1' data-av_iconfont='entypo-fontello' title='' data-avia-related-tooltip='Compartir en Twitter' rel=\"noopener\"><span class='avia_hidden_link_text'>Compartir en Twitter<\/span><\/a><\/li><li class='av-share-link av-social-link-whatsapp' ><a target=\"_blank\" aria-label=\"Compartir en Whatsapp\" href='https:\/\/api.whatsapp.com\/send?text=https:\/\/radiorevelacionfm.cl\/?p=60663' aria-hidden='false' data-av_icon='\uf232' data-av_iconfont='entypo-fontello' title='' data-avia-related-tooltip='Compartir en Whatsapp' rel=\"noopener\"><span class='avia_hidden_link_text'>Compartir en Whatsapp<\/span><\/a><\/li><li class='av-share-link av-social-link-linkedin' ><a target=\"_blank\" aria-label=\"Compartir en LinkedIn\" href='https:\/\/linkedin.com\/shareArticle?mini=true&#038;title=Confirman%20una%20persona%20fallecida%20en%20accidente%20en%20la%20Ruta%20Ays%C3%A9n%20%E2%80%93%20Coyhaique%20y%20otras%20dos%20personas%20lesionadas&#038;url=https:\/\/radiorevelacionfm.cl\/?p=60663' aria-hidden='false' data-av_icon='\ue8fc' data-av_iconfont='entypo-fontello' title='' data-avia-related-tooltip='Compartir en LinkedIn' rel=\"noopener\"><span class='avia_hidden_link_text'>Compartir en LinkedIn<\/span><\/a><\/li><li class='av-share-link av-social-link-mail' ><a  aria-label=\"Compartir por correo\" href='mailto:?subject=Confirman%20una%20persona%20fallecida%20en%20accidente%20en%20la%20Ruta%20Ays%C3%A9n%20%E2%80%93%20Coyhaique%20y%20otras%20dos%20personas%20lesionadas&#038;body=https:\/\/radiorevelacionfm.cl\/?p=60663' aria-hidden='false' data-av_icon='\ue805' data-av_iconfont='entypo-fontello' title='' data-avia-related-tooltip='Compartir por correo'><span class='avia_hidden_link_text'>Compartir por correo<\/span><\/a><\/li><\/ul><\/div><\/div>\n<div  style='height:50px' class='hr hr-invisible   avia-builder-el-8  el_after_av_social_share  el_before_av_comments_list '><span class='hr-inner ' ><span class='hr-inner-style'><\/span><\/span><\/div>\n<div  class='av-buildercomment  av-blog-meta-html-info-disabled av-blog-meta-tag-disabled  '><\/div>\n","protected":false},"excerpt":{"rendered":"","protected":false},"author":1,"featured_media":60725,"comment_status":"closed","ping_status":"closed","sticky":false,"template":"","format":"standard","meta":{"footnotes":""},"categories":[38],"tags":[],"class_list":["post-60663","post","type-post","status-publish","format-standard","has-post-thumbnail","hentry","category-regional"],"jetpack_featured_media_url":"https:\/\/radiorevelacionfm.cl\/wp-content\/uploads\/2025\/10\/Accidente-Ruta-Aysen-Coyh-1.jpg","_links":{"self":[{"href":"https:\/\/radiorevelacionfm.cl\/index.php?rest_route=\/wp\/v2\/posts\/60663","targetHints":{"allow":["GET"]}}],"collection":[{"href":"https:\/\/radiorevelacionfm.cl\/index.php?rest_route=\/wp\/v2\/posts"}],"about":[{"href":"https:\/\/radiorevelacionfm.cl\/index.php?rest_route=\/wp\/v2\/types\/post"}],"author":[{"embeddable":true,"href":"https:\/\/radiorevelacionfm.cl\/index.php?rest_route=\/wp\/v2\/users\/1"}],"replies":[{"embeddable":true,"href":"https:\/\/radiorevelacionfm.cl\/index.php?rest_route=%2Fwp%2Fv2%2Fcomments&post=60663"}],"version-history":[{"count":5,"href":"https:\/\/radiorevelacionfm.cl\/index.php?rest_route=\/wp\/v2\/posts\/60663\/revisions"}],"predecessor-version":[{"id":60724,"href":"https:\/\/radiorevelacionfm.cl\/index.php?rest_route=\/wp\/v2\/posts\/60663\/revisions\/60724"}],"wp:featuredmedia":[{"embeddable":true,"href":"https:\/\/radiorevelacionfm.cl\/index.php?rest_route=\/wp\/v2\/media\/60725"}],"wp:attachment":[{"href":"https:\/\/radiorevelacionfm.cl\/index.php?rest_route=%2Fwp%2Fv2%2Fmedia&parent=60663"}],"wp:term":[{"taxonomy":"category","embeddable":true,"href":"https:\/\/radiorevelacionfm.cl\/index.php?rest_route=%2Fwp%2Fv2%2Fcategories&post=60663"},{"taxonomy":"post_tag","embeddable":true,"href":"https:\/\/radiorevelacionfm.cl\/index.php?rest_route=%2Fwp%2Fv2%2Ftags&post=60663"}],"curies":[{"name":"wp","href":"https:\/\/api.w.org\/{rel}","templated":true}]}}