{"id":60659,"date":"2025-10-23T10:09:33","date_gmt":"2025-10-23T13:09:33","guid":{"rendered":"https:\/\/radiorevelacionfm.cl\/?p=60659"},"modified":"2025-10-23T10:09:33","modified_gmt":"2025-10-23T13:09:33","slug":"abren-el-primer-centro-de-rescate-y-rehabilitacion-exclusivo-para-huemules-en-predio-aledano-al-parque-nacional-cerro-castillo","status":"publish","type":"post","link":"https:\/\/radiorevelacionfm.cl\/?p=60659","title":{"rendered":"Abren el primer Centro de Rescate y Rehabilitaci\u00f3n exclusivo para huemules en predio aleda\u00f1o al Parque Nacional Cerro Castillo"},"content":{"rendered":"<div class=\"flex_column av_one_full  flex_column_div av-zero-column-padding first  avia-builder-el-0  el_before_av_one_full  avia-builder-el-first  \" style='border-radius:0px; '><div  class='avia-image-container  av-styling-    avia-builder-el-1  avia-builder-el-no-sibling  avia-align-center '  itemprop=\"image\" itemscope=\"itemscope\" itemtype=\"https:\/\/schema.org\/ImageObject\"  ><div class='avia-image-container-inner'><div class='avia-image-overlay-wrap'><img decoding=\"async\" class='wp-image-60660 avia-img-lazy-loading-not-60660 avia_image' src=\"https:\/\/radiorevelacionfm.cl\/wp-content\/uploads\/2025\/10\/diego-ramos-centro-rescate-huemul-pncc-ago2025_DSF8263-1-1.jpg\" alt='' title='diego-ramos-centro-rescate-huemul-pncc-ago2025_DSF8263 (1) (1)' height=\"600\" width=\"900\"  itemprop=\"thumbnailUrl\" srcset=\"https:\/\/radiorevelacionfm.cl\/wp-content\/uploads\/2025\/10\/diego-ramos-centro-rescate-huemul-pncc-ago2025_DSF8263-1-1.jpg 900w, https:\/\/radiorevelacionfm.cl\/wp-content\/uploads\/2025\/10\/diego-ramos-centro-rescate-huemul-pncc-ago2025_DSF8263-1-1-300x200.jpg 300w, https:\/\/radiorevelacionfm.cl\/wp-content\/uploads\/2025\/10\/diego-ramos-centro-rescate-huemul-pncc-ago2025_DSF8263-1-1-768x512.jpg 768w, https:\/\/radiorevelacionfm.cl\/wp-content\/uploads\/2025\/10\/diego-ramos-centro-rescate-huemul-pncc-ago2025_DSF8263-1-1-705x470.jpg 705w, https:\/\/radiorevelacionfm.cl\/wp-content\/uploads\/2025\/10\/diego-ramos-centro-rescate-huemul-pncc-ago2025_DSF8263-1-1-450x300.jpg 450w, https:\/\/radiorevelacionfm.cl\/wp-content\/uploads\/2025\/10\/diego-ramos-centro-rescate-huemul-pncc-ago2025_DSF8263-1-1-600x400.jpg 600w\" sizes=\"(max-width: 900px) 100vw, 900px\" \/><\/div><\/div><\/div><\/div><div class=\"flex_column av_one_full  flex_column_div av-zero-column-padding first  avia-builder-el-2  el_after_av_one_full  el_before_av_one_full  column-top-margin\" style='border-radius:0px; '><section class=\"av_textblock_section \"  itemscope=\"itemscope\" itemtype=\"https:\/\/schema.org\/BlogPosting\" itemprop=\"blogPost\" ><div class='avia_textblock  '   itemprop=\"text\" ><p style=\"text-align: center;\"><strong><span style=\"font-size: 18pt;\">Abren el primer Centro de Rescate y Rehabilitaci\u00f3n exclusivo para huemules en predio aleda\u00f1o al Parque Nacional Cerro Castillo<\/span><\/strong><\/p>\n<div id=\"gtx-trans\" style=\"position: absolute; left: -50px; top: 4.31534px;\">\n<div class=\"gtx-trans-icon\"><\/div>\n<\/div>\n<\/div><\/section><\/div><div class=\"flex_column av_one_full  flex_column_div av-zero-column-padding first  avia-builder-el-4  el_after_av_one_full  el_before_av_hr  column-top-margin\" style='border-radius:0px; '><section class=\"av_textblock_section \"  itemscope=\"itemscope\" itemtype=\"https:\/\/schema.org\/BlogPosting\" itemprop=\"blogPost\" ><div class='avia_textblock  '   itemprop=\"text\" ><ul>\n<li style=\"text-align: justify;\"><em>Concebido como un verdadero \u201chospital de huemules\u201d y dise\u00f1ado con los m\u00e1s altos est\u00e1ndares internacionales, esta iniciativa es la primera de su tipo en una zona estrat\u00e9gica para este ciervo austral.<\/em><\/li>\n<\/ul>\n<ul style=\"text-align: justify;\">\n<li style=\"text-align: justify;\"><em><em>Se ubica en un predio aleda\u00f1o al Parque Nacional Cerro Castillo, hogar de aproximadamente el 10% de los \u00faltimos huemules que sobreviven entre Chile y Argentina.<\/em><\/em><\/li>\n<li style=\"text-align: justify;\"><em>El centro viene a complementar todas las acciones que se realizan en el marco del Corredor del Huemul, iniciativa p\u00fablico-privada que busca restablecer los corredores biol\u00f3gicos para esta especie en peligro de extinci\u00f3n.<\/em><\/li>\n<\/ul>\n<p style=\"text-align: justify;\">En el sector de Las Horquetas, junto al Parque Nacional Cerro Castillo, se inaugur\u00f3 el primer Centro de Rescate y Rehabilitaci\u00f3n del Huemul, una iniciativa \u00fanica en el pa\u00eds por su enfoque colaborativo y multisectorial. El centro est\u00e1 dedicado exclusivamente a la recuperaci\u00f3n del ciervo m\u00e1s austral del mundo, especie en peligro de extinci\u00f3n de la que quedan apenas unos 1.500 individuos, distribuidos en poblaciones fragmentadas entre Chile y Argentina, lo que representa aproximadamente el 1% de su poblaci\u00f3n original.<\/p>\n<p style=\"text-align: justify;\">Este centro de rescate y rehabilitaci\u00f3n forma parte del \u201cCorredor del Huemul\u201d, una estrategia de conservaci\u00f3n a gran escala que busca conectar poblaciones y reforzar la recuperaci\u00f3n de esta especie a lo largo de los Andes, y que Fundaci\u00f3n Rewilding Chile junto al Ministerio de Agricultura, CONAF y el SAG impulsan desde 2023.<\/p>\n<p style=\"text-align: justify;\">El recinto est\u00e1 emplazado en un predio donde por varias d\u00e9cadas y hasta el a\u00f1o 2019 se desarroll\u00f3 la ganader\u00eda extensiva, y que luego fue adquirido por Rewilding Chile, para poder resguardar el h\u00e1bitat del huemul, y brindar conectividad para los grupos de la especie. En un acotado sector de 4,9 hect\u00e1reas, este verdadero \u201chospital del huemules\u201d cuenta con instalaciones para la mantenci\u00f3n y manejo de este ciervo. Incluye un m\u00f3dulo con espacio para el equipo de guardafaunas y un \u00e1rea para intervenciones m\u00e9dico veterinarias. Adem\u00e1s, cuenta con distintos recintos para el abordaje de las diferentes afecciones o patolog\u00edas que podr\u00edan presentar los huemules.<\/p>\n<p style=\"text-align: justify;\">Todo el per\u00edmetro de casi 1 kil\u00f3metro\u00a0 est\u00e1 protegido por un cerco electrificado en 2 niveles, uno en la parte baja y otro que alcanza los casi 5 metros de altura, dise\u00f1ado para evitar el ingreso de predadores y garantizar un entorno seguro para los huemules que se encuentren en rehabilitaci\u00f3n. El funcionamiento estar\u00e1 a cargo de personal t\u00e9cnico y profesional especializado de Fundaci\u00f3n Rewilding Chile junto a asesores y colaboradores, asegurando as\u00ed una gesti\u00f3n conjunta que combina experiencia t\u00e9cnica, conocimiento cient\u00edfico y resguardo de la fauna silvestre.<\/p>\n<p style=\"text-align: justify;\">\u201cEstamos contentos y orgullosos de inaugurar este centro, la primera infraestructura dedicada \u00edntegramente a la salud del huemul y que viene a fortalecer y complementar las diferentes acciones colaborativas entre nuestra Fundaci\u00f3n, el SAG y CONAF para la protecci\u00f3n de esta especie y la consolidaci\u00f3n del Corredor del Huemul. Adem\u00e1s, se emplaza en un \u00e1rea clave, donde existen condiciones ideales para la recuperaci\u00f3n de huemules\u201d, explica Cristi\u00e1n Saucedo, director de Vida Silvestre de Rewilding Chile.<\/p>\n<p style=\"text-align: justify;\">Los huemules en el Parque Nacional Cerro Castillo y en otras \u00e1reas donde a\u00fan se mantienen poblaciones, se ven frecuentemente afectados por cuatro amenazas principales: perros de libre deambular y asilvestrados que los persiguen y atacan, ganado dom\u00e9stico que les transmite enfermedades, veh\u00edculos que los atropellan y especies invasoras (jabal\u00ed y ciervo rojo) que compiten por el mismo h\u00e1bitat e incluso predan sobre \u00e9l. Algunas de las afecciones y enfermedades provocadas por estas amenazas podr\u00e1n ser atendidas hoy en este centro.<\/p>\n<p style=\"text-align: justify;\"><strong>Regi\u00f3n de Ays\u00e9n y Parque Nacional Cerro Castillo, un \u00e1rea clave<\/strong><\/p>\n<p style=\"text-align: justify;\">El centro de rehabilitaci\u00f3n emplazado en Las Horquetas en la regi\u00f3n de Ays\u00e9n surge como respuesta a una necesidad hist\u00f3rica: contar con un lugar especializado para recibir y tratar a huemules enfermos o heridos, brind\u00e1ndoles atenci\u00f3n m\u00e9dico-veterinaria, tratamientos\u00a0 para avanzar en su rehabilitaci\u00f3n y devolverlos a su h\u00e1bitat natural. Incluso podr\u00e1n ser derivados a este centro huemules que sean rescatados de otras regiones del pa\u00eds.<\/p>\n<p style=\"text-align: justify;\">Est\u00e1 emplazado en un \u00e1rea donde por m\u00e1s de 100 a\u00f1os se desarroll\u00f3 actividad ganadera, con el pastoreo de miles de cabezas de ganado ovino y bovino, sumado a la fragmentaci\u00f3n del h\u00e1bitat a trav\u00e9s de la instalaci\u00f3n de cercos y caminos, generaron una fuerte presi\u00f3n sobre la fauna silvestre, propiciando tambi\u00e9n la transmisi\u00f3n de agentes infecciosos desde el ganado al huemul, como el <em>Corynebacterium pseudotuberculosis<\/em>, agente causal de la Linfoadenitis Caseosa (LAC).<\/p>\n<p style=\"text-align: justify;\"><strong>Trabajo colaborativo e interinstitucional<\/strong><\/p>\n<p style=\"text-align: justify;\">Esta iniciativa est\u00e1 emplazada en un lugar y regi\u00f3n estrat\u00e9gica, la zona de Cerro Castillo en la regi\u00f3n de Ays\u00e9n. Es preciso se\u00f1alar que el Parque Nacional Cerro Castillo alberga a casi el 10% de la poblaci\u00f3n total de esta especie, un n\u00facleo importante con un m\u00ednimo estimado de 118 huemules de distintas edades. Pero, a pesar de ser un punto clave para la conservaci\u00f3n, los huemules de Cerro Castillo enfrentan graves amenazas, como atropellos en la Carretera Austral, que cruza 25 km. del parque nacional, p\u00e9rdida de h\u00e1bitat, ataques de perros, enfermedades como la LAC y la competencia y desplazamiento por animales ex\u00f3ticos como el ciervo rojo y el jabal\u00ed.<\/p>\n<p style=\"text-align: justify;\">De hecho las estad\u00edsticas indican que m\u00e1s de la mitad de las atenciones que han recibido los huemules de este parque nacional, son atribuibles a las principales amenazas que enfrenta la especie.<\/p>\n<p style=\"text-align: justify;\">De acuerdo a informaci\u00f3n compartida por el SAG al interior de la Comisi\u00f3n Intersectorial del Huemul referente a 143 capturas y\/o atenciones realizadas a huemules entre los a\u00f1os 2011 y 2022, en un 52,5% de los casos se abordaron cuadros cl\u00ednicos, ataques o mordeduras por perros, lesiones o la presentaci\u00f3n de abscesos. Es interesante notar que el 44% del esfuerzo de capturas y atenciones estuvo orientado a generar informaci\u00f3n sanitaria y de l\u00ednea base sobre la especie por parte del SAG.<\/p>\n<\/div><\/section><\/div><div  style='height:50px' class='hr hr-invisible   avia-builder-el-6  el_after_av_one_full  el_before_av_social_share '><span class='hr-inner ' ><span class='hr-inner-style'><\/span><\/span><\/div><\/p>\n<div  class='av-social-sharing-box  avia-builder-el-7  el_after_av_hr  el_before_av_hr  '><div class='av-share-box'><h5 class='av-share-link-description av-no-toc '>Compartir esta noticia<\/h5><ul class='av-share-box-list noLightbox'><li class='av-share-link av-social-link-facebook' ><a target=\"_blank\" aria-label=\"Compartir en Facebook\" href='https:\/\/www.facebook.com\/sharer.php?u=https:\/\/radiorevelacionfm.cl\/?p=60659&#038;t=Abren%20el%20primer%20Centro%20de%20Rescate%20y%20Rehabilitaci%C3%B3n%20exclusivo%20para%20huemules%20en%20predio%20aleda%C3%B1o%20al%20Parque%20Nacional%20Cerro%20Castillo' aria-hidden='false' data-av_icon='\ue8f3' data-av_iconfont='entypo-fontello' title='' data-avia-related-tooltip='Compartir en Facebook' rel=\"noopener\"><span class='avia_hidden_link_text'>Compartir en Facebook<\/span><\/a><\/li><li class='av-share-link av-social-link-twitter' ><a target=\"_blank\" aria-label=\"Compartir en Twitter\" href='https:\/\/twitter.com\/share?text=Abren%20el%20primer%20Centro%20de%20Rescate%20y%20Rehabilitaci%C3%B3n%20exclusivo%20para%20huemules%20en%20predio%20aleda%C3%B1o%20al%20Parque%20Nacional%20Cerro%20Castillo&#038;url=https:\/\/radiorevelacionfm.cl\/?p=60659' aria-hidden='false' data-av_icon='\ue8f1' data-av_iconfont='entypo-fontello' title='' data-avia-related-tooltip='Compartir en Twitter' rel=\"noopener\"><span class='avia_hidden_link_text'>Compartir en Twitter<\/span><\/a><\/li><li class='av-share-link av-social-link-whatsapp' ><a target=\"_blank\" aria-label=\"Compartir en Whatsapp\" href='https:\/\/api.whatsapp.com\/send?text=https:\/\/radiorevelacionfm.cl\/?p=60659' aria-hidden='false' data-av_icon='\uf232' data-av_iconfont='entypo-fontello' title='' data-avia-related-tooltip='Compartir en Whatsapp' rel=\"noopener\"><span class='avia_hidden_link_text'>Compartir en Whatsapp<\/span><\/a><\/li><li class='av-share-link av-social-link-linkedin' ><a target=\"_blank\" aria-label=\"Compartir en LinkedIn\" href='https:\/\/linkedin.com\/shareArticle?mini=true&#038;title=Abren%20el%20primer%20Centro%20de%20Rescate%20y%20Rehabilitaci%C3%B3n%20exclusivo%20para%20huemules%20en%20predio%20aleda%C3%B1o%20al%20Parque%20Nacional%20Cerro%20Castillo&#038;url=https:\/\/radiorevelacionfm.cl\/?p=60659' aria-hidden='false' data-av_icon='\ue8fc' data-av_iconfont='entypo-fontello' title='' data-avia-related-tooltip='Compartir en LinkedIn' rel=\"noopener\"><span class='avia_hidden_link_text'>Compartir en LinkedIn<\/span><\/a><\/li><li class='av-share-link av-social-link-mail' ><a  aria-label=\"Compartir por correo\" href='mailto:?subject=Abren%20el%20primer%20Centro%20de%20Rescate%20y%20Rehabilitaci%C3%B3n%20exclusivo%20para%20huemules%20en%20predio%20aleda%C3%B1o%20al%20Parque%20Nacional%20Cerro%20Castillo&#038;body=https:\/\/radiorevelacionfm.cl\/?p=60659' aria-hidden='false' data-av_icon='\ue805' data-av_iconfont='entypo-fontello' title='' data-avia-related-tooltip='Compartir por correo'><span class='avia_hidden_link_text'>Compartir por correo<\/span><\/a><\/li><\/ul><\/div><\/div>\n<div  style='height:50px' class='hr hr-invisible   avia-builder-el-8  el_after_av_social_share  el_before_av_comments_list '><span class='hr-inner ' ><span class='hr-inner-style'><\/span><\/span><\/div>\n<div  class='av-buildercomment  av-blog-meta-html-info-disabled av-blog-meta-tag-disabled  '><\/div>\n","protected":false},"excerpt":{"rendered":"","protected":false},"author":1,"featured_media":60660,"comment_status":"closed","ping_status":"closed","sticky":false,"template":"","format":"standard","meta":{"footnotes":""},"categories":[38],"tags":[],"class_list":["post-60659","post","type-post","status-publish","format-standard","has-post-thumbnail","hentry","category-regional"],"jetpack_featured_media_url":"https:\/\/radiorevelacionfm.cl\/wp-content\/uploads\/2025\/10\/diego-ramos-centro-rescate-huemul-pncc-ago2025_DSF8263-1-1.jpg","_links":{"self":[{"href":"https:\/\/radiorevelacionfm.cl\/index.php?rest_route=\/wp\/v2\/posts\/60659","targetHints":{"allow":["GET"]}}],"collection":[{"href":"https:\/\/radiorevelacionfm.cl\/index.php?rest_route=\/wp\/v2\/posts"}],"about":[{"href":"https:\/\/radiorevelacionfm.cl\/index.php?rest_route=\/wp\/v2\/types\/post"}],"author":[{"embeddable":true,"href":"https:\/\/radiorevelacionfm.cl\/index.php?rest_route=\/wp\/v2\/users\/1"}],"replies":[{"embeddable":true,"href":"https:\/\/radiorevelacionfm.cl\/index.php?rest_route=%2Fwp%2Fv2%2Fcomments&post=60659"}],"version-history":[{"count":3,"href":"https:\/\/radiorevelacionfm.cl\/index.php?rest_route=\/wp\/v2\/posts\/60659\/revisions"}],"predecessor-version":[{"id":60671,"href":"https:\/\/radiorevelacionfm.cl\/index.php?rest_route=\/wp\/v2\/posts\/60659\/revisions\/60671"}],"wp:featuredmedia":[{"embeddable":true,"href":"https:\/\/radiorevelacionfm.cl\/index.php?rest_route=\/wp\/v2\/media\/60660"}],"wp:attachment":[{"href":"https:\/\/radiorevelacionfm.cl\/index.php?rest_route=%2Fwp%2Fv2%2Fmedia&parent=60659"}],"wp:term":[{"taxonomy":"category","embeddable":true,"href":"https:\/\/radiorevelacionfm.cl\/index.php?rest_route=%2Fwp%2Fv2%2Fcategories&post=60659"},{"taxonomy":"post_tag","embeddable":true,"href":"https:\/\/radiorevelacionfm.cl\/index.php?rest_route=%2Fwp%2Fv2%2Ftags&post=60659"}],"curies":[{"name":"wp","href":"https:\/\/api.w.org\/{rel}","templated":true}]}}