{"id":60656,"date":"2025-10-23T15:02:13","date_gmt":"2025-10-23T18:02:13","guid":{"rendered":"https:\/\/radiorevelacionfm.cl\/?p=60656"},"modified":"2025-10-23T15:02:13","modified_gmt":"2025-10-23T18:02:13","slug":"socias-de-la-feria-libre-errazuriz-de-coyhaique-se-capacitan-en-contabilidad-basica-para-potenciar-sus-emprendimientos","status":"publish","type":"post","link":"https:\/\/radiorevelacionfm.cl\/?p=60656","title":{"rendered":"Socias de la Feria Libre Err\u00e1zuriz de Coyhaique se capacitan en Contabilidad B\u00e1sica para potenciar sus Emprendimientos"},"content":{"rendered":"<div class=\"flex_column av_one_full  flex_column_div av-zero-column-padding first  avia-builder-el-0  el_before_av_one_full  avia-builder-el-first  \" style='border-radius:0px; '><div  class='avia-image-container  av-styling-    avia-builder-el-1  avia-builder-el-no-sibling  avia-align-center '  itemprop=\"image\" itemscope=\"itemscope\" itemtype=\"https:\/\/schema.org\/ImageObject\"  ><div class='avia-image-container-inner'><div class='avia-image-overlay-wrap'><img decoding=\"async\" class='wp-image-60657 avia-img-lazy-loading-not-60657 avia_image' src=\"https:\/\/radiorevelacionfm.cl\/wp-content\/uploads\/2025\/10\/ffoip_feria-errazuriz-2_optimized.jpeg\" alt='' title='ffoip_feria-errazuriz-(2)_optimized' height=\"600\" width=\"935\"  itemprop=\"thumbnailUrl\" srcset=\"https:\/\/radiorevelacionfm.cl\/wp-content\/uploads\/2025\/10\/ffoip_feria-errazuriz-2_optimized.jpeg 935w, https:\/\/radiorevelacionfm.cl\/wp-content\/uploads\/2025\/10\/ffoip_feria-errazuriz-2_optimized-300x193.jpeg 300w, https:\/\/radiorevelacionfm.cl\/wp-content\/uploads\/2025\/10\/ffoip_feria-errazuriz-2_optimized-768x493.jpeg 768w, https:\/\/radiorevelacionfm.cl\/wp-content\/uploads\/2025\/10\/ffoip_feria-errazuriz-2_optimized-705x452.jpeg 705w, https:\/\/radiorevelacionfm.cl\/wp-content\/uploads\/2025\/10\/ffoip_feria-errazuriz-2_optimized-450x289.jpeg 450w, https:\/\/radiorevelacionfm.cl\/wp-content\/uploads\/2025\/10\/ffoip_feria-errazuriz-2_optimized-600x385.jpeg 600w\" sizes=\"(max-width: 935px) 100vw, 935px\" \/><\/div><\/div><\/div><\/div><div class=\"flex_column av_one_full  flex_column_div av-zero-column-padding first  avia-builder-el-2  el_after_av_one_full  el_before_av_one_full  column-top-margin\" style='border-radius:0px; '><section class=\"av_textblock_section \"  itemscope=\"itemscope\" itemtype=\"https:\/\/schema.org\/BlogPosting\" itemprop=\"blogPost\" ><div class='avia_textblock  '   itemprop=\"text\" ><p style=\"text-align: center;\"><strong><span style=\"font-size: 18pt;\">Socias de la Feria Libre Err\u00e1zuriz de Coyhaique se capacitan en Contabilidad B\u00e1sica para potenciar sus Emprendimientos<\/span><\/strong><\/p>\n<div id=\"gtx-trans\" style=\"position: absolute; left: -50px; top: 4.31534px;\">\n<div class=\"gtx-trans-icon\"><\/div>\n<\/div>\n<\/div><\/section><\/div><div class=\"flex_column av_one_full  flex_column_div av-zero-column-padding first  avia-builder-el-4  el_after_av_one_full  el_before_av_hr  column-top-margin\" style='border-radius:0px; '><section class=\"av_textblock_section \"  itemscope=\"itemscope\" itemtype=\"https:\/\/schema.org\/BlogPosting\" itemprop=\"blogPost\" ><div class='avia_textblock  '   itemprop=\"text\" ><p style=\"text-align: justify;\"><em>Gracias a un taller gratuito financiado por el Fondo de Fortalecimiento de Organizaciones de Inter\u00e9s P\u00fablico (FFOIP), las emprendedoras fortalecen sus habilidades de gesti\u00f3n financiera para mejorar la rentabilidad de sus negocios y fomentar el desarrollo local.<\/em><\/p>\n<p style=\"text-align: justify;\">Un grupo de 15 socias de la tradicional Feria Libre Err\u00e1zuriz de Coyhaique, est\u00e1 pr\u00f3xima a culminar un taller de Contabilidad B\u00e1sica, iniciativa que busca fortalecer sus capacidades de gesti\u00f3n y profesionalizar sus emprendimientos.<\/p>\n<p style=\"text-align: justify;\">\u201cEste proyecto, adjudicado en la comuna de Coyhaique, por nuestro Fondo de Fortalecimiento de Organizaciones de Inter\u00e9s P\u00fablico (FFOIP), tiene como objetivo la realizaci\u00f3n de un curso de contabilidad b\u00e1sica para capacitar a socias de la Feria Libre Err\u00e1zuriz. \u00a0Esta iniciativa surge como respuesta a los nuevos requerimientos establecidos por la Ley de Ferias Libres, que exige la formalizaci\u00f3n ante el Servicio de Impuestos Internos (SII) de las personas que ejercen actividades comerciales en este tipo de espacios\u201d, indic\u00f3 la Seremi de Gobierno, \u00darsula Mix.<\/p>\n<p style=\"text-align: justify;\">La vocera de Gobierno agreg\u00f3: \u201cEsto nos tiene muy contentos como Gobierno, ya que mujeres organizadas con este taller, est\u00e1n accediendo a conocimientos necesarios para el desarrollo de su fuente laboral. De esta forma, tambi\u00e9n estamos incentivando la formalizaci\u00f3n de sus emprendimientos y colaborando para que puedan desarrollar mayor autonom\u00eda econ\u00f3mica para ellas y sus familias\u201d.<\/p>\n<p style=\"text-align: justify;\">La capacitaci\u00f3n, realizada por un Contador Auditor, les entreg\u00f3 herramientas esenciales para manejar de mejor forma las finanzas de sus negocios. El taller, abord\u00f3 temas clave como: la iniciaci\u00f3n de actividades ante el SII, emisi\u00f3n de boletas y facturas electr\u00f3nicas desde aplicaciones m\u00f3viles, y nociones b\u00e1sicas de registro y orden de ingresos y egresos.<\/p>\n<p style=\"text-align: justify;\">Por su parte, Yanina Alarc\u00f3n, presidenta de la Feria Err\u00e1zuriz de Coyhaique, expres\u00f3: \u201cPostulamos a este proyecto porque ahora con la nueva ley de impuestos, las ferias libres se tienen que inscribir en Impuestos Internos, entonces ten\u00edamos que sacar nuestros costos, para no cobrarle de m\u00e1s ni menos a la gente. Damos las gracias al Gobierno por darnos esta oportunidad, mis socias quedaron s\u00faper contentas\u00bb.<\/p>\n<p style=\"text-align: justify;\">Las 15 beneficiarias directas del proyecto son mujeres que actualmente se encuentran entre el 40% y el 60% de mayor vulnerabilidad del Registro Social de Hogares (RSH), lo cual implica una situaci\u00f3n de riesgo socioecon\u00f3mico que limita su acceso a formaci\u00f3n t\u00e9cnica, herramientas digitales y redes de apoyo para la formalizaci\u00f3n laboral. Seg\u00fan datos del Ministerio de Desarrollo Social y Familia, las personas dentro de este rango del RSH presentan mayores dificultades para acceder a empleos formales, servicios financieros y capacitaciones que promuevan la autonom\u00eda econ\u00f3mica y la inclusi\u00f3n productiva (Ministerio de Desarrollo Social y Familia, 2023).<\/p>\n<p style=\"text-align: justify;\">Seg\u00fan el informe de \u00abCaracterizaci\u00f3n de las Ferias Libres de Chile\u00bb (ODEPA, 2021), m\u00e1s del 70% de las y los feriantes en el pa\u00eds no cuenta con iniciaci\u00f3n de actividades ante el SII, y una proporci\u00f3n importante son mujeres que administran sus negocios sin conocimientos contables b\u00e1sicos. En el caso de Coyhaique, esta situaci\u00f3n se ve agravada por las dificultades de acceso a educaci\u00f3n financiera y la escasa oferta de capacitaciones especializadas en territorios alejados de los centros urbanos.<\/p>\n<p style=\"text-align: justify;\">Por estas razones, se hac\u00eda urgente para la organizaci\u00f3n implementar un curso de contabilidad b\u00e1sica con enfoque pr\u00e1ctico y territorial, que permita a las mujeres adquirir competencias reales para adaptarse al nuevo contexto legal y mejorar la administraci\u00f3n de sus actividades comerciales, favoreciendo su inclusi\u00f3n econ\u00f3mica y social.<\/p>\n<p style=\"text-align: justify;\">El cierre del Curso se realizar\u00e1 este s\u00e1bado 25 de octubre en dependencias de la sede de la Junta de Vecinos El Mirador, en el sector alto de Coyhaique. All\u00ed cada participante iniciar\u00e1 su tr\u00e1mite de formalizaci\u00f3n ante el Servicio de Impuestos Internos (SII) con acompa\u00f1amiento del relator y, posteriormente, se realizar\u00e1 la ceremonia de cierre y certificaci\u00f3n de esta capacitaci\u00f3n.<\/p>\n<\/div><\/section><\/div><div  style='height:50px' class='hr hr-invisible   avia-builder-el-6  el_after_av_one_full  el_before_av_social_share '><span class='hr-inner ' ><span class='hr-inner-style'><\/span><\/span><\/div><\/p>\n<div  class='av-social-sharing-box  avia-builder-el-7  el_after_av_hr  el_before_av_hr  '><div class='av-share-box'><h5 class='av-share-link-description av-no-toc '>Compartir esta noticia<\/h5><ul class='av-share-box-list noLightbox'><li class='av-share-link av-social-link-facebook' ><a target=\"_blank\" aria-label=\"Compartir en Facebook\" href='https:\/\/www.facebook.com\/sharer.php?u=https:\/\/radiorevelacionfm.cl\/?p=60656&#038;t=Socias%20de%20la%20Feria%20Libre%20Err%C3%A1zuriz%20de%20Coyhaique%20se%20capacitan%20en%20Contabilidad%20B%C3%A1sica%20para%20potenciar%20sus%20Emprendimientos' aria-hidden='false' data-av_icon='\ue8f3' data-av_iconfont='entypo-fontello' title='' data-avia-related-tooltip='Compartir en Facebook' rel=\"noopener\"><span class='avia_hidden_link_text'>Compartir en Facebook<\/span><\/a><\/li><li class='av-share-link av-social-link-twitter' ><a target=\"_blank\" aria-label=\"Compartir en Twitter\" href='https:\/\/twitter.com\/share?text=Socias%20de%20la%20Feria%20Libre%20Err%C3%A1zuriz%20de%20Coyhaique%20se%20capacitan%20en%20Contabilidad%20B%C3%A1sica%20para%20potenciar%20sus%20Emprendimientos&#038;url=https:\/\/radiorevelacionfm.cl\/?p=60656' aria-hidden='false' data-av_icon='\ue8f1' data-av_iconfont='entypo-fontello' title='' data-avia-related-tooltip='Compartir en Twitter' rel=\"noopener\"><span class='avia_hidden_link_text'>Compartir en Twitter<\/span><\/a><\/li><li class='av-share-link av-social-link-whatsapp' ><a target=\"_blank\" aria-label=\"Compartir en Whatsapp\" href='https:\/\/api.whatsapp.com\/send?text=https:\/\/radiorevelacionfm.cl\/?p=60656' aria-hidden='false' data-av_icon='\uf232' data-av_iconfont='entypo-fontello' title='' data-avia-related-tooltip='Compartir en Whatsapp' rel=\"noopener\"><span class='avia_hidden_link_text'>Compartir en Whatsapp<\/span><\/a><\/li><li class='av-share-link av-social-link-linkedin' ><a target=\"_blank\" aria-label=\"Compartir en LinkedIn\" href='https:\/\/linkedin.com\/shareArticle?mini=true&#038;title=Socias%20de%20la%20Feria%20Libre%20Err%C3%A1zuriz%20de%20Coyhaique%20se%20capacitan%20en%20Contabilidad%20B%C3%A1sica%20para%20potenciar%20sus%20Emprendimientos&#038;url=https:\/\/radiorevelacionfm.cl\/?p=60656' aria-hidden='false' data-av_icon='\ue8fc' data-av_iconfont='entypo-fontello' title='' data-avia-related-tooltip='Compartir en LinkedIn' rel=\"noopener\"><span class='avia_hidden_link_text'>Compartir en LinkedIn<\/span><\/a><\/li><li class='av-share-link av-social-link-mail' ><a  aria-label=\"Compartir por correo\" href='mailto:?subject=Socias%20de%20la%20Feria%20Libre%20Err%C3%A1zuriz%20de%20Coyhaique%20se%20capacitan%20en%20Contabilidad%20B%C3%A1sica%20para%20potenciar%20sus%20Emprendimientos&#038;body=https:\/\/radiorevelacionfm.cl\/?p=60656' aria-hidden='false' data-av_icon='\ue805' data-av_iconfont='entypo-fontello' title='' data-avia-related-tooltip='Compartir por correo'><span class='avia_hidden_link_text'>Compartir por correo<\/span><\/a><\/li><\/ul><\/div><\/div>\n<div  style='height:50px' class='hr hr-invisible   avia-builder-el-8  el_after_av_social_share  el_before_av_comments_list '><span class='hr-inner ' ><span class='hr-inner-style'><\/span><\/span><\/div>\n<div  class='av-buildercomment  av-blog-meta-html-info-disabled av-blog-meta-tag-disabled  '><\/div>\n","protected":false},"excerpt":{"rendered":"","protected":false},"author":1,"featured_media":60657,"comment_status":"closed","ping_status":"closed","sticky":false,"template":"","format":"standard","meta":{"footnotes":""},"categories":[38],"tags":[],"class_list":["post-60656","post","type-post","status-publish","format-standard","has-post-thumbnail","hentry","category-regional"],"jetpack_featured_media_url":"https:\/\/radiorevelacionfm.cl\/wp-content\/uploads\/2025\/10\/ffoip_feria-errazuriz-2_optimized.jpeg","_links":{"self":[{"href":"https:\/\/radiorevelacionfm.cl\/index.php?rest_route=\/wp\/v2\/posts\/60656","targetHints":{"allow":["GET"]}}],"collection":[{"href":"https:\/\/radiorevelacionfm.cl\/index.php?rest_route=\/wp\/v2\/posts"}],"about":[{"href":"https:\/\/radiorevelacionfm.cl\/index.php?rest_route=\/wp\/v2\/types\/post"}],"author":[{"embeddable":true,"href":"https:\/\/radiorevelacionfm.cl\/index.php?rest_route=\/wp\/v2\/users\/1"}],"replies":[{"embeddable":true,"href":"https:\/\/radiorevelacionfm.cl\/index.php?rest_route=%2Fwp%2Fv2%2Fcomments&post=60656"}],"version-history":[{"count":2,"href":"https:\/\/radiorevelacionfm.cl\/index.php?rest_route=\/wp\/v2\/posts\/60656\/revisions"}],"predecessor-version":[{"id":60701,"href":"https:\/\/radiorevelacionfm.cl\/index.php?rest_route=\/wp\/v2\/posts\/60656\/revisions\/60701"}],"wp:featuredmedia":[{"embeddable":true,"href":"https:\/\/radiorevelacionfm.cl\/index.php?rest_route=\/wp\/v2\/media\/60657"}],"wp:attachment":[{"href":"https:\/\/radiorevelacionfm.cl\/index.php?rest_route=%2Fwp%2Fv2%2Fmedia&parent=60656"}],"wp:term":[{"taxonomy":"category","embeddable":true,"href":"https:\/\/radiorevelacionfm.cl\/index.php?rest_route=%2Fwp%2Fv2%2Fcategories&post=60656"},{"taxonomy":"post_tag","embeddable":true,"href":"https:\/\/radiorevelacionfm.cl\/index.php?rest_route=%2Fwp%2Fv2%2Ftags&post=60656"}],"curies":[{"name":"wp","href":"https:\/\/api.w.org\/{rel}","templated":true}]}}