{"id":60653,"date":"2025-10-22T20:07:11","date_gmt":"2025-10-22T23:07:11","guid":{"rendered":"https:\/\/radiorevelacionfm.cl\/?p=60653"},"modified":"2025-10-22T20:07:11","modified_gmt":"2025-10-22T23:07:11","slug":"crece-apoyo-a-servicios-afectados-por-los-recortes-en-todo-el-pais-anef-aysen-se-moviliza","status":"publish","type":"post","link":"https:\/\/radiorevelacionfm.cl\/?p=60653","title":{"rendered":"Crece apoyo a Servicios afectados por los recortes en todo el pa\u00eds: ANEF Ays\u00e9n se moviliza"},"content":{"rendered":"<div class=\"flex_column av_one_full  flex_column_div av-zero-column-padding first  avia-builder-el-0  el_before_av_one_full  avia-builder-el-first  \" style='border-radius:0px; '><div  class='avia-image-container  av-styling-    avia-builder-el-1  avia-builder-el-no-sibling  avia-align-center '  itemprop=\"image\" itemscope=\"itemscope\" itemtype=\"https:\/\/schema.org\/ImageObject\"  ><div class='avia-image-container-inner'><div class='avia-image-overlay-wrap'><img decoding=\"async\" class='wp-image-60654 avia-img-lazy-loading-not-60654 avia_image' src=\"https:\/\/radiorevelacionfm.cl\/wp-content\/uploads\/2025\/10\/foto-1-2025-10-22t182243_optimized.812-1.jpg\" alt='' title='foto-1 - -2025-10-22t182243_optimized.812-(1)' height=\"645\" width=\"803\"  itemprop=\"thumbnailUrl\" srcset=\"https:\/\/radiorevelacionfm.cl\/wp-content\/uploads\/2025\/10\/foto-1-2025-10-22t182243_optimized.812-1.jpg 803w, https:\/\/radiorevelacionfm.cl\/wp-content\/uploads\/2025\/10\/foto-1-2025-10-22t182243_optimized.812-1-300x241.jpg 300w, https:\/\/radiorevelacionfm.cl\/wp-content\/uploads\/2025\/10\/foto-1-2025-10-22t182243_optimized.812-1-768x617.jpg 768w, https:\/\/radiorevelacionfm.cl\/wp-content\/uploads\/2025\/10\/foto-1-2025-10-22t182243_optimized.812-1-705x566.jpg 705w, https:\/\/radiorevelacionfm.cl\/wp-content\/uploads\/2025\/10\/foto-1-2025-10-22t182243_optimized.812-1-450x361.jpg 450w, https:\/\/radiorevelacionfm.cl\/wp-content\/uploads\/2025\/10\/foto-1-2025-10-22t182243_optimized.812-1-600x482.jpg 600w\" sizes=\"(max-width: 803px) 100vw, 803px\" \/><\/div><\/div><\/div><\/div><div class=\"flex_column av_one_full  flex_column_div av-zero-column-padding first  avia-builder-el-2  el_after_av_one_full  el_before_av_one_full  column-top-margin\" style='border-radius:0px; '><section class=\"av_textblock_section \"  itemscope=\"itemscope\" itemtype=\"https:\/\/schema.org\/BlogPosting\" itemprop=\"blogPost\" ><div class='avia_textblock  '   itemprop=\"text\" ><p style=\"text-align: center;\"><strong><span style=\"font-size: 18pt;\">Crece apoyo a Servicios afectados por los recortes en todo el pa\u00eds: ANEF Ays\u00e9n se moviliza<\/span><\/strong><\/p>\n<div id=\"gtx-trans\" style=\"position: absolute; left: -50px; top: 4.31534px;\">\n<div class=\"gtx-trans-icon\"><\/div>\n<\/div>\n<\/div><\/section><\/div><div class=\"flex_column av_one_full  flex_column_div av-zero-column-padding first  avia-builder-el-4  el_after_av_one_full  el_before_av_hr  column-top-margin\" style='border-radius:0px; '><section class=\"av_textblock_section \"  itemscope=\"itemscope\" itemtype=\"https:\/\/schema.org\/BlogPosting\" itemprop=\"blogPost\" ><div class='avia_textblock  '   itemprop=\"text\" ><p style=\"text-align: justify;\">Durante la ma\u00f1ana de este mi\u00e9rcoles 22 de octubre la dirigencia de ANEF en la sure\u00f1a ciudad de Ays\u00e9n acudi\u00f3 en apoyo a los funcionarios y funcionarias movilizados en contra de los recortes presupuestarios para el periodo 2026, presentados por el actual gobierno al Parlamento.<\/p>\n<p style=\"text-align: justify;\">El apoyo se hizo durante la movilizaci\u00f3n realizada por trabajadores y trabajadoras p\u00fablicos del FOSIS, en la actividad de protesta la dirigenta Fabiola Fuentes, dirigenta de la Asociaci\u00f3n de funcionarios a nivel regional indic\u00f3 a un medio local que \u201cEstamos pasando por un momento dif\u00edcil, quer\u00edamos dirigirnos a la comunidad porque estamos con un recorte presupuestario para el a\u00f1o 2026. Nos cerraron todos los programas sociales que llegaban a las personas m\u00e1s vulnerables y estamos haciendo un llamado a los parlamentarios para que puedan responder los correos electr\u00f3nicos que hemos enviado\u201d.<\/p>\n<p style=\"text-align: justify;\">La dirigenta resalt\u00f3 que esperan reunirse con los parlamentarios y que estos puedan, una vez les llegue el presupuesto, rechazarlo y se reintegre, considerando el impacto que tiene para la comunidad el cierre de estos importantes programas sociales. Adem\u00e1s, agreg\u00f3 que tambi\u00e9n son golpeados como funcionarios puesto que la medida \u201cva en decadencia de todo este \u00faltimo periodo, nos han quitado presupuesto de emprendimiento, del \u00e1rea social y estamos teniendo menos recursos para llegar a los m\u00e1s vulnerables\u201d.<\/p>\n<p style=\"text-align: justify;\">En la movilizaci\u00f3n, la presidenta regional de ANEF, Yessica Almonacid, resalt\u00f3 que \u201chace bastante tiempo nosotros venimos denunciado estos recortes, el a\u00f1o pasado, a final del 2024 comenzaron esto recortes, pero hoy d\u00eda se ha agudizado\u201d. Insisti\u00f3 en la molestia que tiene con las decisiones que est\u00e1 tomando el gobierno, que dijo que se iba a abocar a la poblaci\u00f3n m\u00e1s sensible y vulnerable y hoy hace estos recortes en el FOSIS.<\/p>\n<p style=\"text-align: justify;\">Almonacid, se refiri\u00f3 al tipo de programas que se le est\u00e1n recortando los recursos, \u201cEstos programas que ayudan a los adultos mayores, a la poblaci\u00f3n que m\u00e1s necesita y sobre todo en este territorio, que tambi\u00e9n estamos con la noticia del cierre de la oficina del INJUV, que atiende a muchas juventudes, que como saben en esto largos periodos de invierno, sufren de depresi\u00f3n y se les atiende con estos psic\u00f3logos y programas de apoyo en la regi\u00f3n de Ays\u00e9n\u201d.<\/p>\n<p style=\"text-align: justify;\">La l\u00edder regional, concluy\u00f3 indicando que \u201cNosotros pensamos, creemos que se est\u00e1 desmantelando la pol\u00edtica social del pa\u00eds y lo est\u00e1 haciendo un gobierno que se dijo iba a estar con los m\u00e1s necesitados\u201d. Indic\u00f3 que no saben si estos recortes se ampliar\u00e1n a programas del ministerio de Desarrollo Social como SENAMA, el programa del adulto mayor. Alert\u00f3 sobre la gravedad de la situaci\u00f3n y el impacto en los y las usuarias de la regi\u00f3n.<\/p>\n<\/div><\/section><\/div><div  style='height:50px' class='hr hr-invisible   avia-builder-el-6  el_after_av_one_full  el_before_av_social_share '><span class='hr-inner ' ><span class='hr-inner-style'><\/span><\/span><\/div><\/p>\n<div  class='av-social-sharing-box  avia-builder-el-7  el_after_av_hr  el_before_av_hr  '><div class='av-share-box'><h5 class='av-share-link-description av-no-toc '>Compartir esta noticia<\/h5><ul class='av-share-box-list noLightbox'><li class='av-share-link av-social-link-facebook' ><a target=\"_blank\" aria-label=\"Compartir en Facebook\" href='https:\/\/www.facebook.com\/sharer.php?u=https:\/\/radiorevelacionfm.cl\/?p=60653&#038;t=Crece%20apoyo%20a%20Servicios%20afectados%20por%20los%20recortes%20en%20todo%20el%20pa%C3%ADs%3A%20ANEF%20Ays%C3%A9n%20se%20moviliza' aria-hidden='false' data-av_icon='\ue8f3' data-av_iconfont='entypo-fontello' title='' data-avia-related-tooltip='Compartir en Facebook' rel=\"noopener\"><span class='avia_hidden_link_text'>Compartir en Facebook<\/span><\/a><\/li><li class='av-share-link av-social-link-twitter' ><a target=\"_blank\" aria-label=\"Compartir en Twitter\" href='https:\/\/twitter.com\/share?text=Crece%20apoyo%20a%20Servicios%20afectados%20por%20los%20recortes%20en%20todo%20el%20pa%C3%ADs%3A%20ANEF%20Ays%C3%A9n%20se%20moviliza&#038;url=https:\/\/radiorevelacionfm.cl\/?p=60653' aria-hidden='false' data-av_icon='\ue8f1' data-av_iconfont='entypo-fontello' title='' data-avia-related-tooltip='Compartir en Twitter' rel=\"noopener\"><span class='avia_hidden_link_text'>Compartir en Twitter<\/span><\/a><\/li><li class='av-share-link av-social-link-whatsapp' ><a target=\"_blank\" aria-label=\"Compartir en Whatsapp\" href='https:\/\/api.whatsapp.com\/send?text=https:\/\/radiorevelacionfm.cl\/?p=60653' aria-hidden='false' data-av_icon='\uf232' data-av_iconfont='entypo-fontello' title='' data-avia-related-tooltip='Compartir en Whatsapp' rel=\"noopener\"><span class='avia_hidden_link_text'>Compartir en Whatsapp<\/span><\/a><\/li><li class='av-share-link av-social-link-linkedin' ><a target=\"_blank\" aria-label=\"Compartir en LinkedIn\" href='https:\/\/linkedin.com\/shareArticle?mini=true&#038;title=Crece%20apoyo%20a%20Servicios%20afectados%20por%20los%20recortes%20en%20todo%20el%20pa%C3%ADs%3A%20ANEF%20Ays%C3%A9n%20se%20moviliza&#038;url=https:\/\/radiorevelacionfm.cl\/?p=60653' aria-hidden='false' data-av_icon='\ue8fc' data-av_iconfont='entypo-fontello' title='' data-avia-related-tooltip='Compartir en LinkedIn' rel=\"noopener\"><span class='avia_hidden_link_text'>Compartir en LinkedIn<\/span><\/a><\/li><li class='av-share-link av-social-link-mail' ><a  aria-label=\"Compartir por correo\" href='mailto:?subject=Crece%20apoyo%20a%20Servicios%20afectados%20por%20los%20recortes%20en%20todo%20el%20pa%C3%ADs%3A%20ANEF%20Ays%C3%A9n%20se%20moviliza&#038;body=https:\/\/radiorevelacionfm.cl\/?p=60653' aria-hidden='false' data-av_icon='\ue805' data-av_iconfont='entypo-fontello' title='' data-avia-related-tooltip='Compartir por correo'><span class='avia_hidden_link_text'>Compartir por correo<\/span><\/a><\/li><\/ul><\/div><\/div>\n<div  style='height:50px' class='hr hr-invisible   avia-builder-el-8  el_after_av_social_share  el_before_av_comments_list '><span class='hr-inner ' ><span class='hr-inner-style'><\/span><\/span><\/div>\n<div  class='av-buildercomment  av-blog-meta-html-info-disabled av-blog-meta-tag-disabled  '><\/div>\n","protected":false},"excerpt":{"rendered":"","protected":false},"author":1,"featured_media":60654,"comment_status":"closed","ping_status":"closed","sticky":false,"template":"","format":"standard","meta":{"footnotes":""},"categories":[38],"tags":[],"class_list":["post-60653","post","type-post","status-publish","format-standard","has-post-thumbnail","hentry","category-regional"],"jetpack_featured_media_url":"https:\/\/radiorevelacionfm.cl\/wp-content\/uploads\/2025\/10\/foto-1-2025-10-22t182243_optimized.812-1.jpg","_links":{"self":[{"href":"https:\/\/radiorevelacionfm.cl\/index.php?rest_route=\/wp\/v2\/posts\/60653","targetHints":{"allow":["GET"]}}],"collection":[{"href":"https:\/\/radiorevelacionfm.cl\/index.php?rest_route=\/wp\/v2\/posts"}],"about":[{"href":"https:\/\/radiorevelacionfm.cl\/index.php?rest_route=\/wp\/v2\/types\/post"}],"author":[{"embeddable":true,"href":"https:\/\/radiorevelacionfm.cl\/index.php?rest_route=\/wp\/v2\/users\/1"}],"replies":[{"embeddable":true,"href":"https:\/\/radiorevelacionfm.cl\/index.php?rest_route=%2Fwp%2Fv2%2Fcomments&post=60653"}],"version-history":[{"count":2,"href":"https:\/\/radiorevelacionfm.cl\/index.php?rest_route=\/wp\/v2\/posts\/60653\/revisions"}],"predecessor-version":[{"id":60662,"href":"https:\/\/radiorevelacionfm.cl\/index.php?rest_route=\/wp\/v2\/posts\/60653\/revisions\/60662"}],"wp:featuredmedia":[{"embeddable":true,"href":"https:\/\/radiorevelacionfm.cl\/index.php?rest_route=\/wp\/v2\/media\/60654"}],"wp:attachment":[{"href":"https:\/\/radiorevelacionfm.cl\/index.php?rest_route=%2Fwp%2Fv2%2Fmedia&parent=60653"}],"wp:term":[{"taxonomy":"category","embeddable":true,"href":"https:\/\/radiorevelacionfm.cl\/index.php?rest_route=%2Fwp%2Fv2%2Fcategories&post=60653"},{"taxonomy":"post_tag","embeddable":true,"href":"https:\/\/radiorevelacionfm.cl\/index.php?rest_route=%2Fwp%2Fv2%2Ftags&post=60653"}],"curies":[{"name":"wp","href":"https:\/\/api.w.org\/{rel}","templated":true}]}}