{"id":60650,"date":"2025-10-23T11:27:47","date_gmt":"2025-10-23T14:27:47","guid":{"rendered":"https:\/\/radiorevelacionfm.cl\/?p=60650"},"modified":"2025-10-23T11:27:47","modified_gmt":"2025-10-23T14:27:47","slug":"seremi-del-medio-ambiente-anuncia-ampliacion-de-plazo-en-consulta-publica-sobre-sitios-prioritarios","status":"publish","type":"post","link":"https:\/\/radiorevelacionfm.cl\/?p=60650","title":{"rendered":"Seremi del Medio Ambiente anuncia ampliaci\u00f3n de plazo en consulta p\u00fablica sobre sitios prioritarios"},"content":{"rendered":"<div class=\"flex_column av_one_full  flex_column_div av-zero-column-padding first  avia-builder-el-0  el_before_av_one_full  avia-builder-el-first  \" style='border-radius:0px; '><div  class='avia-image-container  av-styling-    avia-builder-el-1  avia-builder-el-no-sibling  avia-align-center '  itemprop=\"image\" itemscope=\"itemscope\" itemtype=\"https:\/\/schema.org\/ImageObject\"  ><div class='avia-image-container-inner'><div class='avia-image-overlay-wrap'><img decoding=\"async\" class='wp-image-60651 avia-img-lazy-loading-not-60651 avia_image' src=\"https:\/\/radiorevelacionfm.cl\/wp-content\/uploads\/2025\/10\/1a-2-1_optimized-1-1.jpg\" alt='' title='1a-(2)-(1)_optimized (1) (1)' height=\"600\" width=\"1067\"  itemprop=\"thumbnailUrl\" srcset=\"https:\/\/radiorevelacionfm.cl\/wp-content\/uploads\/2025\/10\/1a-2-1_optimized-1-1.jpg 1067w, https:\/\/radiorevelacionfm.cl\/wp-content\/uploads\/2025\/10\/1a-2-1_optimized-1-1-300x169.jpg 300w, https:\/\/radiorevelacionfm.cl\/wp-content\/uploads\/2025\/10\/1a-2-1_optimized-1-1-1030x579.jpg 1030w, https:\/\/radiorevelacionfm.cl\/wp-content\/uploads\/2025\/10\/1a-2-1_optimized-1-1-768x432.jpg 768w, https:\/\/radiorevelacionfm.cl\/wp-content\/uploads\/2025\/10\/1a-2-1_optimized-1-1-705x396.jpg 705w, https:\/\/radiorevelacionfm.cl\/wp-content\/uploads\/2025\/10\/1a-2-1_optimized-1-1-450x253.jpg 450w, https:\/\/radiorevelacionfm.cl\/wp-content\/uploads\/2025\/10\/1a-2-1_optimized-1-1-600x337.jpg 600w\" sizes=\"(max-width: 1067px) 100vw, 1067px\" \/><\/div><\/div><\/div><\/div><div class=\"flex_column av_one_full  flex_column_div av-zero-column-padding first  avia-builder-el-2  el_after_av_one_full  el_before_av_one_full  column-top-margin\" style='border-radius:0px; '><section class=\"av_textblock_section \"  itemscope=\"itemscope\" itemtype=\"https:\/\/schema.org\/BlogPosting\" itemprop=\"blogPost\" ><div class='avia_textblock  '   itemprop=\"text\" ><p style=\"text-align: center;\"><strong><span style=\"font-size: 18pt;\">Seremi del Medio Ambiente anuncia ampliaci\u00f3n de plazo en consulta p\u00fablica sobre sitios prioritarios<\/span><\/strong><\/p>\n<div id=\"gtx-trans\" style=\"position: absolute; left: -50px; top: 4.31534px;\">\n<div class=\"gtx-trans-icon\"><\/div>\n<\/div>\n<\/div><\/section><\/div><div class=\"flex_column av_one_full  flex_column_div av-zero-column-padding first  avia-builder-el-4  el_after_av_one_full  el_before_av_hr  column-top-margin\" style='border-radius:0px; '><section class=\"av_textblock_section \"  itemscope=\"itemscope\" itemtype=\"https:\/\/schema.org\/BlogPosting\" itemprop=\"blogPost\" ><div class='avia_textblock  '   itemprop=\"text\" ><p style=\"text-align: justify;\">Hasta el 5 de noviembre se extiende el nuevo plazo para participar de la consulta ciudadana sobre el listado de Sitios Prioritarios para la Conservaci\u00f3n de la Biodiversidad en la Macrozona Sur que, siendo existentes con anterioridad a la Ley para la Naturaleza (ley 21.600), con la implementaci\u00f3n del Servicio de Biodiversidad y \u00e1reas protegidas SBAP, quedar\u00e1n bajo su alero.<\/p>\n<p style=\"text-align: justify;\">El Seremi del Medio Ambiente, Yoal D\u00edaz, particip\u00f3 el pasado 15 de octubre en la reuni\u00f3n convocada por la Delegaci\u00f3n Presidencial Provincial de General Carrera, donde se dialog\u00f3 con la comunidad y representantes del municipio, respecto a los detalles de la normativa y su traspaso al SBAP\u00a0 \u201cEstuvimos con la comunidad de Chile Chico, atendiendo a sus consultas, hemos visitado tambi\u00e9n los medios locales para transparentar este proceso y as\u00ed tambi\u00e9n seguiremos trabajando para informar a la ciudadan\u00eda sobre esta consulta, que es participativa, ciudadana\u00a0 y que se mantiene abierta\u201d.<\/p>\n<p style=\"text-align: justify;\">En efecto, la autoridad se\u00f1al\u00f3 que, si bien el sitio prioritario de Estepa Jeinimeini fue identificado el a\u00f1o 2003, con la nueva institucionalidad ambiental, es necesario revisar, mejorar y recoger las observaciones de la ciudadan\u00eda para que dicho proceso cumpla con la mirada local \u201cHemos abierto un proceso nacional de Participaci\u00f3n Ciudadana para el reconocimiento de Sitios Prioritarios para la Conservaci\u00f3n de la Biodiversidad, instrumento clave para ordenar la acci\u00f3n p\u00fablica hacia la Meta 30&#215;30 del Marco Global de Biodiversidad y para fortalecer beneficios ciudadanos como seguridad h\u00eddrica, resiliencia clim\u00e1tica, protecci\u00f3n de oficios y econom\u00edas locales asociadas a la naturaleza\u201d, indic\u00f3 el Seremi, especificando que\u00a0 el proceso, que inici\u00f3 con una participaci\u00f3n ciudadana temprana, charlas informativas y solicitud de entrega de antecedentes en junio del a\u00f1o pasado,\u00a0 comenz\u00f3 la consulta p\u00fablica el pasado mes y ante el inter\u00e9s de la comunidad ha extendido su plazo y se mantiene abierta para la Macrozona sur hasta el 5 de noviembre en consultasciudadanas.mma.gob.cl<\/p>\n<p style=\"text-align: justify;\">Sitios prioritarios:<\/p>\n<p style=\"text-align: justify;\">Los Sitios Prioritarios nacen como parte de una pol\u00edtica p\u00fablica de conservaci\u00f3n y existen desde los a\u00f1os 2000, a trav\u00e9s de estrategias regionales y nacionales de biodiversidad. Son territorios con alto valor ecol\u00f3gico, h\u00e1bitats de especies amenazadas o funciones clave para el equilibrio ambiental, que el Estado identifica como espacios donde deben impulsarse medidas concretas de conservaci\u00f3n, restauraci\u00f3n y uso sustentable.<\/p>\n<p style=\"text-align: justify;\">Actualmente, se est\u00e1n sometiendo a consulta p\u00fablica 99 sitios prioritarios distribuidos en tres macrozonas, que fueron definidos mediante un proceso t\u00e9cnico y participativo liderado por el Ministerio del Medio Ambiente entre 2023 y 2024, detalles disponibles en el expediente p\u00fablico de la consulta. Para ello, se revisaron m\u00e1s de 350 sitios prioritarios previamente existentes con base en criterios ecol\u00f3gicos, brechas de protecci\u00f3n y representatividad territorial, considerando adem\u00e1s aportes regionales, excluyendo \u00e1reas urbanas o ya protegidas y priorizando ecosistemas que hoy est\u00e1n subprotegidos.<\/p>\n<p style=\"text-align: justify;\">\u201cLa Estepa Jenimeini ha funcionado como sitio prioritario los \u00faltimos 20 a\u00f1os, y lo que hoy buscamos es someter a consulta ciudadana los lineamientos de este sitio, que ahora ser\u00e1 regido por el SBAP, esto en ning\u00fan caso se considera como extensi\u00f3n de un parque nacional, o declaraci\u00f3n de \u00e1rea de conservaci\u00f3n, ni mucho menos el impedimento de actividades como la ganader\u00eda, fruticultura, turismo, etc. Hay que ser claros: la ley establece que no habr\u00e1 infracciones para <em>quienes ejecuten proyectos o actividades al interior del sitio prioritario en conformidad a la legislaci\u00f3n aplicable o a una resoluci\u00f3n de calificaci\u00f3n ambiental favorable\u201d<\/em>.<\/p>\n<p style=\"text-align: justify;\">La autoridad regional enfatiz\u00f3 que el reconocimiento de sitios prioritarios no implica prohibiciones a priori ni afectaci\u00f3n de las actividades productivas existentes. \u00abEs importante transmitir tranquilidad: la declaraci\u00f3n de sitios prioritarios no afectar\u00e1 el desarrollo de actividades productivas que cuenten con los permisos sectoriales correspondientes\u00bb, agreg\u00f3.<\/p>\n<p style=\"text-align: justify;\">Proceso ciudadano<\/p>\n<p style=\"text-align: justify;\">Tras el proceso de consulta ciudadana, el Ministerio del Medio Ambiente debe revisar las observaciones, ponderarlas y responderlas para elaborar una propuesta definitiva. Dicha propuesta ser\u00e1 revisada por el Consejo de Ministros para la Sustentabilidad y el Cambio Clim\u00e1tico. Su objetivo es fortalecer la propuesta con participaci\u00f3n informada, asegurar legitimidad social y avanzar en la conservaci\u00f3n de ecosistemas estrat\u00e9gicos del pa\u00eds.<\/p>\n<p style=\"text-align: justify;\">Esta etapa clave permite a personas, organizaciones y actores territoriales aportar sus antecedentes, revisar informaci\u00f3n y fortalecer, con di\u00e1logo y evidencia, la propuesta que se enmarca en lo mandatado por el art\u00edculo 8vo transitorio de la ley 21600.<\/p>\n<p style=\"text-align: justify;\">Finalmente, la autoridad llam\u00f3 a participar ampliamente del proceso, para consagrar la voz regional y local en la consulta \u201cEs importante contar con la voz y de todos y todas en este proceso que es nuestro y requiere de nuestra mirada regional\u201d, concluy\u00f3.<\/p>\n<\/div><\/section><\/div><div  style='height:50px' class='hr hr-invisible   avia-builder-el-6  el_after_av_one_full  el_before_av_social_share '><span class='hr-inner ' ><span class='hr-inner-style'><\/span><\/span><\/div><\/p>\n<div  class='av-social-sharing-box  avia-builder-el-7  el_after_av_hr  el_before_av_hr  '><div class='av-share-box'><h5 class='av-share-link-description av-no-toc '>Compartir esta noticia<\/h5><ul class='av-share-box-list noLightbox'><li class='av-share-link av-social-link-facebook' ><a target=\"_blank\" aria-label=\"Compartir en Facebook\" href='https:\/\/www.facebook.com\/sharer.php?u=https:\/\/radiorevelacionfm.cl\/?p=60650&#038;t=Seremi%20del%20Medio%20Ambiente%20anuncia%20ampliaci%C3%B3n%20de%20plazo%20en%20consulta%20p%C3%BAblica%20sobre%20sitios%20prioritarios' aria-hidden='false' data-av_icon='\ue8f3' data-av_iconfont='entypo-fontello' title='' data-avia-related-tooltip='Compartir en Facebook' rel=\"noopener\"><span class='avia_hidden_link_text'>Compartir en Facebook<\/span><\/a><\/li><li class='av-share-link av-social-link-twitter' ><a target=\"_blank\" aria-label=\"Compartir en Twitter\" href='https:\/\/twitter.com\/share?text=Seremi%20del%20Medio%20Ambiente%20anuncia%20ampliaci%C3%B3n%20de%20plazo%20en%20consulta%20p%C3%BAblica%20sobre%20sitios%20prioritarios&#038;url=https:\/\/radiorevelacionfm.cl\/?p=60650' aria-hidden='false' data-av_icon='\ue8f1' data-av_iconfont='entypo-fontello' title='' data-avia-related-tooltip='Compartir en Twitter' rel=\"noopener\"><span class='avia_hidden_link_text'>Compartir en Twitter<\/span><\/a><\/li><li class='av-share-link av-social-link-whatsapp' ><a target=\"_blank\" aria-label=\"Compartir en Whatsapp\" href='https:\/\/api.whatsapp.com\/send?text=https:\/\/radiorevelacionfm.cl\/?p=60650' aria-hidden='false' data-av_icon='\uf232' data-av_iconfont='entypo-fontello' title='' data-avia-related-tooltip='Compartir en Whatsapp' rel=\"noopener\"><span class='avia_hidden_link_text'>Compartir en Whatsapp<\/span><\/a><\/li><li class='av-share-link av-social-link-linkedin' ><a target=\"_blank\" aria-label=\"Compartir en LinkedIn\" href='https:\/\/linkedin.com\/shareArticle?mini=true&#038;title=Seremi%20del%20Medio%20Ambiente%20anuncia%20ampliaci%C3%B3n%20de%20plazo%20en%20consulta%20p%C3%BAblica%20sobre%20sitios%20prioritarios&#038;url=https:\/\/radiorevelacionfm.cl\/?p=60650' aria-hidden='false' data-av_icon='\ue8fc' data-av_iconfont='entypo-fontello' title='' data-avia-related-tooltip='Compartir en LinkedIn' rel=\"noopener\"><span class='avia_hidden_link_text'>Compartir en LinkedIn<\/span><\/a><\/li><li class='av-share-link av-social-link-mail' ><a  aria-label=\"Compartir por correo\" href='mailto:?subject=Seremi%20del%20Medio%20Ambiente%20anuncia%20ampliaci%C3%B3n%20de%20plazo%20en%20consulta%20p%C3%BAblica%20sobre%20sitios%20prioritarios&#038;body=https:\/\/radiorevelacionfm.cl\/?p=60650' aria-hidden='false' data-av_icon='\ue805' data-av_iconfont='entypo-fontello' title='' data-avia-related-tooltip='Compartir por correo'><span class='avia_hidden_link_text'>Compartir por correo<\/span><\/a><\/li><\/ul><\/div><\/div>\n<div  style='height:50px' class='hr hr-invisible   avia-builder-el-8  el_after_av_social_share  el_before_av_comments_list '><span class='hr-inner ' ><span class='hr-inner-style'><\/span><\/span><\/div>\n<div  class='av-buildercomment  av-blog-meta-html-info-disabled av-blog-meta-tag-disabled  '><\/div>\n","protected":false},"excerpt":{"rendered":"","protected":false},"author":1,"featured_media":60651,"comment_status":"closed","ping_status":"closed","sticky":false,"template":"","format":"standard","meta":{"footnotes":""},"categories":[39],"tags":[],"class_list":["post-60650","post","type-post","status-publish","format-standard","has-post-thumbnail","hentry","category-medio-ambiente"],"jetpack_featured_media_url":"https:\/\/radiorevelacionfm.cl\/wp-content\/uploads\/2025\/10\/1a-2-1_optimized-1-1.jpg","_links":{"self":[{"href":"https:\/\/radiorevelacionfm.cl\/index.php?rest_route=\/wp\/v2\/posts\/60650","targetHints":{"allow":["GET"]}}],"collection":[{"href":"https:\/\/radiorevelacionfm.cl\/index.php?rest_route=\/wp\/v2\/posts"}],"about":[{"href":"https:\/\/radiorevelacionfm.cl\/index.php?rest_route=\/wp\/v2\/types\/post"}],"author":[{"embeddable":true,"href":"https:\/\/radiorevelacionfm.cl\/index.php?rest_route=\/wp\/v2\/users\/1"}],"replies":[{"embeddable":true,"href":"https:\/\/radiorevelacionfm.cl\/index.php?rest_route=%2Fwp%2Fv2%2Fcomments&post=60650"}],"version-history":[{"count":2,"href":"https:\/\/radiorevelacionfm.cl\/index.php?rest_route=\/wp\/v2\/posts\/60650\/revisions"}],"predecessor-version":[{"id":60692,"href":"https:\/\/radiorevelacionfm.cl\/index.php?rest_route=\/wp\/v2\/posts\/60650\/revisions\/60692"}],"wp:featuredmedia":[{"embeddable":true,"href":"https:\/\/radiorevelacionfm.cl\/index.php?rest_route=\/wp\/v2\/media\/60651"}],"wp:attachment":[{"href":"https:\/\/radiorevelacionfm.cl\/index.php?rest_route=%2Fwp%2Fv2%2Fmedia&parent=60650"}],"wp:term":[{"taxonomy":"category","embeddable":true,"href":"https:\/\/radiorevelacionfm.cl\/index.php?rest_route=%2Fwp%2Fv2%2Fcategories&post=60650"},{"taxonomy":"post_tag","embeddable":true,"href":"https:\/\/radiorevelacionfm.cl\/index.php?rest_route=%2Fwp%2Fv2%2Ftags&post=60650"}],"curies":[{"name":"wp","href":"https:\/\/api.w.org\/{rel}","templated":true}]}}