{"id":60637,"date":"2025-10-22T17:22:44","date_gmt":"2025-10-22T20:22:44","guid":{"rendered":"https:\/\/radiorevelacionfm.cl\/?p=60637"},"modified":"2025-10-22T17:22:44","modified_gmt":"2025-10-22T20:22:44","slug":"aysen-alcanza-el-primer-lugar-nacional-en-cirugias-mayores-tras-primer-ano-del-programa-de-lista-de-espera","status":"publish","type":"post","link":"https:\/\/radiorevelacionfm.cl\/?p=60637","title":{"rendered":"Ays\u00e9n alcanza el primer lugar nacional en cirug\u00edas mayores tras primer a\u00f1o del Programa de Lista de Espera"},"content":{"rendered":"<div class=\"flex_column av_one_full  flex_column_div av-zero-column-padding first  avia-builder-el-0  el_before_av_one_full  avia-builder-el-first  \" style='border-radius:0px; '><div  class='avia-image-container  av-styling-    avia-builder-el-1  avia-builder-el-no-sibling  avia-align-center '  itemprop=\"image\" itemscope=\"itemscope\" itemtype=\"https:\/\/schema.org\/ImageObject\"  ><div class='avia-image-container-inner'><div class='avia-image-overlay-wrap'><img decoding=\"async\" class='wp-image-60638 avia-img-lazy-loading-not-60638 avia_image' src=\"https:\/\/radiorevelacionfm.cl\/wp-content\/uploads\/2025\/10\/IMG_1203-1-1.jpg\" alt='' title='IMG_1203 (1) (1)' height=\"600\" width=\"900\"  itemprop=\"thumbnailUrl\" srcset=\"https:\/\/radiorevelacionfm.cl\/wp-content\/uploads\/2025\/10\/IMG_1203-1-1.jpg 900w, https:\/\/radiorevelacionfm.cl\/wp-content\/uploads\/2025\/10\/IMG_1203-1-1-300x200.jpg 300w, https:\/\/radiorevelacionfm.cl\/wp-content\/uploads\/2025\/10\/IMG_1203-1-1-768x512.jpg 768w, https:\/\/radiorevelacionfm.cl\/wp-content\/uploads\/2025\/10\/IMG_1203-1-1-705x470.jpg 705w, https:\/\/radiorevelacionfm.cl\/wp-content\/uploads\/2025\/10\/IMG_1203-1-1-450x300.jpg 450w, https:\/\/radiorevelacionfm.cl\/wp-content\/uploads\/2025\/10\/IMG_1203-1-1-600x400.jpg 600w\" sizes=\"(max-width: 900px) 100vw, 900px\" \/><\/div><\/div><\/div><\/div><div class=\"flex_column av_one_full  flex_column_div av-zero-column-padding first  avia-builder-el-2  el_after_av_one_full  el_before_av_one_full  column-top-margin\" style='border-radius:0px; '><section class=\"av_textblock_section \"  itemscope=\"itemscope\" itemtype=\"https:\/\/schema.org\/BlogPosting\" itemprop=\"blogPost\" ><div class='avia_textblock  '   itemprop=\"text\" ><p style=\"text-align: center;\"><span style=\"font-size: 18pt;\"><b>Ays\u00e9n alcanza el primer lugar nacional en cirug\u00edas mayores tras primer a\u00f1o del Programa de Lista de Espera<\/b><\/span><\/p>\n<div id=\"gtx-trans\" style=\"position: absolute; left: -50px; top: 4.31534px;\">\n<div class=\"gtx-trans-icon\"><\/div>\n<\/div>\n<\/div><\/section><\/div><div class=\"flex_column av_one_full  flex_column_div av-zero-column-padding first  avia-builder-el-4  el_after_av_one_full  el_before_av_hr  column-top-margin\" style='border-radius:0px; '><section class=\"av_textblock_section \"  itemscope=\"itemscope\" itemtype=\"https:\/\/schema.org\/BlogPosting\" itemprop=\"blogPost\" ><div class='avia_textblock  '   itemprop=\"text\" ><p style=\"text-align: justify;\"><em>Una iniciativa conjunta entre el Gobierno Regional y el Servicio de Salud Ays\u00e9n que ha permitido disminuir significativamente los tiempos de atenci\u00f3n en consultas de especialidad, procedimientos y cirug\u00edas a lo largo del territorio.<\/em><\/p>\n<p style=\"text-align: justify;\">En el edificio del Gobierno Regional de Ays\u00e9n se realiz\u00f3 la ceremonia de cierre del primer a\u00f1o de ejecuci\u00f3n del \u201cPrograma de Reducci\u00f3n Integral de Pacientes en Lista de Espera\u201d, instancia en la que el director del Servicio de Salud Ays\u00e9n, Juan Pablo Bravo Quintana, entreg\u00f3 un balance regional de sus principales resultados. La actividad cont\u00f3 con la participaci\u00f3n de autoridades, comunidad, funcionarios y funcionarias de la red asistencial, destacando el impacto de esta iniciativa conjunta con el Gobierno Regional en el acceso a atenciones de salud en la regi\u00f3n.<\/p>\n<p style=\"text-align: justify;\">El programa financiado con una inversi\u00f3n superior a los $2.170 millones naci\u00f3 en octubre de 2024 como una respuesta concreta al desaf\u00edo de brindar mayor equidad y resolutividad en la atenci\u00f3n p\u00fablica de salud. Durante su primer a\u00f1o, se registraron m\u00e1s de 2.300 consultas de especialidad, m\u00e1s de 1.700 procedimientos y 317 cirug\u00edas realizadas.<\/p>\n<p style=\"text-align: justify;\">El director del Servicio de Salud Ays\u00e9n, destac\u00f3 que los resultados son reflejo del esfuerzo colectivo de los equipos cl\u00ednicos y administrativos de toda la red asistencial, adem\u00e1s relev\u00f3 la adquisici\u00f3n de la mesa quir\u00fargica que se compr\u00f3 en el Hospital de Puerto Ays\u00e9n, lo que permiti\u00f3 desarrollar la primera intervenci\u00f3n quir\u00fargica de mayor complejidad en un recambio de rodilla traumatol\u00f3gica.<\/p>\n<p style=\"text-align: justify;\">\u201cNos encontramos en primer lugar nacional en cirug\u00edas mayores, y esto refleja el trabajo t\u00e9cnico y el compromiso de cada uno de los equipos para brindar atenci\u00f3n m\u00e1s resolutiva y de calidad por nuestros usuarios\u201d, expres\u00f3 Bravo.<\/p>\n<p style=\"text-align: justify;\">Entre los testimonios presentados durante la ceremonia estuvo el de Saray Toledo, madre de una paciente de Cochrane, quien comparti\u00f3 su experiencia tras la cirug\u00eda de am\u00edgdalas de su hija.<\/p>\n<p style=\"text-align: justify;\">\u201cHasta aqu\u00ed ha sido un gran alivio para nosotros como padres. Agradecemos econ\u00f3micamente porque si hubi\u00e9semos seguido esperando, no sabemos cu\u00e1nto habr\u00edamos gastado. Estamos agradecidos de que se haya hecho este programa para dar soluci\u00f3n a las familias de la Patagonia\u201d, se\u00f1al\u00f3 Toledo.<\/p>\n<p style=\"text-align: justify;\">Por su parte, el Gobernador Regional de Ays\u00e9n, Marcelo Santana Vargas, resalt\u00f3 el impacto positivo del programa y anunci\u00f3 su continuidad para 2026.<\/p>\n<p style=\"text-align: justify;\">\u201cSi uno tuviera todos los recursos para poder hacer todo lo que se necesita en materia de salud p\u00fablica en la regi\u00f3n, no nos alcanzar\u00edan. Pero estamos priorizando a trav\u00e9s de nuestro convenio de programaci\u00f3n con el Servicio de Salud, Infraestructura, en primer lugar, equipamiento para que pueda haber mayor resolutividad en nuestro establecimiento de salud\u201d, acot\u00f3 Santana.<\/p>\n<p style=\"text-align: justify;\">\u201cTambi\u00e9n, programas como el que acabamos de inaugurar su primer a\u00f1o, que es la reducci\u00f3n de las listas de espera. Ha tenido un impacto significativo, tanto en atenci\u00f3n de especialistas, horas que estaban atrasadas, como tambi\u00e9n cirug\u00edas, que son otra parte de uno de los componentes principales de este programa. Hay que seguir avanzando. Ya nos hemos puesto de acuerdo para continuar con esta inversi\u00f3n durante el a\u00f1o 2026, incluir algunas que no estaban concedidas en primera instancia, por ejemplo, las cirug\u00edas bari\u00e1tricas\u201d, afirm\u00f3 el Gobernador.<\/p>\n<p style=\"text-align: justify;\">Durante la ceremonia tambi\u00e9n se proyectaron los testimonios de usuarios beneficiados, como Manuel Molina, paciente de Coyhaique, y Maximino Astudillo, de Puerto Chacabuco.<\/p>\n<p style=\"text-align: justify;\">\u201cTuve la suerte hace muy poquito de ser favorecido con una intervenci\u00f3n quir\u00fargica que me ten\u00eda muy complicado. Gracias a estos programas me siento bastante bien; yo creo que es ideal porque acorta tiempos que preocupaban a mucha gente\u201d, coment\u00f3 Molina.<\/p>\n<p style=\"text-align: justify;\">Astudillo, en tanto, agreg\u00f3, \u201cMe oper\u00e9 de la rodilla izquierda, pr\u00f3tesis total, y ahora tengo una vida normal haciendo mis terapias. La atenci\u00f3n fue excelente; agradezco al Gobierno Regional y al Hospital de Puerto Ays\u00e9n por las gestiones que han hecho por todos nosotros\u201d.<\/p>\n<p style=\"text-align: justify;\">El encuentro concluy\u00f3 con dos presentaciones musicales de la Orquesta de Cuerdas del Liceo Bicentenario Altos del Mackay, cuyas interpretaciones realzaron la alianza entre el Gobierno Regional y el Servicio de Salud Ays\u00e9n, en ir disminuyendo los tiempos de espera y mejorar la calidad de vida de las familias ayseninas.<\/p>\n<\/div><\/section><\/div><div  style='height:50px' class='hr hr-invisible   avia-builder-el-6  el_after_av_one_full  el_before_av_social_share '><span class='hr-inner ' ><span class='hr-inner-style'><\/span><\/span><\/div><\/p>\n<div  class='av-social-sharing-box  avia-builder-el-7  el_after_av_hr  el_before_av_hr  '><div class='av-share-box'><h5 class='av-share-link-description av-no-toc '>Compartir esta noticia<\/h5><ul class='av-share-box-list noLightbox'><li class='av-share-link av-social-link-facebook' ><a target=\"_blank\" aria-label=\"Compartir en Facebook\" href='https:\/\/www.facebook.com\/sharer.php?u=https:\/\/radiorevelacionfm.cl\/?p=60637&#038;t=Ays%C3%A9n%20alcanza%20el%20primer%20lugar%20nacional%20en%20cirug%C3%ADas%20mayores%20tras%20primer%20a%C3%B1o%20del%20Programa%20de%20Lista%20de%20Espera' aria-hidden='false' data-av_icon='\ue8f3' data-av_iconfont='entypo-fontello' title='' data-avia-related-tooltip='Compartir en Facebook' rel=\"noopener\"><span class='avia_hidden_link_text'>Compartir en Facebook<\/span><\/a><\/li><li class='av-share-link av-social-link-twitter' ><a target=\"_blank\" aria-label=\"Compartir en Twitter\" href='https:\/\/twitter.com\/share?text=Ays%C3%A9n%20alcanza%20el%20primer%20lugar%20nacional%20en%20cirug%C3%ADas%20mayores%20tras%20primer%20a%C3%B1o%20del%20Programa%20de%20Lista%20de%20Espera&#038;url=https:\/\/radiorevelacionfm.cl\/?p=60637' aria-hidden='false' data-av_icon='\ue8f1' data-av_iconfont='entypo-fontello' title='' data-avia-related-tooltip='Compartir en Twitter' rel=\"noopener\"><span class='avia_hidden_link_text'>Compartir en Twitter<\/span><\/a><\/li><li class='av-share-link av-social-link-whatsapp' ><a target=\"_blank\" aria-label=\"Compartir en Whatsapp\" href='https:\/\/api.whatsapp.com\/send?text=https:\/\/radiorevelacionfm.cl\/?p=60637' aria-hidden='false' data-av_icon='\uf232' data-av_iconfont='entypo-fontello' title='' data-avia-related-tooltip='Compartir en Whatsapp' rel=\"noopener\"><span class='avia_hidden_link_text'>Compartir en Whatsapp<\/span><\/a><\/li><li class='av-share-link av-social-link-linkedin' ><a target=\"_blank\" aria-label=\"Compartir en LinkedIn\" href='https:\/\/linkedin.com\/shareArticle?mini=true&#038;title=Ays%C3%A9n%20alcanza%20el%20primer%20lugar%20nacional%20en%20cirug%C3%ADas%20mayores%20tras%20primer%20a%C3%B1o%20del%20Programa%20de%20Lista%20de%20Espera&#038;url=https:\/\/radiorevelacionfm.cl\/?p=60637' aria-hidden='false' data-av_icon='\ue8fc' data-av_iconfont='entypo-fontello' title='' data-avia-related-tooltip='Compartir en LinkedIn' rel=\"noopener\"><span class='avia_hidden_link_text'>Compartir en LinkedIn<\/span><\/a><\/li><li class='av-share-link av-social-link-mail' ><a  aria-label=\"Compartir por correo\" href='mailto:?subject=Ays%C3%A9n%20alcanza%20el%20primer%20lugar%20nacional%20en%20cirug%C3%ADas%20mayores%20tras%20primer%20a%C3%B1o%20del%20Programa%20de%20Lista%20de%20Espera&#038;body=https:\/\/radiorevelacionfm.cl\/?p=60637' aria-hidden='false' data-av_icon='\ue805' data-av_iconfont='entypo-fontello' title='' data-avia-related-tooltip='Compartir por correo'><span class='avia_hidden_link_text'>Compartir por correo<\/span><\/a><\/li><\/ul><\/div><\/div>\n<div  style='height:50px' class='hr hr-invisible   avia-builder-el-8  el_after_av_social_share  el_before_av_comments_list '><span class='hr-inner ' ><span class='hr-inner-style'><\/span><\/span><\/div>\n<div  class='av-buildercomment  av-blog-meta-html-info-disabled av-blog-meta-tag-disabled  '><\/div>\n","protected":false},"excerpt":{"rendered":"","protected":false},"author":1,"featured_media":60638,"comment_status":"closed","ping_status":"closed","sticky":false,"template":"","format":"standard","meta":{"footnotes":""},"categories":[46],"tags":[],"class_list":["post-60637","post","type-post","status-publish","format-standard","has-post-thumbnail","hentry","category-salud"],"jetpack_featured_media_url":"https:\/\/radiorevelacionfm.cl\/wp-content\/uploads\/2025\/10\/IMG_1203-1-1.jpg","_links":{"self":[{"href":"https:\/\/radiorevelacionfm.cl\/index.php?rest_route=\/wp\/v2\/posts\/60637","targetHints":{"allow":["GET"]}}],"collection":[{"href":"https:\/\/radiorevelacionfm.cl\/index.php?rest_route=\/wp\/v2\/posts"}],"about":[{"href":"https:\/\/radiorevelacionfm.cl\/index.php?rest_route=\/wp\/v2\/types\/post"}],"author":[{"embeddable":true,"href":"https:\/\/radiorevelacionfm.cl\/index.php?rest_route=\/wp\/v2\/users\/1"}],"replies":[{"embeddable":true,"href":"https:\/\/radiorevelacionfm.cl\/index.php?rest_route=%2Fwp%2Fv2%2Fcomments&post=60637"}],"version-history":[{"count":2,"href":"https:\/\/radiorevelacionfm.cl\/index.php?rest_route=\/wp\/v2\/posts\/60637\/revisions"}],"predecessor-version":[{"id":60640,"href":"https:\/\/radiorevelacionfm.cl\/index.php?rest_route=\/wp\/v2\/posts\/60637\/revisions\/60640"}],"wp:featuredmedia":[{"embeddable":true,"href":"https:\/\/radiorevelacionfm.cl\/index.php?rest_route=\/wp\/v2\/media\/60638"}],"wp:attachment":[{"href":"https:\/\/radiorevelacionfm.cl\/index.php?rest_route=%2Fwp%2Fv2%2Fmedia&parent=60637"}],"wp:term":[{"taxonomy":"category","embeddable":true,"href":"https:\/\/radiorevelacionfm.cl\/index.php?rest_route=%2Fwp%2Fv2%2Fcategories&post=60637"},{"taxonomy":"post_tag","embeddable":true,"href":"https:\/\/radiorevelacionfm.cl\/index.php?rest_route=%2Fwp%2Fv2%2Ftags&post=60637"}],"curies":[{"name":"wp","href":"https:\/\/api.w.org\/{rel}","templated":true}]}}