{"id":60629,"date":"2025-10-22T17:05:44","date_gmt":"2025-10-22T20:05:44","guid":{"rendered":"https:\/\/radiorevelacionfm.cl\/?p=60629"},"modified":"2025-10-22T17:05:44","modified_gmt":"2025-10-22T20:05:44","slug":"uaysen-fortalece-su-red-alumni-con-segundo-encuentro","status":"publish","type":"post","link":"https:\/\/radiorevelacionfm.cl\/?p=60629","title":{"rendered":"UAys\u00e9n fortalece su Red Alumni con segundo encuentro"},"content":{"rendered":"<div class=\"flex_column av_one_full  flex_column_div av-zero-column-padding first  avia-builder-el-0  el_before_av_one_full  avia-builder-el-first  \" style='border-radius:0px; '><div  class='avia-image-container  av-styling-    avia-builder-el-1  avia-builder-el-no-sibling  avia-align-center '  itemprop=\"image\" itemscope=\"itemscope\" itemtype=\"https:\/\/schema.org\/ImageObject\"  ><div class='avia-image-container-inner'><div class='avia-image-overlay-wrap'><img decoding=\"async\" class='wp-image-60630 avia-img-lazy-loading-not-60630 avia_image' src=\"https:\/\/radiorevelacionfm.cl\/wp-content\/uploads\/2025\/10\/dsc00008-1_optimized.jpg\" alt='' title='dsc00008-(1)_optimized' height=\"600\" width=\"900\"  itemprop=\"thumbnailUrl\" srcset=\"https:\/\/radiorevelacionfm.cl\/wp-content\/uploads\/2025\/10\/dsc00008-1_optimized.jpg 900w, https:\/\/radiorevelacionfm.cl\/wp-content\/uploads\/2025\/10\/dsc00008-1_optimized-300x200.jpg 300w, https:\/\/radiorevelacionfm.cl\/wp-content\/uploads\/2025\/10\/dsc00008-1_optimized-768x512.jpg 768w, https:\/\/radiorevelacionfm.cl\/wp-content\/uploads\/2025\/10\/dsc00008-1_optimized-705x470.jpg 705w, https:\/\/radiorevelacionfm.cl\/wp-content\/uploads\/2025\/10\/dsc00008-1_optimized-450x300.jpg 450w, https:\/\/radiorevelacionfm.cl\/wp-content\/uploads\/2025\/10\/dsc00008-1_optimized-600x400.jpg 600w\" sizes=\"(max-width: 900px) 100vw, 900px\" \/><\/div><\/div><\/div><\/div><div class=\"flex_column av_one_full  flex_column_div av-zero-column-padding first  avia-builder-el-2  el_after_av_one_full  el_before_av_one_full  column-top-margin\" style='border-radius:0px; '><section class=\"av_textblock_section \"  itemscope=\"itemscope\" itemtype=\"https:\/\/schema.org\/BlogPosting\" itemprop=\"blogPost\" ><div class='avia_textblock  '   itemprop=\"text\" ><p style=\"text-align: center;\"><strong><span style=\"font-size: 18pt;\">UAys\u00e9n fortalece su Red Alumni con segundo encuentro\u00a0<\/span><\/strong><\/p>\n<div id=\"gtx-trans\" style=\"position: absolute; left: -50px; top: 4.31534px;\">\n<div class=\"gtx-trans-icon\"><\/div>\n<\/div>\n<\/div><\/section><\/div><div class=\"flex_column av_one_full  flex_column_div av-zero-column-padding first  avia-builder-el-4  el_after_av_one_full  el_before_av_hr  column-top-margin\" style='border-radius:0px; '><section class=\"av_textblock_section \"  itemscope=\"itemscope\" itemtype=\"https:\/\/schema.org\/BlogPosting\" itemprop=\"blogPost\" ><div class='avia_textblock  '   itemprop=\"text\" ><p dir=\"ltr\" style=\"text-align: justify;\" role=\"presentation\"><em>La Universidad de Ays\u00e9n realiz\u00f3 el segundo encuentro de su Red Alumni en Coyhaique, instancia que cerr\u00f3 el tramo formativo del Programa de Inserci\u00f3n Laboral y dio inicio a la postulaci\u00f3n a vacantes gestionadas con instituciones regionales.<\/em><\/p>\n<p dir=\"ltr\" style=\"text-align: justify;\">La Universidad de Ays\u00e9n llev\u00f3 a cabo el Segundo Encuentro de la Red Alumni, organizado por la Direcci\u00f3n General de V\u00ednculos, mediante una jornada con certificaci\u00f3n, presentaciones y espacios de networking, con el prop\u00f3sito de fortalecer el v\u00ednculo con tituladas\/os, cerrar el tramo formativo del Programa de Inserci\u00f3n Laboral y abrir la postulaci\u00f3n a ofertas laborales por un a\u00f1o en instituciones regionales.<\/p>\n<p dir=\"ltr\" style=\"text-align: justify;\">Al respecto, el director general de V\u00ednculos, Gabriel N\u00fa\u00f1ez, subray\u00f3 el alcance del hito. \u201cEstamos muy contentos, finalizando nuestro segundo encuentro de la Red Alumni. Este encuentro, adem\u00e1s de marcar el cierre formativo del Programa de Inserci\u00f3n Laboral, abre el proceso de postulaci\u00f3n a ofertas laborales trabajadas con nuestros socios comunitarios. Hay vacantes en la Municipalidad de Guaitecas, Coyhaique y Puerto Ays\u00e9n, a las que nuestros Alumni podr\u00e1n postular para insertarse laboralmente por un a\u00f1o. Para la Universidad es clave mantener el v\u00ednculo con nuestros ex alumnos, invit\u00e1ndoles a ser parte activa de la red y a aprovechar las oportunidades del trabajo colaborativo.\u201d<\/p>\n<p dir=\"ltr\" style=\"text-align: justify;\">Desde la experiencia de egresados, Mat\u00edas Pe\u00f1a, titulado de la carrera de Trabajo Social, valor\u00f3 la articulaci\u00f3n profesional que propicia la red. \u201cEs una gran oportunidad reunirnos como profesionales; permite conectar expectativas y visiones y dar un foco participativo para seguir avanzando y fortalecer esta red de apoyo. Muchas gracias a la Universidad de Ays\u00e9n por impulsar este futuro compartido para los profesionales de la regi\u00f3n.\u201d<\/p>\n<p dir=\"ltr\" style=\"text-align: justify;\">En la misma l\u00ednea, Camila Mart\u00ednez, egresada de Psicolog\u00eda UAys\u00e9n, destac\u00f3 el sentido de pertenencia y soporte mutuo. \u201cTener una Red Alumni es fundamental para crear comunidad entre titulados y forjar redes que no solo contribuyan a la Universidad, sino que tambi\u00e9n funcionen como soporte entre nosotros. Agradezco ser parte de estas instancias.\u201d<\/p>\n<p dir=\"ltr\" style=\"text-align: justify;\">Finalmente, cabe se\u00f1alar que la Direcci\u00f3n General de V\u00ednculos inform\u00f3 que se difundir\u00e1n las convocatorias laborales asociadas y se mantendr\u00e1n encuentros peri\u00f3dicos para acompa\u00f1ar la transici\u00f3n al mundo del trabajo y consolidar la Red Alumni.<\/p>\n<\/div><\/section><\/div><div  style='height:50px' class='hr hr-invisible   avia-builder-el-6  el_after_av_one_full  el_before_av_social_share '><span class='hr-inner ' ><span class='hr-inner-style'><\/span><\/span><\/div><\/p>\n<div  class='av-social-sharing-box  avia-builder-el-7  el_after_av_hr  el_before_av_hr  '><div class='av-share-box'><h5 class='av-share-link-description av-no-toc '>Compartir esta noticia<\/h5><ul class='av-share-box-list noLightbox'><li class='av-share-link av-social-link-facebook' ><a target=\"_blank\" aria-label=\"Compartir en Facebook\" href='https:\/\/www.facebook.com\/sharer.php?u=https:\/\/radiorevelacionfm.cl\/?p=60629&#038;t=UAys%C3%A9n%20fortalece%20su%20Red%20Alumni%20con%20segundo%20encuentro' aria-hidden='false' data-av_icon='\ue8f3' data-av_iconfont='entypo-fontello' title='' data-avia-related-tooltip='Compartir en Facebook' rel=\"noopener\"><span class='avia_hidden_link_text'>Compartir en Facebook<\/span><\/a><\/li><li class='av-share-link av-social-link-twitter' ><a target=\"_blank\" aria-label=\"Compartir en Twitter\" href='https:\/\/twitter.com\/share?text=UAys%C3%A9n%20fortalece%20su%20Red%20Alumni%20con%20segundo%20encuentro&#038;url=https:\/\/radiorevelacionfm.cl\/?p=60629' aria-hidden='false' data-av_icon='\ue8f1' data-av_iconfont='entypo-fontello' title='' data-avia-related-tooltip='Compartir en Twitter' rel=\"noopener\"><span class='avia_hidden_link_text'>Compartir en Twitter<\/span><\/a><\/li><li class='av-share-link av-social-link-whatsapp' ><a target=\"_blank\" aria-label=\"Compartir en Whatsapp\" href='https:\/\/api.whatsapp.com\/send?text=https:\/\/radiorevelacionfm.cl\/?p=60629' aria-hidden='false' data-av_icon='\uf232' data-av_iconfont='entypo-fontello' title='' data-avia-related-tooltip='Compartir en Whatsapp' rel=\"noopener\"><span class='avia_hidden_link_text'>Compartir en Whatsapp<\/span><\/a><\/li><li class='av-share-link av-social-link-linkedin' ><a target=\"_blank\" aria-label=\"Compartir en LinkedIn\" href='https:\/\/linkedin.com\/shareArticle?mini=true&#038;title=UAys%C3%A9n%20fortalece%20su%20Red%20Alumni%20con%20segundo%20encuentro&#038;url=https:\/\/radiorevelacionfm.cl\/?p=60629' aria-hidden='false' data-av_icon='\ue8fc' data-av_iconfont='entypo-fontello' title='' data-avia-related-tooltip='Compartir en LinkedIn' rel=\"noopener\"><span class='avia_hidden_link_text'>Compartir en LinkedIn<\/span><\/a><\/li><li class='av-share-link av-social-link-mail' ><a  aria-label=\"Compartir por correo\" href='mailto:?subject=UAys%C3%A9n%20fortalece%20su%20Red%20Alumni%20con%20segundo%20encuentro&#038;body=https:\/\/radiorevelacionfm.cl\/?p=60629' aria-hidden='false' data-av_icon='\ue805' data-av_iconfont='entypo-fontello' title='' data-avia-related-tooltip='Compartir por correo'><span class='avia_hidden_link_text'>Compartir por correo<\/span><\/a><\/li><\/ul><\/div><\/div>\n<div  style='height:50px' class='hr hr-invisible   avia-builder-el-8  el_after_av_social_share  el_before_av_comments_list '><span class='hr-inner ' ><span class='hr-inner-style'><\/span><\/span><\/div>\n<div  class='av-buildercomment  av-blog-meta-html-info-disabled av-blog-meta-tag-disabled  '><\/div>\n","protected":false},"excerpt":{"rendered":"","protected":false},"author":1,"featured_media":60630,"comment_status":"closed","ping_status":"closed","sticky":false,"template":"","format":"standard","meta":{"footnotes":""},"categories":[49],"tags":[],"class_list":["post-60629","post","type-post","status-publish","format-standard","has-post-thumbnail","hentry","category-educacion"],"jetpack_featured_media_url":"https:\/\/radiorevelacionfm.cl\/wp-content\/uploads\/2025\/10\/dsc00008-1_optimized.jpg","_links":{"self":[{"href":"https:\/\/radiorevelacionfm.cl\/index.php?rest_route=\/wp\/v2\/posts\/60629","targetHints":{"allow":["GET"]}}],"collection":[{"href":"https:\/\/radiorevelacionfm.cl\/index.php?rest_route=\/wp\/v2\/posts"}],"about":[{"href":"https:\/\/radiorevelacionfm.cl\/index.php?rest_route=\/wp\/v2\/types\/post"}],"author":[{"embeddable":true,"href":"https:\/\/radiorevelacionfm.cl\/index.php?rest_route=\/wp\/v2\/users\/1"}],"replies":[{"embeddable":true,"href":"https:\/\/radiorevelacionfm.cl\/index.php?rest_route=%2Fwp%2Fv2%2Fcomments&post=60629"}],"version-history":[{"count":2,"href":"https:\/\/radiorevelacionfm.cl\/index.php?rest_route=\/wp\/v2\/posts\/60629\/revisions"}],"predecessor-version":[{"id":60632,"href":"https:\/\/radiorevelacionfm.cl\/index.php?rest_route=\/wp\/v2\/posts\/60629\/revisions\/60632"}],"wp:featuredmedia":[{"embeddable":true,"href":"https:\/\/radiorevelacionfm.cl\/index.php?rest_route=\/wp\/v2\/media\/60630"}],"wp:attachment":[{"href":"https:\/\/radiorevelacionfm.cl\/index.php?rest_route=%2Fwp%2Fv2%2Fmedia&parent=60629"}],"wp:term":[{"taxonomy":"category","embeddable":true,"href":"https:\/\/radiorevelacionfm.cl\/index.php?rest_route=%2Fwp%2Fv2%2Fcategories&post=60629"},{"taxonomy":"post_tag","embeddable":true,"href":"https:\/\/radiorevelacionfm.cl\/index.php?rest_route=%2Fwp%2Fv2%2Ftags&post=60629"}],"curies":[{"name":"wp","href":"https:\/\/api.w.org\/{rel}","templated":true}]}}