{"id":60625,"date":"2025-10-22T15:59:20","date_gmt":"2025-10-22T18:59:20","guid":{"rendered":"https:\/\/radiorevelacionfm.cl\/?p=60625"},"modified":"2025-10-22T15:59:20","modified_gmt":"2025-10-22T18:59:20","slug":"mesa-de-educacion-sostenible-invita-a-feria-ciudadana-el-futuro-se-disena-hoy","status":"publish","type":"post","link":"https:\/\/radiorevelacionfm.cl\/?p=60625","title":{"rendered":"Mesa de educaci\u00f3n sostenible invita a feria ciudadana: \u201cEl futuro se dise\u00f1a hoy\u201d"},"content":{"rendered":"<div class=\"flex_column av_one_full  flex_column_div av-zero-column-padding first  avia-builder-el-0  el_before_av_one_full  avia-builder-el-first  \" style='border-radius:0px; '><div  class='avia-image-container  av-styling-    avia-builder-el-1  avia-builder-el-no-sibling  avia-align-center '  itemprop=\"image\" itemscope=\"itemscope\" itemtype=\"https:\/\/schema.org\/ImageObject\"  ><div class='avia-image-container-inner'><div class='avia-image-overlay-wrap'><img decoding=\"async\" class='wp-image-60626 avia-img-lazy-loading-not-60626 avia_image' src=\"https:\/\/radiorevelacionfm.cl\/wp-content\/uploads\/2025\/10\/feria_aysen_tw-1-1_optimized.jpg\" alt='' title='feria_aysen_tw-(1)-(1)_optimized' height=\"600\" width=\"933\"  itemprop=\"thumbnailUrl\" srcset=\"https:\/\/radiorevelacionfm.cl\/wp-content\/uploads\/2025\/10\/feria_aysen_tw-1-1_optimized.jpg 933w, https:\/\/radiorevelacionfm.cl\/wp-content\/uploads\/2025\/10\/feria_aysen_tw-1-1_optimized-300x193.jpg 300w, https:\/\/radiorevelacionfm.cl\/wp-content\/uploads\/2025\/10\/feria_aysen_tw-1-1_optimized-768x494.jpg 768w, https:\/\/radiorevelacionfm.cl\/wp-content\/uploads\/2025\/10\/feria_aysen_tw-1-1_optimized-705x453.jpg 705w, https:\/\/radiorevelacionfm.cl\/wp-content\/uploads\/2025\/10\/feria_aysen_tw-1-1_optimized-450x289.jpg 450w, https:\/\/radiorevelacionfm.cl\/wp-content\/uploads\/2025\/10\/feria_aysen_tw-1-1_optimized-600x386.jpg 600w\" sizes=\"(max-width: 933px) 100vw, 933px\" \/><\/div><\/div><\/div><\/div><div class=\"flex_column av_one_full  flex_column_div av-zero-column-padding first  avia-builder-el-2  el_after_av_one_full  el_before_av_one_full  column-top-margin\" style='border-radius:0px; '><section class=\"av_textblock_section \"  itemscope=\"itemscope\" itemtype=\"https:\/\/schema.org\/BlogPosting\" itemprop=\"blogPost\" ><div class='avia_textblock  '   itemprop=\"text\" ><p style=\"text-align: center;\"><strong><span style=\"font-size: 18pt;\">Mesa de educaci\u00f3n sostenible invita a feria ciudadana: \u201cEl futuro se dise\u00f1a hoy\u201d<\/span><\/strong><\/p>\n<div id=\"gtx-trans\" style=\"position: absolute; left: -50px; top: 4.31534px;\">\n<div class=\"gtx-trans-icon\"><\/div>\n<\/div>\n<\/div><\/section><\/div><div class=\"flex_column av_one_full  flex_column_div av-zero-column-padding first  avia-builder-el-4  el_after_av_one_full  el_before_av_hr  column-top-margin\" style='border-radius:0px; '><section class=\"av_textblock_section \"  itemscope=\"itemscope\" itemtype=\"https:\/\/schema.org\/BlogPosting\" itemprop=\"blogPost\" ><div class='avia_textblock  '   itemprop=\"text\" ><p style=\"text-align: justify;\">En el marco del plan de trabajo 2025 de la Mesa Ays\u00e9n de la Pol\u00edtica Nacional de Educaci\u00f3n para el Desarrollo Sustentable PNEDS, y en coherencia con los principios de la Agenda 2030, se desarrollar\u00e1 la\u202fFeria de Desarrollo Sostenible 2025: \u201cEl futuro se dise\u00f1a hoy\u201d.<\/p>\n<p style=\"text-align: justify;\">El evento abierto a la comunidad, busca promover la educaci\u00f3n para la sostenibilidad, abordando de manera transversal los\u202fObjetivos de Desarrollo Sostenible ODS a trav\u00e9s de la exposici\u00f3n de cerca de 50 stands de servicios p\u00fablicos, emprendedores, organizaciones no gubernamentales y empresas.<\/p>\n<p style=\"text-align: justify;\">La mesa PNEDS que re\u00fane a representantes de 18 organizaciones voluntarias, es coordinada por la\u202fSeremi del Medio Ambiente, quien articula la gesti\u00f3n intersectorial en materia de educaci\u00f3n ambiental, generando espacios de encuentro que fomentan una ciudadan\u00eda activa, consciente y comprometida con el desarrollo sostenible del territorio.<\/p>\n<p style=\"text-align: justify;\">\u201cLes tenemos una tremenda invitaci\u00f3n para este viernes porque vamos a llevar adelante nuestra feria en el marco de la Mesa para la Educaci\u00f3n para el Desarrollo Sostenible. Tendremos m\u00e1s de 50 stands y vamos a tener las calles disponibles para que ustedes puedan utilizarlas, ir en bicicleta con la familia para que todos puedan ser parte de este tremendo espacio para aprender y conocer el trabajo que estamos realizando respecto al desarrollo sustentable en Ays\u00e9n\u201d, declar\u00f3 el Seremi del Medio Ambiente, Yoal D\u00edaz.<\/p>\n<p style=\"text-align: justify;\">As\u00ed tambi\u00e9n, la representante de Aguas Patagonia, organizaci\u00f3n que actualmente preside la mesa, Anita Oyarz\u00fan, reiter\u00f3 la invitaci\u00f3n a la comunidad a participar de la instancia ciudadana, \u201cporque el desarrollo sostenible se construye con conciencia, equidad y compromiso\u201d, agreg\u00f3.<\/p>\n<p style=\"text-align: justify;\">La Feria de Desarrollo Sostenible 2025 representa un\u202fhito regional significativo. La participaci\u00f3n de cerca de 50 colaboradores, confirma el inter\u00e9s colectivo por fortalecer la educaci\u00f3n para la sostenibilidad. Esta instancia permite visibilizar buenas pr\u00e1cticas, fomentar el di\u00e1logo y consolidar redes colaborativas, contribuyendo as\u00ed a una transformaci\u00f3n social con pertinencia local y respeto por el entorno.<\/p>\n<p style=\"text-align: justify;\">\u201cEn esta feria ciudadana participar\u00e1n muchas organizaciones e instituciones que est\u00e1n apostando por un desarrollo m\u00e1s justo, equitativo y sostenible a trav\u00e9s de la implementaci\u00f3n de los Objetivos de Desarrollo Sostenible. As\u00ed que los dejamos invitados. Estar\u00e1 muy interesante, con muchas actividades, as\u00ed que bienvenidos todos y todas a ser parte de esta gran feria ciudadana\u201d, declar\u00f3 la coordinadora de Comunidades Portal, Florencia Ben\u00edtez.<\/p>\n<p style=\"text-align: justify;\">Los organizadores reiteraron que la jornada comenzar\u00e1 a las 10:00 de la ma\u00f1ana y se extender\u00e1 hasta las 18:00 hrs.\u00a0 en la\u202fPlaza de Armas de Coyhaique.<\/p>\n<p style=\"text-align: justify;\">La Mesa Ays\u00e9n PNEDS se conform\u00f3 el a\u00f1o 2005 buscado fortalecer el trabajo intersectorial potenciando las alianzas y generaci\u00f3n de redes en torno al objetivo de la promoci\u00f3n de la educaci\u00f3n para el desarrollo sustentable. Actualmente es integrada por el Gobierno Regional de Ays\u00e9n, las SEREMIS de Medio Ambiente, Salud, de Energ\u00eda, Direcci\u00f3n Provincial de Educaci\u00f3n, CONAF, PAR EXPLORA Campus Patagonia UACH, Municipalidad de Coyhaique, Municipalidad de Ays\u00e9n, Corporaci\u00f3n Patagonia Viva, Aqua Chile, Aguas Patagonia, Servicio Local de Educaci\u00f3n P\u00fablica (SLEP), Patagonia Sostenible, Comunidades Portal, Agrupaci\u00f3n Social y Cultural Destellos de Energ\u00eda, Agencia OM \u2013 Radio Ventisqueros y T\u00e9rmica Austral.<\/p>\n<\/div><\/section><\/div><div  style='height:50px' class='hr hr-invisible   avia-builder-el-6  el_after_av_one_full  el_before_av_social_share '><span class='hr-inner ' ><span class='hr-inner-style'><\/span><\/span><\/div><\/p>\n<div  class='av-social-sharing-box  avia-builder-el-7  el_after_av_hr  el_before_av_hr  '><div class='av-share-box'><h5 class='av-share-link-description av-no-toc '>Compartir esta noticia<\/h5><ul class='av-share-box-list noLightbox'><li class='av-share-link av-social-link-facebook' ><a target=\"_blank\" aria-label=\"Compartir en Facebook\" href='https:\/\/www.facebook.com\/sharer.php?u=https:\/\/radiorevelacionfm.cl\/?p=60625&#038;t=Mesa%20de%20educaci%C3%B3n%20sostenible%20invita%20a%20feria%20ciudadana%3A%20%E2%80%9CEl%20futuro%20se%20dise%C3%B1a%20hoy%E2%80%9D' aria-hidden='false' data-av_icon='\ue8f3' data-av_iconfont='entypo-fontello' title='' data-avia-related-tooltip='Compartir en Facebook' rel=\"noopener\"><span class='avia_hidden_link_text'>Compartir en Facebook<\/span><\/a><\/li><li class='av-share-link av-social-link-twitter' ><a target=\"_blank\" aria-label=\"Compartir en Twitter\" href='https:\/\/twitter.com\/share?text=Mesa%20de%20educaci%C3%B3n%20sostenible%20invita%20a%20feria%20ciudadana%3A%20%E2%80%9CEl%20futuro%20se%20dise%C3%B1a%20hoy%E2%80%9D&#038;url=https:\/\/radiorevelacionfm.cl\/?p=60625' aria-hidden='false' data-av_icon='\ue8f1' data-av_iconfont='entypo-fontello' title='' data-avia-related-tooltip='Compartir en Twitter' rel=\"noopener\"><span class='avia_hidden_link_text'>Compartir en Twitter<\/span><\/a><\/li><li class='av-share-link av-social-link-whatsapp' ><a target=\"_blank\" aria-label=\"Compartir en Whatsapp\" href='https:\/\/api.whatsapp.com\/send?text=https:\/\/radiorevelacionfm.cl\/?p=60625' aria-hidden='false' data-av_icon='\uf232' data-av_iconfont='entypo-fontello' title='' data-avia-related-tooltip='Compartir en Whatsapp' rel=\"noopener\"><span class='avia_hidden_link_text'>Compartir en Whatsapp<\/span><\/a><\/li><li class='av-share-link av-social-link-linkedin' ><a target=\"_blank\" aria-label=\"Compartir en LinkedIn\" href='https:\/\/linkedin.com\/shareArticle?mini=true&#038;title=Mesa%20de%20educaci%C3%B3n%20sostenible%20invita%20a%20feria%20ciudadana%3A%20%E2%80%9CEl%20futuro%20se%20dise%C3%B1a%20hoy%E2%80%9D&#038;url=https:\/\/radiorevelacionfm.cl\/?p=60625' aria-hidden='false' data-av_icon='\ue8fc' data-av_iconfont='entypo-fontello' title='' data-avia-related-tooltip='Compartir en LinkedIn' rel=\"noopener\"><span class='avia_hidden_link_text'>Compartir en LinkedIn<\/span><\/a><\/li><li class='av-share-link av-social-link-mail' ><a  aria-label=\"Compartir por correo\" href='mailto:?subject=Mesa%20de%20educaci%C3%B3n%20sostenible%20invita%20a%20feria%20ciudadana%3A%20%E2%80%9CEl%20futuro%20se%20dise%C3%B1a%20hoy%E2%80%9D&#038;body=https:\/\/radiorevelacionfm.cl\/?p=60625' aria-hidden='false' data-av_icon='\ue805' data-av_iconfont='entypo-fontello' title='' data-avia-related-tooltip='Compartir por correo'><span class='avia_hidden_link_text'>Compartir por correo<\/span><\/a><\/li><\/ul><\/div><\/div>\n<div  style='height:50px' class='hr hr-invisible   avia-builder-el-8  el_after_av_social_share  el_before_av_comments_list '><span class='hr-inner ' ><span class='hr-inner-style'><\/span><\/span><\/div>\n<div  class='av-buildercomment  av-blog-meta-html-info-disabled av-blog-meta-tag-disabled  '><\/div>\n","protected":false},"excerpt":{"rendered":"","protected":false},"author":1,"featured_media":60626,"comment_status":"closed","ping_status":"closed","sticky":false,"template":"","format":"standard","meta":{"footnotes":""},"categories":[39],"tags":[],"class_list":["post-60625","post","type-post","status-publish","format-standard","has-post-thumbnail","hentry","category-medio-ambiente"],"jetpack_featured_media_url":"https:\/\/radiorevelacionfm.cl\/wp-content\/uploads\/2025\/10\/feria_aysen_tw-1-1_optimized.jpg","_links":{"self":[{"href":"https:\/\/radiorevelacionfm.cl\/index.php?rest_route=\/wp\/v2\/posts\/60625","targetHints":{"allow":["GET"]}}],"collection":[{"href":"https:\/\/radiorevelacionfm.cl\/index.php?rest_route=\/wp\/v2\/posts"}],"about":[{"href":"https:\/\/radiorevelacionfm.cl\/index.php?rest_route=\/wp\/v2\/types\/post"}],"author":[{"embeddable":true,"href":"https:\/\/radiorevelacionfm.cl\/index.php?rest_route=\/wp\/v2\/users\/1"}],"replies":[{"embeddable":true,"href":"https:\/\/radiorevelacionfm.cl\/index.php?rest_route=%2Fwp%2Fv2%2Fcomments&post=60625"}],"version-history":[{"count":2,"href":"https:\/\/radiorevelacionfm.cl\/index.php?rest_route=\/wp\/v2\/posts\/60625\/revisions"}],"predecessor-version":[{"id":60628,"href":"https:\/\/radiorevelacionfm.cl\/index.php?rest_route=\/wp\/v2\/posts\/60625\/revisions\/60628"}],"wp:featuredmedia":[{"embeddable":true,"href":"https:\/\/radiorevelacionfm.cl\/index.php?rest_route=\/wp\/v2\/media\/60626"}],"wp:attachment":[{"href":"https:\/\/radiorevelacionfm.cl\/index.php?rest_route=%2Fwp%2Fv2%2Fmedia&parent=60625"}],"wp:term":[{"taxonomy":"category","embeddable":true,"href":"https:\/\/radiorevelacionfm.cl\/index.php?rest_route=%2Fwp%2Fv2%2Fcategories&post=60625"},{"taxonomy":"post_tag","embeddable":true,"href":"https:\/\/radiorevelacionfm.cl\/index.php?rest_route=%2Fwp%2Fv2%2Ftags&post=60625"}],"curies":[{"name":"wp","href":"https:\/\/api.w.org\/{rel}","templated":true}]}}